{"id":9138,"date":"2024-05-07T17:45:10","date_gmt":"2024-05-07T16:45:10","guid":{"rendered":"http:\/\/www.terres-et-seigneurs-en-donziais.fr\/?p=9138"},"modified":"2024-05-17T13:32:25","modified_gmt":"2024-05-17T12:32:25","slug":"la-pote-dasnois","status":"publish","type":"post","link":"http:\/\/www.terres-et-seigneurs-en-donziais.fr\/?p=9138","title":{"rendered":"La \u00ab\u00a0p\u00f4t\u00e9 d&rsquo;Asnois\u00a0\u00bb"},"content":{"rendered":"<p style=\"text-align: center;\"><span style=\"font-size: 10pt; color: #3366ff;\"><em>(Illustration : les armes des Blanchefort, sgrs d&rsquo;Asnois)<\/em><\/span><\/p>\n<p><span style=\"color: #0000ff;\"><strong>\u00ab\u00a0<em>Pourquoi ne traitez-vous pas de l\u2019histoire d\u2019Asnois, qui est pourtant cit\u00e9 dans l\u2019Inventaire des Titres de Nevers comme appartenant \u00e0 la baronnie de Donzy ?<\/em>\u00a0\u00bb, <\/strong>nous demande un visiteur document\u00e9.<\/span><\/p>\n<p><span style=\"color: #0000ff;\">On lit en effet dans cet irrempla\u00e7able ouvrage\u00a0: \u00ab\u00a0<em>1403, mardi 5 juin. \u2013 Noble seigneur Jean de Saint-Verain, ecr, sgr d\u2019Asnois, en la baronnie de Donzy, vend \u00e0 Jean du Coulombier la ch\u00e2tellenie d\u2019Asnois\u2026.etc<\/em>.\u00a0\u00bb (p. 687)<\/span><\/p>\n<p><span style=\"color: #0000ff;\">Pourtant ce modeste village, dont le ch\u00e2teau reconstruit au XVII\u00e8me si\u00e8cle domine <strong>la vall\u00e9e de l\u2019Yonne en amont de Clamecy<\/strong>, est situ\u00e9 assez loin des limites traditionnellement admises de notre baronnie. Voyez notre article \u00e0 ce sujet : <strong><em><a href=\"http:\/\/www.terres-et-seigneurs-en-donziais.fr\/?p=3976\" target=\"_blank\" rel=\"noopener\">Les limites de l&rsquo;ancien Donziais<\/a><\/em><\/strong>. D\u2019autre part, plusieurs actes rappellent que le fief d\u2019Asnois \u00e9tait \u00ab <strong><em>mouvant de Saint-Verain<\/em> <\/strong>\u00bb. Il en avait \u00e9t\u00e9 d\u00e9tach\u00e9 au XII\u00e8me si\u00e8cle avec plusieurs arri\u00e8re-fiefs, comme apanage d\u2019un cadet de cette antique maison. Voyez \u00e0 ce sujet la page consacr\u00e9e \u00e0 <a href=\"http:\/\/www.terres-et-seigneurs-en-donziais.fr\/?page_id=531\" target=\"_blank\" rel=\"noopener\"><em><strong>La baronnie de Saint-Verain<\/strong>. <\/em><\/a><\/span><span style=\"color: #0000ff;\">Le notaire du comte de Nevers ou son ma\u00eetre des comptes auraient-ils fait une erreur dans cet acte en pla\u00e7ant Asnois en Donziais, \u00e0 moins que ce ne soit le transcripteur de l\u2019abb\u00e9 de Marolles\u00a0?<\/span><\/p>\n<p><span style=\"color: #0000ff;\">Il est vrai que l\u2019\u00e9tude syst\u00e8me f\u00e9odal n\u2019a rien d\u2019une science exacte : certains de ses m\u00e9canismes et les traces qu\u2019ils ont laiss\u00e9es peuvent \u00e9chapper \u00e0 notre compr\u00e9hension moderne et rationnelle. Saint-Verain, dont le territoire jouxtait Cosne et la Puisaye donziaise, et dont les arri\u00e8re-fiefs s\u2019entrem\u00ealaient avec ceux de Donzy aux portes m\u00eame de la cit\u00e9, relevait f\u00e9odalement de l\u2019\u00e9v\u00eaque d\u2019Auxerre, mais n\u2019appartenait pas comme Donzy aux comtes de Nevers. Ils voulurent y rem\u00e9dier. Profitant d\u2019une indivision complexe de la baronnie, aggrav\u00e9e par la Guerre de Cent ans, peut-\u00eatre avaient-ils obtenu du roi son rattachement, avant d\u2019en acqu\u00e9rir successivement les morceaux \u00e9pars au XV\u00e8me si\u00e8cle.<\/span><\/p>\n<p><span style=\"color: #0000ff;\"><strong>Quoiqu\u2019il en soit, pour donner suite \u00e0 cette int\u00e9ressante question, nous n\u2019avons pas r\u00e9sist\u00e9 au plaisir d\u2019\u00e9tudier la d\u00e9volution d\u2019Asnois au fil des si\u00e8cles<\/strong>. Elle nous fait retrouver des lign\u00e9es famili\u00e8res : les <strong>Saint-Verain<\/strong> bien s\u00fbr, singularis\u00e9s par le surnom guerrier de \u00ab<strong> Rongefer<\/strong> \u00bb, mais aussi les vieux <strong>Damas<\/strong>, les <strong>b\u00e2tards de Cl\u00e8ves<\/strong>, les <strong>Salazar<\/strong> venus d\u2019Espagne, les <strong>Blanchefort<\/strong> pendant deux si\u00e8cles, et une branche des <strong>Le Muet<\/strong> enfin, \u00e0 la veille de la R\u00e9volution.<\/span><\/p>\n<p><span style=\"color: #0000ff;\">Asnois a \u00e9t\u00e9 s\u00e9par\u00e9 en deux sous-ensembles pendant deux si\u00e8cles par la vente de sa majeure partie \u00e0 un seigneur \u00e9tranger \u00e0 la r\u00e9gion. Le vieux ch\u00e2teau quant \u00e0 lui et une partie du fief \u2013 \u00ab<strong>\u00a0<em>Asnois-le-Ch\u00e2teau<\/em><\/strong>\u00a0\u00bb &#8211; se sont transmis fid\u00e8lement par h\u00e9ritage sur 19 g\u00e9n\u00e9rations des Rongefer aux Blanchefort. L\u2019autre partie &#8211; \u00ab\u00a0<strong><em>Asnois-le-Bourg<\/em><\/strong>\u00a0\u00bb &#8211; et ses arri\u00e8re-fiefs alentour, avec son propre logis seigneurial dans le village, fut revendue et finalement r\u00e9unie \u00e0 la premi\u00e8re par une alliance, permettant l\u2019\u00e9rection d\u2019Asnois en baronnie en 1606.<\/span><\/p>\n<p><span style=\"color: #0000ff;\">A l\u2019instar de Suilly-la-Tour \u2013 voyez notre article sur \u00ab\u00a0<a href=\"http:\/\/www.terres-et-seigneurs-en-donziais.fr\/?p=8071\" target=\"_blank\" rel=\"noopener\"><em><strong>La P\u00f4t\u00e9 de Suilly<\/strong><\/em>\u00a0<\/a>\u00bb &#8211; Asnois et ses arri\u00e8re-fiefs constituaient une \u00ab\u00a0<em><strong>p\u00f4t\u00e9<\/strong>\u00a0<\/em>\u00bb, du latin \u00ab\u00a0<em>potestas\u00a0<\/em>\u00bb, c\u2019est-\u00e0-dire un ensemble territorial comprenant plusieurs fiefs et villages, dont le seigneur exer\u00e7ait son pouvoir sur des habitants rest\u00e9s de condition serve. Des actes tardifs mentionnent encore la \u00ab <strong><em>baronnie et post\u00e9 d\u2019Asnois<\/em>\u00a0<\/strong>\u00bb comme si cet objet f\u00e9odal mal identifi\u00e9 conservait une existence, alors que le sire d&rsquo;Asnois avait affranchi <em>ses<\/em> serfs en 1304. La p\u00f4t\u00e9 comprenait notamment\u00a0<strong>Asnois<\/strong>, <strong>Amazy<\/strong>, <strong>Saligny<\/strong> (Amazy), <strong>Bidon<\/strong> (Amazy), <strong>St-Germain-des-Bois<\/strong> et <strong>Thurigny<\/strong> (St-Germain), soit une bande d\u2019une dizaine de kilom\u00e8tres d\u2019est en ouest.<\/span><\/p>\n<p><span style=\"color: #0000ff;\">A Suilly, Bossuat avait rep\u00e9r\u00e9 les droits des habitants de la p\u00f4t\u00e9 sur des bois, subsistant jusqu\u2019\u00e0 la R\u00e9volution. Sans doute des traces de cette ancienne structure f\u00e9odale existaient-elles \u00e9galement \u00e0 Asnois.<\/span><\/p>\n<p><span style=\"color: #0000ff;\">On ne conna\u00eet qu\u2019un troisi\u00e8me exemple de p\u00f4t\u00e9\u00a0: celle de<strong><em> la Madeleine de V\u00e9zelay<\/em><\/strong>, appartenant \u00e0 la grande abbaye.<\/span><\/p>\n<p><span style=\"color: #0000ff;\">Ce statut h\u00e9rit\u00e9 de temps imm\u00e9moriaux pouvait \u00eatre li\u00e9 \u00e0 l\u2019existence dans les sites en question d\u2019une villa gallo-romaine \u00e0 laquelle un \u00e9tablissement religieux avait succ\u00e9d\u00e9. C\u2019\u00e9tait sans doute le cas \u00e0 Suilly\u00a0: <a href=\"http:\/\/www.terres-et-seigneurs-en-donziais.fr\/?p=82\" target=\"_blank\" rel=\"noopener\"><em><strong>Vergers<\/strong><\/em><\/a> \u2013 un domaine familial de Saint Germain o\u00f9 la pr\u00e9sence d\u2019une \u00e9glise primitive est attest\u00e9e par la Geste des Ev\u00eaques d\u2019Auxerre &#8211; apparaissait bien comme le centre de la p\u00f4t\u00e9.<\/span><\/p>\n<p><span style=\"color: #0000ff;\">L\u2019origine d\u2019Asnois remonte effectivement \u00e0 la fondation d\u2019un prieur\u00e9 d\u00e9pendant de Saint-Martin-de-Nevers \u00e9tabli \u00e0 l\u2019emplacement d\u2019une ancienne villa. Les seigneurs d\u2019Asnois-le-Ch\u00e2teau et d\u2019Asnois-le-Bourg, du temps de leur s\u00e9paration, se partageaient les honneurs de la belle \u00e9glise Saint-Loup qui a succ\u00e9d\u00e9 \u00e0 l\u2019\u00e9difice primitif : on appelait l\u2019un le \u00ab seigneur de la messe \u00bb, et l\u2019autre le \u00ab seigneur des v\u00eapres<em>\u00a0<\/em>\u00bb.<\/span><\/p>\n<p><span style=\"color: #0000ff;\">L\u2019histoire d\u2019Asnois est tr\u00e8s bien document\u00e9e par un manuscrit reli\u00e9 du XVIII\u00e8me si\u00e8cle intitul\u00e9 :\u00a0\u00ab\u00a0<strong><a href=\"https:\/\/archives.nievre.fr\/ark:\/60877\/cqx2k58trhfs\/1e282859-fa23-46b1-926c-a2beeadc27ff\" target=\"_blank\" rel=\"noopener\"><em>Histoire g\u00e9n\u00e9alogique et chronologique des sires d&rsquo;Asnois depuis l&rsquo;an 1258 jusqu&rsquo;en 1737, dress\u00e9e sur les titres du thr\u00e9sor du ch\u00e2teau d&rsquo;Asnois et autres preuves tir\u00e9es de l&rsquo;histoire et des anciens manuscrits<\/em>\u00a0<\/a><\/strong>\u00bb. Il est d\u00e9di\u00e9 au dernier marquis de Blanchefort et illustr\u00e9 en frontispice de ses armes\u00a0:\u00a0\u00ab\u00a0<em>D\u2019or \u00e0 deux l\u00e9opards de gueules, l\u2019un sur l\u2019autre<\/em> \u00bb. Il d\u00e9veloppe abondamment la g\u00e9n\u00e9alogie de cette famille issue des anciens vicomtes de Comborn en Auvergne, mais traite aussi de tous les seigneurs d\u2019Asnois successifs et de leurs alliances, le tout agr\u00e9ment\u00e9 de belles illustrations h\u00e9raldiques. Il a \u00e9t\u00e9 achet\u00e9 par les Archives d\u00e9partementales de la Ni\u00e8vre et est accessible en ligne (lien ci-dessus).<\/span><\/p>\n<p><span style=\"color: #0000ff;\"><strong>Voyez dans la notice ci-dessous qui furent les seigneurs puis les barons d\u2019Asnois et ne manquez pas de nous faire part de vos remarques.<\/strong><\/span><\/p>\n<p style=\"text-align: center;\"><em><strong><span style=\"font-size: 18pt;\"><a href=\"http:\/\/www.terres-et-seigneurs-en-donziais.fr\/wp-content\/uploads\/2024\/05\/Asnois.pdf\">Asnois <\/a><\/span><\/strong><span style=\"font-size: 14pt;\"><a href=\"http:\/\/www.terres-et-seigneurs-en-donziais.fr\/wp-content\/uploads\/2024\/05\/Asnois.pdf\" target=\"_blank\" rel=\"noopener\">(V1 du 4 mai 2024)<\/a><\/span><\/em><\/p>\n<p><a href=\"http:\/\/www.terres-et-seigneurs-en-donziais.fr\/wp-content\/uploads\/2023\/10\/D-enlumine-2023.jpeg\"><img decoding=\"async\" loading=\"lazy\" class=\" wp-image-8911\" src=\"http:\/\/www.terres-et-seigneurs-en-donziais.fr\/wp-content\/uploads\/2023\/10\/D-enlumine-2023-300x275.jpeg\" alt=\"\" width=\"148\" height=\"135\" srcset=\"http:\/\/www.terres-et-seigneurs-en-donziais.fr\/wp-content\/uploads\/2023\/10\/D-enlumine-2023-300x275.jpeg 300w, http:\/\/www.terres-et-seigneurs-en-donziais.fr\/wp-content\/uploads\/2023\/10\/D-enlumine-2023.jpeg 400w\" sizes=\"(max-width: 148px) 100vw, 148px\" \/><\/a><\/p>\n","protected":false},"excerpt":{"rendered":"<p>(Illustration : les armes des Blanchefort, sgrs d&rsquo;Asnois) \u00ab\u00a0Pourquoi ne traitez-vous pas de l\u2019histoire d\u2019Asnois, qui est pourtant cit\u00e9 dans l\u2019Inventaire des Titres de Nevers comme appartenant \u00e0 la baronnie de Donzy ?\u00a0\u00bb, nous demande un visiteur document\u00e9. On lit en effet dans cet irrempla\u00e7able ouvrage\u00a0: \u00ab\u00a01403, mardi 5 juin. \u2013 Noble seigneur Jean de &hellip; <a href=\"http:\/\/www.terres-et-seigneurs-en-donziais.fr\/?p=9138\" class=\"more-link\">Continuer la lecture de <span class=\"screen-reader-text\">La \u00ab\u00a0p\u00f4t\u00e9 d&rsquo;Asnois\u00a0\u00bb<\/span> <span class=\"meta-nav\">&rarr;<\/span><\/a><\/p>\n","protected":false},"author":1,"featured_media":9147,"comment_status":"open","ping_status":"open","sticky":false,"template":"","format":"standard","meta":[],"categories":[44,5,1],"tags":[866,208,1176,1175,661,1035,198,1177,127,971],"_links":{"self":[{"href":"http:\/\/www.terres-et-seigneurs-en-donziais.fr\/index.php?rest_route=\/wp\/v2\/posts\/9138"}],"collection":[{"href":"http:\/\/www.terres-et-seigneurs-en-donziais.fr\/index.php?rest_route=\/wp\/v2\/posts"}],"about":[{"href":"http:\/\/www.terres-et-seigneurs-en-donziais.fr\/index.php?rest_route=\/wp\/v2\/types\/post"}],"author":[{"embeddable":true,"href":"http:\/\/www.terres-et-seigneurs-en-donziais.fr\/index.php?rest_route=\/wp\/v2\/users\/1"}],"replies":[{"embeddable":true,"href":"http:\/\/www.terres-et-seigneurs-en-donziais.fr\/index.php?rest_route=%2Fwp%2Fv2%2Fcomments&post=9138"}],"version-history":[{"count":10,"href":"http:\/\/www.terres-et-seigneurs-en-donziais.fr\/index.php?rest_route=\/wp\/v2\/posts\/9138\/revisions"}],"predecessor-version":[{"id":9157,"href":"http:\/\/www.terres-et-seigneurs-en-donziais.fr\/index.php?rest_route=\/wp\/v2\/posts\/9138\/revisions\/9157"}],"wp:featuredmedia":[{"embeddable":true,"href":"http:\/\/www.terres-et-seigneurs-en-donziais.fr\/index.php?rest_route=\/wp\/v2\/media\/9147"}],"wp:attachment":[{"href":"http:\/\/www.terres-et-seigneurs-en-donziais.fr\/index.php?rest_route=%2Fwp%2Fv2%2Fmedia&parent=9138"}],"wp:term":[{"taxonomy":"category","embeddable":true,"href":"http:\/\/www.terres-et-seigneurs-en-donziais.fr\/index.php?rest_route=%2Fwp%2Fv2%2Fcategories&post=9138"},{"taxonomy":"post_tag","embeddable":true,"href":"http:\/\/www.terres-et-seigneurs-en-donziais.fr\/index.php?rest_route=%2Fwp%2Fv2%2Ftags&post=9138"}],"curies":[{"name":"wp","href":"https:\/\/api.w.org\/{rel}","templated":true}]}}