{"id":8908,"date":"2023-10-07T09:21:14","date_gmt":"2023-10-07T08:21:14","guid":{"rendered":"http:\/\/www.terres-et-seigneurs-en-donziais.fr\/?p=8908"},"modified":"2023-11-08T14:30:08","modified_gmt":"2023-11-08T13:30:08","slug":"les-couez-a-champlemy","status":"publish","type":"post","link":"http:\/\/www.terres-et-seigneurs-en-donziais.fr\/?p=8908","title":{"rendered":"Les Couez, \u00e0 Champlemy"},"content":{"rendered":"<p><span style=\"color: #0000ff;\"><strong><em>Champlemy \u00e9tait un fief historique du Donziais dont t\u00e9moigne son vieux ch\u00e2teau en ruine. Il a \u00e9t\u00e9 d\u00e9tenu notamment par les sires de La Rivi\u00e8re, et comprenait plusieurs arri\u00e8re-fiefs dans le voisinage, dont Rosay et Thouez, toujours associ\u00e9s au fief principal, et les Couez, d\u00e9tenu de fa\u00e7on autonome pendant deux si\u00e8cles, d\u2019o\u00f9 l\u2019attention particuli\u00e8re que ce site discret m\u00e9rite.<\/em><\/strong><\/span><\/p>\n<p><strong>Ce fief des Couez<\/strong> (ou des Cou\u00e9es), cit\u00e9 par <a href=\"http:\/\/www.terres-et-seigneurs-en-donziais.fr\/?p=3563\" target=\"_blank\" rel=\"noopener\"><strong><em>Marolles<\/em><\/strong><\/a> mais sans r\u00e9f\u00e9rence \u00e0 des actes sp\u00e9cifiques, a \u00e9t\u00e9 d\u00e9tenu par une famille \u00ab\u00a0<strong><em>du Chaffaut<\/em><\/strong> \u00bb \u2013 qui para\u00eet \u00e9tablie dans la r\u00e9gion de Champlemy d\u00e8s le d\u00e9but du XVI\u00e8me si\u00e8cle, et dont <a href=\"http:\/\/www.terres-et-seigneurs-en-donziais.fr\/?p=4862\" target=\"_blank\" rel=\"noopener\"><em><strong>Villenaut<\/strong><\/em><\/a> donne une rapide g\u00e9n\u00e9alogie -. On ne sait rien des origines de l&rsquo;implantation de cette famille dans ce fief. Proche du bourg, le fief avait-il \u00e9t\u00e9 d\u00e9tach\u00e9 de Champlemy et inf\u00e9od\u00e9, ce qui para\u00eet conforme au mouvement de dissociation progressive qui marquait le r\u00e9gime f\u00e9odal, ou avait-il \u00e9t\u00e9 autonome d\u00e8s l\u2019origine ?<\/p>\n<p>Quoiqu\u2019il en soit, il fut vendu en 1619 \u00e0 Marguerite de La Magdeleine de Ragny, dame de Champlemy, Rosay et Thouez, veuve de Ludovic de La Rivi\u00e8re, et ainsi r\u00e9uni \u00e0 cette terre, sans doute par retour \u00e0 son ensemble f\u00e9odal d\u2019origine &#8211; <strong><em>voir la notice sur <a href=\"http:\/\/www.terres-et-seigneurs-en-donziais.fr\/?p=3112\" target=\"_blank\" rel=\"noopener\">Champlemy<\/a><\/em><\/strong> -. Champlemy passa ensuite par cession aux Rabutin puis dans d\u2019autres mains.<\/p>\n<p>Une longue ferme-manoir accost\u00e9e d\u2019une tour et entour\u00e9e de jardins t\u00e9moigne de l\u2019anciennet\u00e9 du domaine des Couez.<\/p>\n<p><span style=\"color: #0000ff;\"><strong><em>Voyez ci-dessous une notice r\u00e9sumant la d\u00e9volution de ce fief, associ\u00e9e \u00e0 Champlemy \u00e0 partir du XVII\u00e8me si\u00e8cle\u00a0 :<\/em><\/strong><\/span><\/p>\n<p style=\"text-align: center;\"><span style=\"font-size: 18pt;\"><strong><em><a href=\"http:\/\/www.terres-et-seigneurs-en-donziais.fr\/wp-content\/uploads\/2023\/10\/Les-Couez.pdf\" target=\"_blank\" rel=\"noopener\">Les Couez<\/a> <\/em><\/strong><\/span><em>(V1 du 6 oct 2023)<\/em><\/p>\n<p><a href=\"http:\/\/www.terres-et-seigneurs-en-donziais.fr\/wp-content\/uploads\/2023\/10\/D-enlumine-2023.jpeg\"><img decoding=\"async\" loading=\"lazy\" class=\" wp-image-8911\" src=\"http:\/\/www.terres-et-seigneurs-en-donziais.fr\/wp-content\/uploads\/2023\/10\/D-enlumine-2023-300x275.jpeg\" alt=\"\" width=\"147\" height=\"135\" srcset=\"http:\/\/www.terres-et-seigneurs-en-donziais.fr\/wp-content\/uploads\/2023\/10\/D-enlumine-2023-300x275.jpeg 300w, http:\/\/www.terres-et-seigneurs-en-donziais.fr\/wp-content\/uploads\/2023\/10\/D-enlumine-2023.jpeg 400w\" sizes=\"(max-width: 147px) 100vw, 147px\" \/><\/a><\/p>\n","protected":false},"excerpt":{"rendered":"<p>Champlemy \u00e9tait un fief historique du Donziais dont t\u00e9moigne son vieux ch\u00e2teau en ruine. Il a \u00e9t\u00e9 d\u00e9tenu notamment par les sires de La Rivi\u00e8re, et comprenait plusieurs arri\u00e8re-fiefs dans le voisinage, dont Rosay et Thouez, toujours associ\u00e9s au fief principal, et les Couez, d\u00e9tenu de fa\u00e7on autonome pendant deux si\u00e8cles, d\u2019o\u00f9 l\u2019attention particuli\u00e8re que &hellip; <a href=\"http:\/\/www.terres-et-seigneurs-en-donziais.fr\/?p=8908\" class=\"more-link\">Continuer la lecture de <span class=\"screen-reader-text\">Les Couez, \u00e0 Champlemy<\/span> <span class=\"meta-nav\">&rarr;<\/span><\/a><\/p>\n","protected":false},"author":1,"featured_media":8914,"comment_status":"open","ping_status":"open","sticky":false,"template":"","format":"standard","meta":[],"categories":[424,428,1],"tags":[145,1146,1145,1144,1148,1147],"_links":{"self":[{"href":"http:\/\/www.terres-et-seigneurs-en-donziais.fr\/index.php?rest_route=\/wp\/v2\/posts\/8908"}],"collection":[{"href":"http:\/\/www.terres-et-seigneurs-en-donziais.fr\/index.php?rest_route=\/wp\/v2\/posts"}],"about":[{"href":"http:\/\/www.terres-et-seigneurs-en-donziais.fr\/index.php?rest_route=\/wp\/v2\/types\/post"}],"author":[{"embeddable":true,"href":"http:\/\/www.terres-et-seigneurs-en-donziais.fr\/index.php?rest_route=\/wp\/v2\/users\/1"}],"replies":[{"embeddable":true,"href":"http:\/\/www.terres-et-seigneurs-en-donziais.fr\/index.php?rest_route=%2Fwp%2Fv2%2Fcomments&post=8908"}],"version-history":[{"count":11,"href":"http:\/\/www.terres-et-seigneurs-en-donziais.fr\/index.php?rest_route=\/wp\/v2\/posts\/8908\/revisions"}],"predecessor-version":[{"id":9044,"href":"http:\/\/www.terres-et-seigneurs-en-donziais.fr\/index.php?rest_route=\/wp\/v2\/posts\/8908\/revisions\/9044"}],"wp:featuredmedia":[{"embeddable":true,"href":"http:\/\/www.terres-et-seigneurs-en-donziais.fr\/index.php?rest_route=\/wp\/v2\/media\/8914"}],"wp:attachment":[{"href":"http:\/\/www.terres-et-seigneurs-en-donziais.fr\/index.php?rest_route=%2Fwp%2Fv2%2Fmedia&parent=8908"}],"wp:term":[{"taxonomy":"category","embeddable":true,"href":"http:\/\/www.terres-et-seigneurs-en-donziais.fr\/index.php?rest_route=%2Fwp%2Fv2%2Fcategories&post=8908"},{"taxonomy":"post_tag","embeddable":true,"href":"http:\/\/www.terres-et-seigneurs-en-donziais.fr\/index.php?rest_route=%2Fwp%2Fv2%2Ftags&post=8908"}],"curies":[{"name":"wp","href":"https:\/\/api.w.org\/{rel}","templated":true}]}}