{"id":86,"date":"2015-04-06T13:31:25","date_gmt":"2015-04-06T12:31:25","guid":{"rendered":"http:\/\/www.terres-et-seigneurs-en-donziais.fr\/?p=86"},"modified":"2025-07-30T12:29:20","modified_gmt":"2025-07-30T11:29:20","slug":"le-magny-suilly","status":"publish","type":"post","link":"http:\/\/www.terres-et-seigneurs-en-donziais.fr\/?p=86","title":{"rendered":"Le Magny et Suilly"},"content":{"rendered":"<p style=\"text-align: center;\"><span style=\"color: #0000ff;\"><span style=\"font-size: 14px;\"><em>(Illustration : manoir du Magny<\/em><\/span><\/span><span style=\"font-size: 16px;\">)<\/span><\/p>\n<p style=\"text-align: justify;\"><span style=\"font-size: 16px;\">Le discret mais vieux manoir du <strong>Magny<\/strong>, isol\u00e9 sur le plateau cultiv\u00e9 au sud-ouest de Suilly-la-Tour, \u00e9tait le si\u00e8ge d&rsquo;un fief de ce nom, associ\u00e9 \u00e0 celui de Suilly. Il est aujourd&rsquo;hui une exploitation agricole.<\/span><\/p>\n<p style=\"text-align: justify;\"><span style=\"font-size: 16px;\">Il date du XV\u00e8me si\u00e8cle, mais le fief est beaucoup plus ancien. Ses premiers titulaires restent mal connus, comme le processus de succession qui l&rsquo;am\u00e8ne dans les mains de la famille de Pernay au XV\u00e8me si\u00e8cle justement, qui le conservera jusqu&rsquo;au d\u00e9but du XVIII\u00e8.<\/span><\/p>\n<p style=\"text-align: justify;\"><span style=\"font-size: 16px;\">Il aurait toutefois \u00e9t\u00e9 dans les mains pendant quelques ann\u00e9es au XV\u00e8me si\u00e8cle, en tout ou en partie, de <strong><a href=\"http:\/\/iletaitunefoischevenon.e-monsite.com\/pages\/histoire\/histoire-de-la-famille-chevenon.html\" target=\"_blank\" rel=\"noopener\">Jean de Chevenon<\/a><\/strong>, puissant chevalier nivernais, et du Chancelier <strong><a href=\"https:\/\/fr.wikipedia.org\/wiki\/Guillaume_Jouvenel_des_Ursins\" target=\"_blank\" rel=\"noopener\">Guillaume Jouvenel des Ursins<\/a><\/strong>, sgr de la Motte-Josserand.<\/span><\/p>\n<p style=\"text-align: justify;\"><span style=\"font-size: 16px;\">Rien de marquant ensuite dans la\u00a0cohorte des petits seigneurs connus du Magny, qui s&rsquo;enracinent en Donziais par des alliances avec les familles de la r\u00e9gion : La Rivi\u00e8re, Lamoignon, Chabannes&#8230;.<\/span><\/p>\n<p style=\"text-align: justify;\"><span style=\"font-size: 16px;\"><span style=\"color: #0000ff;\"><strong>Voyez la notice jointe qui en d\u00e9veloppe la succession, telle que nous sommes en mesure de l&rsquo;appr\u00e9cier<\/strong><em>\u00a0<\/em>:<\/span>\u00a0<\/span><\/p>\n<p style=\"text-align: center;\"><span style=\"font-size: 22px;\"><strong><em><a href=\"http:\/\/www.terres-et-seigneurs-en-donziais.fr\/wp-content\/uploads\/2015\/04\/Suilly-Magny.pdf\" target=\"_blank\" rel=\"noopener\">Suilly-Magny<\/a>\u00a0<\/em><\/strong><\/span><span style=\"font-size: 16px;\"><em>(V10 du 7\/6\/22)<\/em><\/span><\/p>\n<p style=\"text-align: justify;\"><span style=\"font-size: 16px;\">Aujourd&rsquo;hui l&rsquo;histoire m\u00eame de cette seigneurie para\u00eet oubli\u00e9e, ayant \u00e9t\u00e9 surclass\u00e9e \u00e0 Suilly par celles des deux grands fiefs voisins de <strong><a href=\"http:\/\/www.terres-et-seigneurs-en-donziais.fr\/?p=82\" target=\"_blank\" rel=\"noopener\">Vergers <\/a><\/strong>et des <strong><a href=\"http:\/\/www.terres-et-seigneurs-en-donziais.fr\/?p=80\" target=\"_blank\" rel=\"noopener\">Granges<\/a><\/strong>.<\/span><\/p>\n<p style=\"text-align: justify;\"><span style=\"font-size: 16px;\">Un petit fief en a\u00a0\u00e9t\u00e9 d\u00e9tach\u00e9,\u00a0qui fait l&rsquo;objet d&rsquo;une notice sp\u00e9cifique : <strong><a href=\"http:\/\/www.terres-et-seigneurs-en-donziais.fr\/?p=231\" target=\"_blank\" rel=\"noopener\">Presles<\/a><\/strong>, dont les traces sont t\u00e9nues.<\/span><\/p>\n<p style=\"text-align: justify;\"><span style=\"font-size: 16px;\"><strong>Voyez aussi le tr\u00e8s joli site municipal de Suilly<\/strong> :\u00a0<strong><a href=\"http:\/\/www.suillylatour.fr\" target=\"_blank\" rel=\"noopener\">www.suillylatour.fr<\/a><\/strong><\/span><\/p>\n<p style=\"text-align: justify;\"><a href=\"http:\/\/www.terres-et-seigneurs-en-donziais.fr\/wp-content\/uploads\/2015\/09\/D-enlumin\u00e9-e1443770692908.jpeg\"><img decoding=\"async\" loading=\"lazy\" class=\"alignnone size-full wp-image-1748\" src=\"http:\/\/www.terres-et-seigneurs-en-donziais.fr\/wp-content\/uploads\/2015\/09\/D-enlumin\u00e9-e1443770692908.jpeg\" alt=\"D enlumin\u00e9\" width=\"80\" height=\"80\" \/><\/a><\/p>\n<p style=\"text-align: justify;\">\n","protected":false},"excerpt":{"rendered":"<p>(Illustration : manoir du Magny) Le discret mais vieux manoir du Magny, isol\u00e9 sur le plateau cultiv\u00e9 au sud-ouest de Suilly-la-Tour, \u00e9tait le si\u00e8ge d&rsquo;un fief de ce nom, associ\u00e9 \u00e0 celui de Suilly. Il est aujourd&rsquo;hui une exploitation agricole. Il date du XV\u00e8me si\u00e8cle, mais le fief est beaucoup plus ancien. Ses premiers titulaires &hellip; <a href=\"http:\/\/www.terres-et-seigneurs-en-donziais.fr\/?p=86\" class=\"more-link\">Continuer la lecture de <span class=\"screen-reader-text\">Le Magny et Suilly<\/span> <span class=\"meta-nav\">&rarr;<\/span><\/a><\/p>\n","protected":false},"author":1,"featured_media":223,"comment_status":"open","ping_status":"open","sticky":false,"template":"","format":"standard","meta":[],"categories":[11,5,22],"tags":[59,67,68,211,17,69,64,66,65,55],"_links":{"self":[{"href":"http:\/\/www.terres-et-seigneurs-en-donziais.fr\/index.php?rest_route=\/wp\/v2\/posts\/86"}],"collection":[{"href":"http:\/\/www.terres-et-seigneurs-en-donziais.fr\/index.php?rest_route=\/wp\/v2\/posts"}],"about":[{"href":"http:\/\/www.terres-et-seigneurs-en-donziais.fr\/index.php?rest_route=\/wp\/v2\/types\/post"}],"author":[{"embeddable":true,"href":"http:\/\/www.terres-et-seigneurs-en-donziais.fr\/index.php?rest_route=\/wp\/v2\/users\/1"}],"replies":[{"embeddable":true,"href":"http:\/\/www.terres-et-seigneurs-en-donziais.fr\/index.php?rest_route=%2Fwp%2Fv2%2Fcomments&post=86"}],"version-history":[{"count":35,"href":"http:\/\/www.terres-et-seigneurs-en-donziais.fr\/index.php?rest_route=\/wp\/v2\/posts\/86\/revisions"}],"predecessor-version":[{"id":9529,"href":"http:\/\/www.terres-et-seigneurs-en-donziais.fr\/index.php?rest_route=\/wp\/v2\/posts\/86\/revisions\/9529"}],"wp:featuredmedia":[{"embeddable":true,"href":"http:\/\/www.terres-et-seigneurs-en-donziais.fr\/index.php?rest_route=\/wp\/v2\/media\/223"}],"wp:attachment":[{"href":"http:\/\/www.terres-et-seigneurs-en-donziais.fr\/index.php?rest_route=%2Fwp%2Fv2%2Fmedia&parent=86"}],"wp:term":[{"taxonomy":"category","embeddable":true,"href":"http:\/\/www.terres-et-seigneurs-en-donziais.fr\/index.php?rest_route=%2Fwp%2Fv2%2Fcategories&post=86"},{"taxonomy":"post_tag","embeddable":true,"href":"http:\/\/www.terres-et-seigneurs-en-donziais.fr\/index.php?rest_route=%2Fwp%2Fv2%2Ftags&post=86"}],"curies":[{"name":"wp","href":"https:\/\/api.w.org\/{rel}","templated":true}]}}