{"id":8514,"date":"2023-03-05T17:45:46","date_gmt":"2023-03-05T16:45:46","guid":{"rendered":"http:\/\/www.terres-et-seigneurs-en-donziais.fr\/?p=8514"},"modified":"2023-03-06T17:59:27","modified_gmt":"2023-03-06T16:59:27","slug":"francoise-et-la-reine-margot","status":"publish","type":"post","link":"http:\/\/www.terres-et-seigneurs-en-donziais.fr\/?p=8514","title":{"rendered":"Fran\u00e7oise et la Reine Margot"},"content":{"rendered":"<p style=\"text-align: center;\"><span style=\"color: #3366ff;\"><em><span style=\"font-size: 10pt;\">(Illustration : l&rsquo;\u00e9glise Saint-Martin-du-Pr\u00e9 \u00e0 Donzy)<\/span><\/em><\/span><\/p>\n<p><span style=\"color: #0000ff;\"><strong><em>En retra\u00e7ant l\u2019histoire du fief de <a href=\"http:\/\/www.terres-et-seigneurs-en-donziais.fr\/?p=41\" target=\"_blank\" rel=\"noopener\"><span style=\"font-size: 14pt;\">Favray<\/span><\/a>, \u00e0 Saint-Martin-sur-Nohain, nous avons \u00e9voqu\u00e9 la figure de <span style=\"font-size: 12pt;\">Fran\u00e7oise de La Rivi\u00e8re<\/span> (1586-1606), \u00e9pouse de Fran\u00e7ois de Reugny, dame d\u2019honneur de Marguerite de Valois (1553-1615), fille d\u2019Henri II et premi\u00e8re femme d\u2019Henri de Navarre, futur Henri IV : la <a href=\"https:\/\/fr.wikipedia.org\/wiki\/La_Reine_Margot\" target=\"_blank\" rel=\"noopener\"><span style=\"font-size: 14pt;\">Reine Margot<\/span><\/a>.<\/em><\/strong><\/span><\/p>\n<p>L\u2019image de cette jeune femme morte \u00e0 vingt ans est parvenue jusqu\u2019\u00e0 nous gr\u00e2ce \u00e0 sa belle dalle fun\u00e9raire conserv\u00e9e dans la petite \u00e9glise romane <strong>Saint-Martin-du-Pr\u00e9<\/strong>, \u00e0 Donzy. Aujourd\u2019hui scell\u00e9e verticalement contre un mur, bris\u00e9e en deux morceaux, cette pierre a failli dispara\u00eetre : en 1682, le Cur\u00e9 avait entrepris de d\u00e9truire ce tombeau, mais on y trouva le corps de la dame sain et entier. L&rsquo;\u00e9v\u00eaque d&rsquo;Auxerre imposa sa pr\u00e9servation.<\/p>\n<p>Malgr\u00e9 l\u2019usure du temps, on peut lire sur son pourtour l\u2019inscription suivante\u00a0: \u00ab<span style=\"color: #000000;\">\u00a0DANS . CE . RECANT . TOMBEAV . REPOSE . LE . CORPS . DE . FRANCOISE . DE . LA RIVIERE . DAME . DE . LA . ROYNE.\u00a0 MARGVERITE . ESPOVSE . DE . FRANCOIS . DE . REVGNY . SEIGNEVR . DE . FAVERAY . LAQVELLE . DECEDA . EN LAAGE . DE . 20 . ANS . ESTANT . A . PARIS . AV . SERVICE . DE . LADICTE . ROYNE . LE . 19 . AVRIL . 1606\u00a0\u00bb.<\/span><\/p>\n<p><a href=\"http:\/\/www.terres-et-seigneurs-en-donziais.fr\/wp-content\/uploads\/2023\/03\/Fse.jpg\"><img decoding=\"async\" loading=\"lazy\" class=\"wp-image-8518 aligncenter\" src=\"http:\/\/www.terres-et-seigneurs-en-donziais.fr\/wp-content\/uploads\/2023\/03\/Fse-200x300.jpg\" alt=\"\" width=\"312\" height=\"468\" srcset=\"http:\/\/www.terres-et-seigneurs-en-donziais.fr\/wp-content\/uploads\/2023\/03\/Fse-200x300.jpg 200w, http:\/\/www.terres-et-seigneurs-en-donziais.fr\/wp-content\/uploads\/2023\/03\/Fse.jpg 399w\" sizes=\"(max-width: 312px) 100vw, 312px\" \/><\/a><\/p>\n<p>La dame y appara\u00eet v\u00eatue d\u2019habits de cour du temps d\u2019Henri IV, t\u00eate reposant sur un coussin encadr\u00e9 par les armes de Reugny et de La Rivi\u00e8re ; large <em>vertugadin <\/em>en forme de plateau, mains jointes en pri\u00e8re, visage juv\u00e9nile et doux mis en valeur par une large collerette de dentelle, cheveux fris\u00e9s tir\u00e9s en chignon. Le sculpteur a soign\u00e9 le portrait de Fran\u00e7oise, qui devait \u00eatre aim\u00e9e de son commanditaire.<\/p>\n<p>Les circonstances de sa vie et de sa mort restent h\u00e9las totalement m\u00e9connues.<\/p>\n<p>Faute de source probante, on doit, avec les auteurs nivernais qui se sont pench\u00e9s sur le sujet, consid\u00e9rer qu\u2019elle \u00e9tait une fille de Jacques de La Rivi\u00e8re, sgr de <a href=\"http:\/\/www.terres-et-seigneurs-en-donziais.fr\/?p=72\" target=\"_blank\" rel=\"noopener\"><strong>la Garde<\/strong><\/a> (\u00e0 Perroy), en raison des dates et de la proximit\u00e9 g\u00e9ographique. Dernier fils de Fran\u00e7ois, seigneur de Champlemy, vicomte de Tonnerre et de Quincy, Jacques \u00e9tait destin\u00e9 aux Ordres et avait \u00e9t\u00e9 moine cistercien \u00e0 <a href=\"https:\/\/fr.wikipedia.org\/wiki\/Abbaye_de_Pontigny\" target=\"_blank\" rel=\"noopener\"><strong>Pontigny<\/strong><\/a>, une abbaye proche des possessions de cette branche. Mais dans le contexte de la R\u00e9forme, dont l\u2019influence galopait dans la noblesse locale, il avait obtenu du Parlement de Paris l\u2019annulation de ses v\u0153ux. Ainsi l\u00e9galement \u00ab d\u00e9froqu\u00e9 \u00bb il s\u2019\u00e9tait mari\u00e9 et remari\u00e9 apr\u00e8s deux veuvages. Les dates sugg\u00e8rent que la m\u00e8re de Fran\u00e7oise devait \u00eatre sa troisi\u00e8me \u00e9pouse, <strong>L\u00e9onarde de Loron<\/strong>, fille du seigneur d\u2019Argoulais en Morvan, d\u2019une famille connue pour son engagement, parfois exalt\u00e9, dans la R\u00e9forme &#8211; <em>voyez \u00e0 ce sujet la notice consacr\u00e9e au manoir de <a href=\"http:\/\/www.terres-et-seigneurs-en-donziais.fr\/?p=120\" target=\"_blank\" rel=\"noopener\"><strong>Maison-Blanche<\/strong> <\/a>\u00e0 Crain -.<\/em><\/p>\n<p>Son mari, <strong>Fran\u00e7ois de Reugny<\/strong>, \u00e9tait issu d\u2019une vielle famille nivernaise, dont plusieurs membres ont \u00e9t\u00e9 inhum\u00e9s dans cette m\u00eame \u00e9glise Saint Martin. Son fr\u00e8re Charles, moine de La Charit\u00e9, \u00e9tait Prieur de <a href=\"http:\/\/www.terres-et-seigneurs-en-donziais.fr\/?p=1853\" target=\"_blank\" rel=\"noopener\"><strong>Notre-Dame-du-Pr\u00e9<\/strong><\/a> toute proche. Leur m\u00e8re \u00e9tait Catherine de Loron, cousine germaine de L\u00e9onarde. Ils \u00e9taient donc parents et l\u2019environnement familial \u00e9tait marqu\u00e9 par le protestantisme, auquel on ne sait si Fran\u00e7oise adh\u00e9rait.<\/p>\n<p>On ne sait pas non plus o\u00f9 elle \u00e9tait n\u00e9e. Sans doute \u00e0 la Garde, le fief de son p\u00e8re suppos\u00e9, o\u00f9 subsistent de beaux restes de l\u2019\u00e9poque, dont une chapelle ; mais peut-\u00eatre en Auxerrois o\u00f9 il avait de nombreuses possessions venues des Savoisy\u2026<\/p>\n<p>On peut supposer qu\u2019elle devint <em>dame d\u2019honneur <\/em>de la Reine Marguerite de Valois apr\u00e8s son mariage, vers 1602. Elle lui avait peut-\u00eatre \u00e9t\u00e9 pr\u00e9sent\u00e9e auparavant par la duchesse de Nevers, <a href=\"https:\/\/fr.wikipedia.org\/wiki\/Henriette_de_Nevers_(1542-1601)\" target=\"_blank\" rel=\"noopener\"><strong>Henriette de Cl\u00e8ves<\/strong><\/a>, sa contemporaine &#8211; dont elle \u00e9tait vassale &#8211; tr\u00e8s li\u00e9e \u00e0 Margot pour le meilleur et pour le pire.<\/p>\n<p style=\"text-align: center;\"><a href=\"http:\/\/www.terres-et-seigneurs-en-donziais.fr\/wp-content\/uploads\/2023\/03\/Margot-2.jpg\"><img decoding=\"async\" loading=\"lazy\" class=\"wp-image-8531 aligncenter\" src=\"http:\/\/www.terres-et-seigneurs-en-donziais.fr\/wp-content\/uploads\/2023\/03\/Margot-2.jpg\" alt=\"\" width=\"189\" height=\"287\" \/><span style=\"font-size: 10pt; color: #000000;\"><em>La reine Margot<\/em><\/span><\/a><\/p>\n<p>Cette reine, ultime repr\u00e9sentante des Valois, d\u2019une beaut\u00e9 relev\u00e9e par ses contemporains, cultiv\u00e9e et libre, immortalis\u00e9e par Alexandre Dumas et Isabelle Adjani, \u00e9tait alors au d\u00e9clin de sa vie aventureuse. Son mariage forc\u00e9 avec Henri de Navarre, inf\u00e9cond et malheureux \u2013 ils \u00e9taient tous deux d\u2019inlassables s\u00e9ducteurs &#8211; avait \u00e9t\u00e9 annul\u00e9 en 1599 par le Pape. Ayant choisi le parti de la Ligue et collectionnant les amants \u2013 dont le fameux <a href=\"https:\/\/fr.wikipedia.org\/wiki\/Joseph_Boniface_de_La_M%C3%B4le\" target=\"_blank\" rel=\"noopener\"><strong>La Mole<\/strong> <\/a>&#8211; elle avait \u00e9t\u00e9 assign\u00e9e \u00e0 r\u00e9sidence par le roi Henri III son fr\u00e8re au <a href=\"https:\/\/www.chateau-boisrigaud.fr\/blog\/chateau-usson-auvergne\/\" target=\"_blank\" rel=\"noopener\"><strong>ch\u00e2teau d\u2019Usson<\/strong><\/a>, au c\u0153ur de son apanage, \u00ab\u00a0<em>parmy les d\u00e9serts, rochers et montagnes d\u2019Auvergne<\/em>\u00a0\u00bb selon son ami <a href=\"https:\/\/fr.wikipedia.org\/wiki\/Brant%C3%B4me_(%C3%A9crivain)\" target=\"_blank\" rel=\"noopener\"><strong>Brant\u00f4me<\/strong>.<\/a> Elle y passa 19 ans puisque son \u00e9poux l\u2019y maintint \u00e0 son av\u00e8nement au tr\u00f4ne pour des raisons autant personnelles que politiques. Il ne l\u2019autorisa \u00e0 revenir \u00e0 Paris qu\u2019en 1605 pour soutenir un proc\u00e8s. Elle y mourut en 1615.<\/p>\n<p>Notre Fran\u00e7oise ne connut donc la reine que dans un \u00e2ge avanc\u00e9, la d\u00e9bauche ayant laiss\u00e9 place \u00e0 la d\u00e9votion. Elle a certainement fait partie de sa petite cour \u00e0 <strong>Usson<\/strong>, o\u00f9 elle exer\u00e7a sa charge sous une \u00ab\u00a0<em>Madame de Vermont<\/em> \u00bb, premi\u00e8re dame d\u2019honneur. Cette forteresse m\u00e9di\u00e9vale, la principale d\u2019Auvergne alors, renforc\u00e9e par Louis XI, d\u00fbt \u00eatre une r\u00e9sidence bien froide et aust\u00e8re pour ces dames de la Renaissance, mais Margot y r\u00e9unissait quelques beaux esprits. On ne peut en voir de nos jours que les ruines, puisqu\u2019elle a \u00e9t\u00e9 abattue sur ordre de Richelieu en 1634, comme tant d\u2019autres.<\/p>\n<p><a href=\"http:\/\/www.terres-et-seigneurs-en-donziais.fr\/wp-content\/uploads\/2023\/03\/Uchon.jpg\"><img decoding=\"async\" loading=\"lazy\" class=\"wp-image-8527 aligncenter\" src=\"http:\/\/www.terres-et-seigneurs-en-donziais.fr\/wp-content\/uploads\/2023\/03\/Uchon-300x216.jpg\" alt=\"\" width=\"273\" height=\"196\" srcset=\"http:\/\/www.terres-et-seigneurs-en-donziais.fr\/wp-content\/uploads\/2023\/03\/Uchon-300x216.jpg 300w, http:\/\/www.terres-et-seigneurs-en-donziais.fr\/wp-content\/uploads\/2023\/03\/Uchon.jpg 305w\" sizes=\"(max-width: 273px) 100vw, 273px\" \/><\/a><\/p>\n<p>Fran\u00e7oise a sans doute accompagn\u00e9 Margot \u00e0 son retour \u00e0 Paris et r\u00e9sid\u00e9 avec elle \u00e0 <a href=\"https:\/\/fr.wikipedia.org\/wiki\/H%C3%B4tel_des_archev%C3%AAques_de_Sens\" target=\"_blank\" rel=\"noopener\"><strong>l\u2019H\u00f4tel de Sens<\/strong><\/a> &#8211; o\u00f9 elle a d\u00fb mourir &#8211; mais n\u2019a pu conna\u00eetre son nouvel \u00ab\u00a0H\u00f4tel de la Reine\u00bb, face au Louvre sur la rive gauche, au Pr\u00e9-aux-Clercs, construit \u00e0 partir de 1606 et aujourd\u2019hui disparu.<\/p>\n<p>Elle n\u2019aura sans doute pas beaucoup v\u00e9cu \u00e0 Favray, une terre de son \u00e9poux, avec qui elle n\u2019eut que trois ou quatre ans de vie commune, \u00e0 supposer que leurs obligations respectives ne les aient pas constamment \u00e9loign\u00e9s l\u2019un de l\u2019autre. Fran\u00e7ois se remaria en 1609 et eut une post\u00e9rit\u00e9.<\/p>\n<p><span style=\"color: #0000ff;\"><strong><em>Il reste incompr\u00e9hensible que l\u2019historiographie r\u00e9gionale n\u2019ait pu acc\u00e9der \u00e0 des documents qui \u00e9claireraient le destin de cette jeune femme, issue de la plus importante dynastie donziaise, au-del\u00e0 des quelques mots grav\u00e9s sur sa pierre tombale.<\/em><\/strong><\/span><\/p>\n<p><a href=\"http:\/\/www.terres-et-seigneurs-en-donziais.fr\/wp-content\/uploads\/2022\/02\/D2-e1644403748232.jpg\"><img decoding=\"async\" loading=\"lazy\" class=\"alignnone wp-image-7886\" src=\"http:\/\/www.terres-et-seigneurs-en-donziais.fr\/wp-content\/uploads\/2022\/02\/D2-300x296.jpg\" alt=\"\" width=\"101\" height=\"100\" \/><\/a><\/p>\n","protected":false},"excerpt":{"rendered":"<p>(Illustration : l&rsquo;\u00e9glise Saint-Martin-du-Pr\u00e9 \u00e0 Donzy) En retra\u00e7ant l\u2019histoire du fief de Favray, \u00e0 Saint-Martin-sur-Nohain, nous avons \u00e9voqu\u00e9 la figure de Fran\u00e7oise de La Rivi\u00e8re (1586-1606), \u00e9pouse de Fran\u00e7ois de Reugny, dame d\u2019honneur de Marguerite de Valois (1553-1615), fille d\u2019Henri II et premi\u00e8re femme d\u2019Henri de Navarre, futur Henri IV : la Reine Margot. L\u2019image &hellip; <a href=\"http:\/\/www.terres-et-seigneurs-en-donziais.fr\/?p=8514\" class=\"more-link\">Continuer la lecture de <span class=\"screen-reader-text\">Fran\u00e7oise et la Reine Margot<\/span> <span class=\"meta-nav\">&rarr;<\/span><\/a><\/p>\n","protected":false},"author":1,"featured_media":8517,"comment_status":"open","ping_status":"open","sticky":false,"template":"","format":"standard","meta":[],"categories":[1],"tags":[],"_links":{"self":[{"href":"http:\/\/www.terres-et-seigneurs-en-donziais.fr\/index.php?rest_route=\/wp\/v2\/posts\/8514"}],"collection":[{"href":"http:\/\/www.terres-et-seigneurs-en-donziais.fr\/index.php?rest_route=\/wp\/v2\/posts"}],"about":[{"href":"http:\/\/www.terres-et-seigneurs-en-donziais.fr\/index.php?rest_route=\/wp\/v2\/types\/post"}],"author":[{"embeddable":true,"href":"http:\/\/www.terres-et-seigneurs-en-donziais.fr\/index.php?rest_route=\/wp\/v2\/users\/1"}],"replies":[{"embeddable":true,"href":"http:\/\/www.terres-et-seigneurs-en-donziais.fr\/index.php?rest_route=%2Fwp%2Fv2%2Fcomments&post=8514"}],"version-history":[{"count":14,"href":"http:\/\/www.terres-et-seigneurs-en-donziais.fr\/index.php?rest_route=\/wp\/v2\/posts\/8514\/revisions"}],"predecessor-version":[{"id":8534,"href":"http:\/\/www.terres-et-seigneurs-en-donziais.fr\/index.php?rest_route=\/wp\/v2\/posts\/8514\/revisions\/8534"}],"wp:featuredmedia":[{"embeddable":true,"href":"http:\/\/www.terres-et-seigneurs-en-donziais.fr\/index.php?rest_route=\/wp\/v2\/media\/8517"}],"wp:attachment":[{"href":"http:\/\/www.terres-et-seigneurs-en-donziais.fr\/index.php?rest_route=%2Fwp%2Fv2%2Fmedia&parent=8514"}],"wp:term":[{"taxonomy":"category","embeddable":true,"href":"http:\/\/www.terres-et-seigneurs-en-donziais.fr\/index.php?rest_route=%2Fwp%2Fv2%2Fcategories&post=8514"},{"taxonomy":"post_tag","embeddable":true,"href":"http:\/\/www.terres-et-seigneurs-en-donziais.fr\/index.php?rest_route=%2Fwp%2Fv2%2Ftags&post=8514"}],"curies":[{"name":"wp","href":"https:\/\/api.w.org\/{rel}","templated":true}]}}