{"id":8389,"date":"2023-01-20T08:00:03","date_gmt":"2023-01-20T07:00:03","guid":{"rendered":"http:\/\/www.terres-et-seigneurs-en-donziais.fr\/?p=8389"},"modified":"2023-01-20T08:24:13","modified_gmt":"2023-01-20T07:24:13","slug":"figures-donziaises-dans-la-revolution-champion-de-cice","status":"publish","type":"post","link":"http:\/\/www.terres-et-seigneurs-en-donziais.fr\/?p=8389","title":{"rendered":"Figures donziaises dans la R\u00e9volution : Champion de Cic\u00e9"},"content":{"rendered":"<p><span style=\"color: #0000ff;\"><strong><em>En poursuivant nos rencontres avec des personnalit\u00e9s impliqu\u00e9es dans la R\u00e9volution, abordons un cas sp\u00e9cifique\u00a0: <a href=\"https:\/\/fr.wikipedia.org\/wiki\/Jean-Baptiste-Marie_Champion_de_Cic%C3%A9\" target=\"_blank\" rel=\"noopener\">Jean-Baptiste CHAMPION de CICE (1725-1805)<\/a>, dernier \u00e9v\u00eaque d\u2019Auxerre, qui en fut un adversaire r\u00e9solu mais \u00e9ph\u00e9m\u00e8re. La suppression de son dioc\u00e8se en 1790 le surprit alors qu\u2019il s\u00e9journait en Allemagne. Il y resta et y mourut.<\/em><\/strong><\/span><\/p>\n<p>L\u2019itin\u00e9raire de ce pr\u00e9lat nous int\u00e9resse puisque notre petite r\u00e9gion \u00e9tait partie int\u00e9grante de l\u2019ancien <a href=\"http:\/\/www.terres-et-seigneurs-en-donziais.fr\/?page_id=523\" target=\"_blank\" rel=\"noopener\"><strong>dioc\u00e8se d\u2019Auxerre<\/strong><\/a>, dans la matrice duquel la <a href=\"http:\/\/www.terres-et-seigneurs-en-donziais.fr\/?page_id=527\" target=\"_blank\" rel=\"noopener\"><strong>baronnie de Donzy<\/strong><\/a> \u00e9tait n\u00e9e et avait prosp\u00e9r\u00e9. Cet \u00e9v\u00each\u00e9 historique, dont le temporel consid\u00e9rable n\u2019\u00e9tait pas fait pour plaire aux r\u00e9volutionnaires, fut supprim\u00e9 par l\u2019Assembl\u00e9e constituante en 1790. Son territoire fut rattach\u00e9 pour l\u2019essentiel \u00e0 Sens, vieille m\u00e9tropole eccl\u00e9siastique. La majeure partie de l\u2019ancien Donziais ayant \u00e9t\u00e9 vers\u00e9e dans le d\u00e9partement de la Ni\u00e8vre releva d\u00e8s lors du dioc\u00e8se de Nevers. Les liens ancestraux entre Donzy et Auxerre, d\u00e9j\u00e0 bien affaiblis par cinq si\u00e8cles d\u2019administration comtale puis ducale \u00e0 Nevers, \u00e9taient d\u00e9finitivement rompus.<\/p>\n<p>En 1823, l\u2019archev\u00eaque de Sens, dont le dioc\u00e8se \u00e9tendu correspondait au d\u00e9partement de l\u2019Yonne, fut autoris\u00e9 \u00e0 relever le titre d\u2019\u00e9v\u00eaque d\u2019Auxerre. Plus tard, les archev\u00eaques de Sens-Auxerre se r\u00e9install\u00e8rent dans la cit\u00e9 de Saint Germain, mais sur un pied plus modeste\u00a0: le palais \u00e9piscopal (XI\u00e8me-XIII\u00e8me) au chevet de la cath\u00e9drale St-Etienne, dominant la rivi\u00e8re, \u00e9tait devenu la Pr\u00e9fecture, par d\u00e9cision de l\u2019Empereur.<\/p>\n<p><a href=\"http:\/\/www.terres-et-seigneurs-en-donziais.fr\/wp-content\/uploads\/2023\/01\/Auxerre-palais.jpeg\"><img decoding=\"async\" loading=\"lazy\" class=\"size-full wp-image-8407 aligncenter\" src=\"http:\/\/www.terres-et-seigneurs-en-donziais.fr\/wp-content\/uploads\/2023\/01\/Auxerre-palais.jpeg\" alt=\"\" width=\"290\" height=\"174\" \/><\/a><\/p>\n<p>Fils d\u2019un conseiller au Parlement de Bretagne \u2013 sgr de Cic\u00e9 \u00e0 Bruz, au bord de la Villaine\u00a0; une terre \u00e9rig\u00e9e en baronnie par Henri IV &#8211; <strong>Jean-Baptiste Champion de Cic\u00e9 <\/strong>appartenait \u00e0 la noblesse de cette province. Il avait fait ses \u00e9tudes \u00e0 Paris o\u00f9 il \u00e9tait devenu docteur en th\u00e9ologie, puis vicaire g\u00e9n\u00e9ral du <a href=\"https:\/\/fr.wikipedia.org\/wiki\/Fr%C3%A9d%C3%A9ric-J%C3%A9r%C3%B4me_de_La_Rochefoucauld\" target=\"_blank\" rel=\"noopener\"><strong>cardinal de La Rochefoucauld<\/strong><\/a>. Il avait \u00e9t\u00e9 nomm\u00e9 en 1758 \u00e9v\u00eaque de Troyes, et transf\u00e9r\u00e9 \u00e0 <strong><a href=\"https:\/\/fr.wikipedia.org\/wiki\/Liste_des_%C3%A9v%C3%AAques_d%27Auxerre\" target=\"_blank\" rel=\"noopener\">Auxerre en 1760<\/a>.<\/strong><\/p>\n<p><a href=\"http:\/\/www.terres-et-seigneurs-en-donziais.fr\/wp-content\/uploads\/2023\/01\/armes-Cice.jpeg\"><img decoding=\"async\" loading=\"lazy\" class=\" wp-image-8405 aligncenter\" src=\"http:\/\/www.terres-et-seigneurs-en-donziais.fr\/wp-content\/uploads\/2023\/01\/armes-Cice.jpeg\" alt=\"\" width=\"98\" height=\"108\" \/><\/a><\/p>\n<p>Comme \u00e9v\u00eaque d\u2019Auxerre pendant 20 ans, il montra une grande et subtile activit\u00e9 pour \u00e9radiquer les traces encore importantes de <a href=\"https:\/\/fr.wikipedia.org\/wiki\/Jans%C3%A9nisme\" target=\"_blank\" rel=\"noopener\"><strong>Jans\u00e9nisme<\/strong> <\/a>dans le clerg\u00e9, tout sp\u00e9cialement au sein du chapitre cath\u00e9dral d\u2019Auxerre. Son pr\u00e9d\u00e9cesseur <a href=\"https:\/\/fr.wikipedia.org\/wiki\/Jacques-Marie_de_Caritat_de_Condorcet\" target=\"_blank\" rel=\"noopener\"><strong>Jacques de Condorcet<\/strong><\/a>, oncle du grand savant, n\u2019en \u00e9tait pas venu \u00e0 bout. Nous avons \u00e9voqu\u00e9 l\u2019\u00e9tonnante implantation de cette version d\u00e9grad\u00e9e et tardive de la doctrine de <a href=\"https:\/\/fr.wikipedia.org\/wiki\/Port-Royal_des_Champs\" target=\"_blank\" rel=\"noopener\"><strong>Port-Royal<\/strong><\/a> sous l\u2019influence de <a href=\"https:\/\/fr.wikipedia.org\/wiki\/Charles_de_Caylus#:~:text=Charles%20de%20Caylus%2C%20n%C3%A9%20le,l'%C3%A2ge%20de%2085%20ans.\" target=\"_blank\" rel=\"noopener\"><strong>Mgr de Caylus<\/strong><\/a>, dans l\u2019article intitul\u00e9 <a href=\"http:\/\/www.terres-et-seigneurs-en-donziais.fr\/?p=5954\" target=\"_blank\" rel=\"noopener\"><strong>Port-Royal en Puisaye<\/strong><\/a>. Elle \u00e9tait encore pr\u00e9gnante chez nombre de pr\u00eatres influents en 1789. Lorsqu\u2019il leur fallut \u00e9lire leur repr\u00e9sentant aux Etats-G\u00e9n\u00e9raux l\u2019\u00e9v\u00eaque ne fut \u00e9lu qu\u2019\u00e0 une faible majorit\u00e9. Ajout\u00e9 \u00e0 l\u2019impact profond et parfois radical de la R\u00e9forme, cet \u00e9pisode jans\u00e9niste avait pr\u00e9par\u00e9 d\u2019une certaine fa\u00e7on les remises en cause de la R\u00e9volution. Mgr Champion de Cic\u00e9 en fut un adversaire farouche mais les \u00e9v\u00e8nements le rattrap\u00e8rent.<\/p>\n<p>Le mouvement r\u00e9volutionnaire heurtait cet esprit classique, attach\u00e9 aux traditions de l\u2019Eglise, fid\u00e8le \u00e0 la Couronne et au Saint-Si\u00e8ge. Il si\u00e9gea donc aux Etats-G\u00e9n\u00e9raux au titre du Clerg\u00e9, puis \u00e0 l\u2019Assembl\u00e9e Constituante (juin 1789 \u2013 sept 1791), dans l\u2019opposition.<\/p>\n<p>L\u2019ann\u00e9e 1790 fut particuli\u00e8rement \u00e9prouvante pour l\u2019Eglise\u00a0: la <a href=\"https:\/\/fr.wikipedia.org\/wiki\/Histoire_des_congr%C3%A9gations_chr%C3%A9tiennes_en_France#:~:text=Par%20le%20d%C3%A9cret%20du%2013,consid%C3%A9r%C3%A9%20comme%20non%20%C2%AB%20utile%C2%BB.\" target=\"_blank\" rel=\"noopener\"><strong>suppression des ordres religieux<\/strong> <\/a>(f\u00e9vrier) &#8211; dont les monast\u00e8res n\u2019\u00e9taient toutefois plus tr\u00e8s actifs dans la r\u00e9gion, comme nous l\u2019avons montr\u00e9 \u2013 (<strong><a href=\"http:\/\/www.terres-et-seigneurs-en-donziais.fr\/?p=2127\" target=\"_blank\" rel=\"noopener\">Bourras<\/a>, <a href=\"http:\/\/www.terres-et-seigneurs-en-donziais.fr\/?p=1859\" target=\"_blank\" rel=\"noopener\">Roches<\/a>, <a href=\"http:\/\/www.terres-et-seigneurs-en-donziais.fr\/?p=218\" target=\"_blank\" rel=\"noopener\">Bellary<\/a>, <a href=\"http:\/\/www.terres-et-seigneurs-en-donziais.fr\/?p=1849\" target=\"_blank\" rel=\"noopener\">L\u2019Epeau<\/a>, <a href=\"http:\/\/www.terres-et-seigneurs-en-donziais.fr\/?p=1856\" target=\"_blank\" rel=\"noopener\">Cessy<\/a>, <a href=\"http:\/\/www.terres-et-seigneurs-en-donziais.fr\/?p=1865\" target=\"_blank\" rel=\"noopener\">Saint-Laurent<\/a><\/strong>\u2026etc.) &#8211;\u00a0; la <a href=\"https:\/\/fr.wikipedia.org\/wiki\/Constitution_civile_du_clerg%C3%A9\" target=\"_blank\" rel=\"noopener\"><strong>Constitution civile du Clerg\u00e9<\/strong><\/a>, approuv\u00e9e par le roi apr\u00e8s une longue h\u00e9sitation (juillet), \u00e0 laquelle l\u2019\u00e9v\u00eaque se refusa naturellement\u00a0; la <strong>suppression de son dioc\u00e8se<\/strong>, act\u00e9e en novembre de cette m\u00eame ann\u00e9e, alors qu\u2019il en \u00e9tait \u00e9loign\u00e9. N\u2019acceptant pas cette mesure, il fut d\u00e9chu de son autorit\u00e9 \u00e9piscopale. Il constata avec amertume que la majorit\u00e9 du clerg\u00e9 d\u2019Auxerre, acquise aux id\u00e9es nouvelles et en d\u00e9licatesse avec Rome, pr\u00eatait serment. Seuls quelques fid\u00e8les r\u00e9sist\u00e8rent\u00a0; ils subirent les foudres du nouveau pouvoir.<\/p>\n<p>Champion de Cic\u00e9 ne pouvait jouer un r\u00f4le actif dans ces assembl\u00e9es dont il d\u00e9sapprouvait les orientations dominantes. Par une de ces incongruit\u00e9s dont les destins individuels confront\u00e9s \u00e0 la grande histoire ont le secret, alors que la Nation travaillait f\u00e9brilement \u00e0 son avenir, notre \u00e9v\u00eaque se rendit en Allemagne pour \u00ab\u00a0prendre les eaux\u00a0\u00bb.<\/p>\n<p>Il ne revint jamais en France et mourut \u00e0 Halberstadt en 1805, o\u00f9 il est inhum\u00e9 dans le cimeti\u00e8re des moines franciscains.<\/p>\n<p>Son fr\u00e8re cadet <a href=\"https:\/\/fr.wikipedia.org\/wiki\/J%C3%A9r%C3%B4me_Champion_de_Cic%C3%A9\" target=\"_blank\" rel=\"noopener\"><strong>J\u00e9r\u00f4me Champion de Cic\u00e9<\/strong>,<\/a> qui professait des conceptions plus ouvertes au changement, eut une carri\u00e8re prestigieuse. Il fut \u00e9v\u00eaque-comte de Rodez, puis archev\u00eaque de Bordeaux et Garde des Sceaux de Louis XVI &#8211; qui l\u2019avait choisi justement pour ses \u00ab\u00a0<em>id\u00e9es avanc\u00e9es<\/em>\u00a0\u00bb -. Il \u00e9migra cependant et revint en France sous le Consulat. Il fut alors nomm\u00e9 archev\u00eaque d\u2019Aix.<\/p>\n<p>Leur s\u0153ur <a href=\"https:\/\/fr.wikipedia.org\/wiki\/Ad%C3%A9la%C3%AFde-Marie_Champion_de_Cic%C3%A9\" target=\"_blank\" rel=\"noopener\"><strong>Ad\u00e9la\u00efde Champion de Cic\u00e9<\/strong><\/a>, form\u00e9e par sa m\u00e8re \u00e0 la pi\u00e9t\u00e9 et \u00e0 la charit\u00e9, fonda en 1791 avec un j\u00e9suite les <a href=\"https:\/\/fr.wikipedia.org\/wiki\/Filles_du_C%C5%93ur_de_Marie\" target=\"_blank\" rel=\"noopener\"><strong>Filles du Coeur de Marie<\/strong><\/a>, des religieuses en habits la\u00efcs et fondues dans le monde pour \u00e9chapper aux sanctions du pouvoir. Elle fut arr\u00eat\u00e9e en 1799, car elle avait donn\u00e9 asile \u00e0 l\u2019un des auteurs de l\u2019attentat de la rue Saint-Nicaise contre le Premier Consul, mais elle fut acquitt\u00e9e.<\/p>\n<p><span style=\"color: #0000ff;\"><strong><em>Avec Jean-Baptiste Champion de Cic\u00e9, 105<sup>\u00e8me<\/sup> et dernier \u00e9v\u00eaque d\u2019Auxerre, s\u2019achevait une histoire de quinze si\u00e8cles, celle du dioc\u00e8se fond\u00e9 par P\u00e8lerin, le martyr de Bouhy, que <a href=\"http:\/\/www.terres-et-seigneurs-en-donziais.fr\/?p=3766\" target=\"_blank\" rel=\"noopener\">l&rsquo;abb\u00e9 Lebeuf<\/a> nous a racont\u00e9e. Celle de notre petite r\u00e9gion lui avait \u00e9t\u00e9 \u00e9troitement li\u00e9e.<\/em><\/strong><\/span><\/p>\n<p><a href=\"http:\/\/www.terres-et-seigneurs-en-donziais.fr\/wp-content\/uploads\/2022\/02\/D2-e1644403748232.jpg\"><img decoding=\"async\" loading=\"lazy\" class=\"alignnone wp-image-7886\" src=\"http:\/\/www.terres-et-seigneurs-en-donziais.fr\/wp-content\/uploads\/2022\/02\/D2-300x296.jpg\" alt=\"\" width=\"120\" height=\"118\" \/><\/a><\/p>\n","protected":false},"excerpt":{"rendered":"<p>En poursuivant nos rencontres avec des personnalit\u00e9s impliqu\u00e9es dans la R\u00e9volution, abordons un cas sp\u00e9cifique\u00a0: Jean-Baptiste CHAMPION de CICE (1725-1805), dernier \u00e9v\u00eaque d\u2019Auxerre, qui en fut un adversaire r\u00e9solu mais \u00e9ph\u00e9m\u00e8re. La suppression de son dioc\u00e8se en 1790 le surprit alors qu\u2019il s\u00e9journait en Allemagne. Il y resta et y mourut. L\u2019itin\u00e9raire de ce pr\u00e9lat &hellip; <a href=\"http:\/\/www.terres-et-seigneurs-en-donziais.fr\/?p=8389\" class=\"more-link\">Continuer la lecture de <span class=\"screen-reader-text\">Figures donziaises dans la R\u00e9volution : Champion de Cic\u00e9<\/span> <span class=\"meta-nav\">&rarr;<\/span><\/a><\/p>\n","protected":false},"author":1,"featured_media":8391,"comment_status":"open","ping_status":"open","sticky":false,"template":"","format":"standard","meta":[],"categories":[1],"tags":[],"_links":{"self":[{"href":"http:\/\/www.terres-et-seigneurs-en-donziais.fr\/index.php?rest_route=\/wp\/v2\/posts\/8389"}],"collection":[{"href":"http:\/\/www.terres-et-seigneurs-en-donziais.fr\/index.php?rest_route=\/wp\/v2\/posts"}],"about":[{"href":"http:\/\/www.terres-et-seigneurs-en-donziais.fr\/index.php?rest_route=\/wp\/v2\/types\/post"}],"author":[{"embeddable":true,"href":"http:\/\/www.terres-et-seigneurs-en-donziais.fr\/index.php?rest_route=\/wp\/v2\/users\/1"}],"replies":[{"embeddable":true,"href":"http:\/\/www.terres-et-seigneurs-en-donziais.fr\/index.php?rest_route=%2Fwp%2Fv2%2Fcomments&post=8389"}],"version-history":[{"count":18,"href":"http:\/\/www.terres-et-seigneurs-en-donziais.fr\/index.php?rest_route=\/wp\/v2\/posts\/8389\/revisions"}],"predecessor-version":[{"id":8410,"href":"http:\/\/www.terres-et-seigneurs-en-donziais.fr\/index.php?rest_route=\/wp\/v2\/posts\/8389\/revisions\/8410"}],"wp:featuredmedia":[{"embeddable":true,"href":"http:\/\/www.terres-et-seigneurs-en-donziais.fr\/index.php?rest_route=\/wp\/v2\/media\/8391"}],"wp:attachment":[{"href":"http:\/\/www.terres-et-seigneurs-en-donziais.fr\/index.php?rest_route=%2Fwp%2Fv2%2Fmedia&parent=8389"}],"wp:term":[{"taxonomy":"category","embeddable":true,"href":"http:\/\/www.terres-et-seigneurs-en-donziais.fr\/index.php?rest_route=%2Fwp%2Fv2%2Fcategories&post=8389"},{"taxonomy":"post_tag","embeddable":true,"href":"http:\/\/www.terres-et-seigneurs-en-donziais.fr\/index.php?rest_route=%2Fwp%2Fv2%2Ftags&post=8389"}],"curies":[{"name":"wp","href":"https:\/\/api.w.org\/{rel}","templated":true}]}}