{"id":8343,"date":"2023-01-14T15:38:31","date_gmt":"2023-01-14T14:38:31","guid":{"rendered":"http:\/\/www.terres-et-seigneurs-en-donziais.fr\/?p=8343"},"modified":"2023-01-15T15:42:00","modified_gmt":"2023-01-15T14:42:00","slug":"figures-donziaises-de-la-revolution-i","status":"publish","type":"post","link":"http:\/\/www.terres-et-seigneurs-en-donziais.fr\/?p=8343","title":{"rendered":"Figures donziaises dans la R\u00e9volution : Mancini-Nivernois"},"content":{"rendered":"<p><strong><em><span style=\"color: #000080;\">Dans la nuit du 4 aout 1789 le r\u00e9gime f\u00e9odal prend fin et l\u2019histoire ancienne que nous racontons, celle des fiefs, des ch\u00e2teaux, des abbayes du Donziais conna\u00eet une rupture.<\/span><\/em><\/strong><\/p>\n<p>Elle est parfois brutale, comme pour les <a href=\"http:\/\/www.terres-et-seigneurs-en-donziais.fr\/?p=218\" target=\"_blank\" rel=\"noopener\"><strong>Chartreux de Bellary<\/strong><\/a>, oblig\u00e9s de quitter leur havre forestier en quelques heures au d\u00e9but de 1790, confisqu\u00e9 et vendu comme \u00ab\u00a0Bien du Clerg\u00e9\u00a0\u00bb ; ou comme pour <a href=\"http:\/\/www.terres-et-seigneurs-en-donziais.fr\/?p=1490\" target=\"_blank\" rel=\"noopener\"><strong>le marquis de la Maison-Fort<\/strong><\/a> (Bitry), devenu agent des Princes, dont la vieille forteresse, vendue comme \u00ab\u00a0Bien de la Nation\u00a0\u00bb apr\u00e8s qu&rsquo;il ait \u00e9migr\u00e9, est d\u00e9pec\u00e9e par ses acheteurs.<\/p>\n<p>La rupture est parfois \u00e9vit\u00e9e comme \u00e0 <a href=\"http:\/\/www.terres-et-seigneurs-en-donziais.fr\/?p=92\" target=\"_blank\" rel=\"noopener\"><strong>Menou<\/strong> <\/a>par la comtesse douairi\u00e8re de Damas-Crux, qui incarne pourtant l\u2019ancienne noblesse. Jouissant du respect des habitants, elle est rest\u00e9e sur place et a pr\u00e9serv\u00e9 son grand ch\u00e2teau et ses terres, qui passeront \u00e0 son fils le <a href=\"https:\/\/fr.wikipedia.org\/wiki\/%C3%89tienne-Charles_de_Damas-Crux\" target=\"_blank\" rel=\"noopener\"><strong>duc de Damas<\/strong><\/a>. La rupture est devanc\u00e9e aux <a href=\"http:\/\/www.terres-et-seigneurs-en-donziais.fr\/?p=80\" target=\"_blank\" rel=\"noopener\"><strong>Granges<\/strong><\/a> (Suilly-la-Tour), que son dernier seigneur vend juste avant les \u00e9v\u00e8nements \u00e0 un notaire de Pouilly, futur administrateur du D\u00e9partement de la Ni\u00e8vre,\u00a0 dont les descendants s\u2019y succ\u00e8deront.<\/p>\n<p>En effet, l\u00e0 o\u00f9 les ch\u00e2teaux et manoirs sont pass\u00e9s aux XVII\u00e8me et XVIII\u00e8me si\u00e8cles aux mains de bourgeois enrichis par la forge, par le commerce du bois ou par leurs charges &#8211; <em>et qui ajoutent les noms des lieux qu\u2019ils poss\u00e8dent \u00e0 leurs patronymes<\/em> \u2013 la continuit\u00e9 pr\u00e9vaut. Ces fiefs \u00e9taient devenus de fait des <em>propri\u00e9t\u00e9s priv\u00e9es<\/em>, lest\u00e9es certes de droits f\u00e9odaux mais c\u00e9d\u00e9es comme des biens ordinaires. Ils les conservent et figurent, avec les acheteurs de Biens nationaux, parmi les b\u00e9n\u00e9ficiaires de la R\u00e9volution. N\u2019ayant plus de <em>seigneur<\/em> <em>suzerain<\/em>, ils n\u2019ont plus de <em>cens <\/em>\u00e0 acquitter\u00a0: ainsi des <em>Beaufils \u00ab\u00a0de G\u00e9rigny\u00a0\u00bb<\/em>, \u00e0 <a href=\"http:\/\/www.terres-et-seigneurs-en-donziais.fr\/?p=245\" target=\"_blank\" rel=\"noopener\"><strong>Vieux-Moulin <\/strong><\/a>(Vielmanay), ou encore des <em>Berger \u00ab\u00a0de Saint-Quentin\u00a0\u00bb<\/em> \u00e0 <a href=\"http:\/\/www.terres-et-seigneurs-en-donziais.fr\/?p=41\" target=\"_blank\" rel=\"noopener\"><strong>Favray<\/strong><\/a> (Saint-Martin-sur-Nohain), ou des <em>Bernot \u00ab\u00a0de Charant\u00a0\u00bb<\/em> \u00e0 <strong><a href=\"http:\/\/www.terres-et-seigneurs-en-donziais.fr\/?p=3223\" target=\"_blank\" rel=\"noopener\">Boisrond<\/a> <\/strong>(Garchy).<\/p>\n<p><span style=\"color: #000080;\"><strong><em>Dans cet environnement rural diversifi\u00e9 et \u00e9volutif que nous nous sommes efforc\u00e9s de d\u00e9crire en d\u00e9tail pour chaque site que nous avons \u00e9tudi\u00e9, quelques figures ont eu, dans un camp ou dans l\u2019autre, de fa\u00e7on parfois inattendue, un r\u00f4le pendant la R\u00e9volution. Nous allons vous les pr\u00e9senter en quelques articles.<\/em><\/strong><\/span><\/p>\n<p><a href=\"http:\/\/www.terres-et-seigneurs-en-donziais.fr\/wp-content\/uploads\/2023\/01\/Mancini-1.jpeg\"><img decoding=\"async\" loading=\"lazy\" class=\"wp-image-8344 aligncenter\" src=\"http:\/\/www.terres-et-seigneurs-en-donziais.fr\/wp-content\/uploads\/2023\/01\/Mancini-1.jpeg\" alt=\"\" width=\"191\" height=\"239\" \/><\/a><\/p>\n<p>A tout seigneur tout honneur\u00a0: <a href=\"https:\/\/fr.wikipedia.org\/wiki\/Louis-Jules_Mancini-Mazarini\" target=\"_blank\" rel=\"noopener\"><strong>Louis Jules dit \u00ab\u00a0<em>Barbon\u00a0<\/em>\u00bb MANCINI-MAZARINI, dernier duc de Nivernais (1716-1798)<\/strong> <\/a>et dernier titulaire de la baronnie de Donzy \u00e9rig\u00e9e en duch\u00e9 avec Nevers par la gr\u00e2ce du cardinal Mazarin son grand-oncle, est pass\u00e9 sans trop de dommage au travers de la tourmente.<\/p>\n<p>Il fut un personnage remarquable de la fin de l\u2019Ancien R\u00e9gime, un peu oubli\u00e9 pourtant. Grand serviteur de l\u2019Etat et lettr\u00e9, il a aussi laiss\u00e9 le souvenir d\u2019un seigneur moderne et relativement ouvert dans son duch\u00e9. Il fut Membre de l\u2019Acad\u00e9mie fran\u00e7aise \u00e0 27 ans, comme po\u00e8te et auteur dramatique sous le nom de \u00ab\u00a0<em>Mancini-Nivernois\u00a0<\/em>\u00bb, apr\u00e8s une br\u00e8ve carri\u00e8re militaire \u2013 sa sant\u00e9 \u00e9tait fragile -. Il fut surtout un grand diplomate : ambassadeur \u00e0 Rome (1748), \u00e0 Berlin (1756) et \u00e0 Londres (1762), puis Ministre d\u2019Etat de Louis XVI en 1787. Emprisonn\u00e9 aux Carmes sous la Terreur, puis lib\u00e9r\u00e9, son intelligence de la situation l&rsquo;avait fait \u00e9chapper \u00e0 la guillotine. N&rsquo;avait-il pas r\u00e9pondu \u00e0 ses juges : \u00ab\u00a0<em>Je n&rsquo;ai montr\u00e9 d&rsquo;autre opinion sinon que tout honn\u00eate homme doit se conformer fid\u00e8lement aux ordonnances\u00a0\u00e9man\u00e9es de sa Nation<\/em>\u00ab\u00a0&#8230;Il mourut \u00e0 Paris en 1798, \u00e2g\u00e9 de 82 ans. Sa sagesse et sa culture, son souci des autres et sa bont\u00e9, lui valurent \u00e0 la fin de ses jours en son h\u00f4tel parisien la consid\u00e9ration g\u00e9n\u00e9rale.<\/p>\n<p><a href=\"http:\/\/www.terres-et-seigneurs-en-donziais.fr\/wp-content\/uploads\/2023\/01\/Louis-Jules-Barbon_Mancini-Mazarin_duc_de_Nivernais_-_Versailles_MV_2983.jpeg\"><img decoding=\"async\" loading=\"lazy\" class=\" wp-image-8345 aligncenter\" src=\"http:\/\/www.terres-et-seigneurs-en-donziais.fr\/wp-content\/uploads\/2023\/01\/Louis-Jules-Barbon_Mancini-Mazarin_duc_de_Nivernais_-_Versailles_MV_2983-246x300.jpeg\" alt=\"\" width=\"187\" height=\"228\" srcset=\"http:\/\/www.terres-et-seigneurs-en-donziais.fr\/wp-content\/uploads\/2023\/01\/Louis-Jules-Barbon_Mancini-Mazarin_duc_de_Nivernais_-_Versailles_MV_2983-246x300.jpeg 246w, http:\/\/www.terres-et-seigneurs-en-donziais.fr\/wp-content\/uploads\/2023\/01\/Louis-Jules-Barbon_Mancini-Mazarin_duc_de_Nivernais_-_Versailles_MV_2983-838x1024.jpeg 838w, http:\/\/www.terres-et-seigneurs-en-donziais.fr\/wp-content\/uploads\/2023\/01\/Louis-Jules-Barbon_Mancini-Mazarin_duc_de_Nivernais_-_Versailles_MV_2983-768x938.jpeg 768w, http:\/\/www.terres-et-seigneurs-en-donziais.fr\/wp-content\/uploads\/2023\/01\/Louis-Jules-Barbon_Mancini-Mazarin_duc_de_Nivernais_-_Versailles_MV_2983-1257x1536.jpeg 1257w, http:\/\/www.terres-et-seigneurs-en-donziais.fr\/wp-content\/uploads\/2023\/01\/Louis-Jules-Barbon_Mancini-Mazarin_duc_de_Nivernais_-_Versailles_MV_2983.jpeg 1637w\" sizes=\"(max-width: 187px) 100vw, 187px\" \/><\/a><\/p>\n<p>Il avait \u00e9pous\u00e9 H\u00e9l\u00e8ne Ph\u00e9lyppeaux de Pontchartrain (1715-1782), dame d\u2019honneur de la reine Marie Leckzinska, fille de <a href=\"https:\/\/fr.wikipedia.org\/wiki\/J%C3%A9r%C3%B4me_Ph%C3%A9lypeaux_de_Pontchartrain\" target=\"_blank\" rel=\"noopener\"><strong>J\u00e9r\u00f4me Ph\u00e9lyppeaux<\/strong><\/a>, ministre et fils de ministre, dont il eut deux filles, duchesses de Belle-Isle et de Coss\u00e9-Brissac, et en secondes noces sa vieille amie Th\u00e9r\u00e8se de Brancas, comtesse de Rochefort.<\/p>\n<p>Il ne se serait rendu en Nivernais que deux fois selon ses biographes : pour une premi\u00e8re entr\u00e9e dans la ville de Nevers avec la duchesse le 22 septembre 1733, il avait alors 17 ans, festivit\u00e9s et cadeaux d\u2019usage furent rondement men\u00e9s puisqu\u2019ils en repartirent le lendemain \u00e0 5 heures du matin. Et apr\u00e8s la mort de son p\u00e8re, en 1769, laissant \u00e0 ses interlocuteurs le souvenir d\u2019un homme affable et attentif aux difficult\u00e9s des uns et des autres. Il avait \u00e9t\u00e9 accueilli \u00e0 Donzy avec force \u00e9loquence par <strong>Jean-Baptiste Voille de Villarnou<\/strong>, avocat en Parlement, procureur fiscal, qui \u00e9tait un de ses anciens condisciples au Coll\u00e8ge Louis-le-Grand.<\/p>\n<p><a href=\"http:\/\/www.terres-et-seigneurs-en-donziais.fr\/wp-content\/uploads\/2023\/01\/Le-duc.jpeg\"><img decoding=\"async\" loading=\"lazy\" class=\" wp-image-8346 aligncenter\" src=\"http:\/\/www.terres-et-seigneurs-en-donziais.fr\/wp-content\/uploads\/2023\/01\/Le-duc-300x156.jpeg\" alt=\"\" width=\"356\" height=\"185\" srcset=\"http:\/\/www.terres-et-seigneurs-en-donziais.fr\/wp-content\/uploads\/2023\/01\/Le-duc-300x156.jpeg 300w, http:\/\/www.terres-et-seigneurs-en-donziais.fr\/wp-content\/uploads\/2023\/01\/Le-duc.jpeg 768w\" sizes=\"(max-width: 356px) 100vw, 356px\" \/><\/a><\/p>\n<p>S\u2019agissant de l\u2019administration du duch\u00e9, dont il ne se d\u00e9sint\u00e9ressait pas mais \u00e0 laquelle il avait peu de temps \u00e0 consacrer, il avait plac\u00e9 toute sa confiance en Antoine-Charles Parmentier (+ 1790), avocat parisien qui apr\u00e8s avoir \u00e9t\u00e9 \u00ab\u00a0<em>Assesseur de la mar\u00e9chauss\u00e9e de France de la table de marbre, r\u00e9sidant \u00e0 Nevers\u00a0<\/em>\u00bb, devint Procureur g\u00e9n\u00e9ral pr\u00e8s la Chambre des Comptes, en charge du suivi des affaires ducales, puis son archiviste. Dans ces derni\u00e8res ann\u00e9es de l\u2019ancien r\u00e9gime, marqu\u00e9es de fa\u00e7on contradictoire par des remises en question audacieuses et par un repli de l\u2019aristocratie sur ses privil\u00e8ges, le duc de Nevers se montra plut\u00f4t ouvert \u00e0 certaines \u00e9volutions. Son int\u00e9r\u00eat pour son duch\u00e9 est confirm\u00e9 par la nomination qu\u2019il fit en 1780 d\u2019un \u00ab <em>Inspecteur g\u00e9n\u00e9ral des domaines et bois, offices et autres propri\u00e9t\u00e9s appartenant \u00e0\u00a0M.\u00a0le duc de Nivernais\u00a0<\/em>\u00bb, un avocat parisien nomm\u00e9 Hilaire Doloret. Pendant 10 ans cet officier visita toutes les ch\u00e2tellenies du duch\u00e9, et \u00e9tablit des comptes-rendus, annot\u00e9s par le duc lui-m\u00eame, qui sont de pr\u00e9cieux t\u00e9moignages sur les derni\u00e8res ann\u00e9es du syst\u00e8me f\u00e9odal.<\/p>\n<p>A la mort du duc, en 1798, ses filles h\u00e9rit\u00e8rent d\u2019une partie du patrimoine qui lui avait \u00e9t\u00e9 restitu\u00e9, car il n&rsquo;avait pas \u00e9migr\u00e9. Le duch\u00e9 avait certes disparu en tant que tel, avec ses ch\u00e2tellenies, les fiefs qui en relevaient et les droits qui y \u00e9taient attach\u00e9s, constituant l\u2019essentiel du revenu ducal. Mais une partie du domaine r\u00e9serv\u00e9 du duc \u00e9tait pr\u00e9serv\u00e9e, qu&rsquo;elles vendirent au fil du temps. Ainsi de <strong>la for\u00eat de Charnouveaux \u00e0 Champlemy<\/strong>, vendue \u00e0 un riche industriel en 1801, avec les forges de <strong>l\u2019Eminence<\/strong> et de <strong>Bailly<\/strong> \u00e0 Donzy, et des <strong>for\u00eats de Donzy et de Ch\u00e2teauneuf<\/strong> dont la possession remontait \u00e0 la f\u00e9odalit\u00e9 la plus ancienne.<\/p>\n<p><strong><em><span style=\"color: #000080;\">Mancini-Nivernois, fid\u00e8le au Roi et choqu\u00e9 par son ex\u00e9cution, ne fut pas un ami de la R\u00e9volution, mais il n\u2019en fut pas non plus un ennemi, lui qui avait sans doute compris au contact des philosophes que les temps anciens \u00e9taient r\u00e9volus et que l&rsquo;administration du Nivernais devait \u00eatre modernis\u00e9e.<\/span><\/em><\/strong><\/p>\n<p style=\"text-align: right;\"><span style=\"color: #000080;\"><strong><em>A SUIVRE !<\/em><\/strong><\/span><\/p>\n<p><a href=\"http:\/\/www.terres-et-seigneurs-en-donziais.fr\/wp-content\/uploads\/2022\/02\/D2-e1644403748232.jpg\"><img decoding=\"async\" loading=\"lazy\" class=\"alignnone wp-image-7886\" src=\"http:\/\/www.terres-et-seigneurs-en-donziais.fr\/wp-content\/uploads\/2022\/02\/D2-300x296.jpg\" alt=\"\" width=\"117\" height=\"115\" \/><\/a><\/p>\n","protected":false},"excerpt":{"rendered":"<p>Dans la nuit du 4 aout 1789 le r\u00e9gime f\u00e9odal prend fin et l\u2019histoire ancienne que nous racontons, celle des fiefs, des ch\u00e2teaux, des abbayes du Donziais conna\u00eet une rupture. Elle est parfois brutale, comme pour les Chartreux de Bellary, oblig\u00e9s de quitter leur havre forestier en quelques heures au d\u00e9but de 1790, confisqu\u00e9 et &hellip; <a href=\"http:\/\/www.terres-et-seigneurs-en-donziais.fr\/?p=8343\" class=\"more-link\">Continuer la lecture de <span class=\"screen-reader-text\">Figures donziaises dans la R\u00e9volution : Mancini-Nivernois<\/span> <span class=\"meta-nav\">&rarr;<\/span><\/a><\/p>\n","protected":false},"author":1,"featured_media":8349,"comment_status":"open","ping_status":"open","sticky":false,"template":"","format":"standard","meta":[],"categories":[1],"tags":[],"_links":{"self":[{"href":"http:\/\/www.terres-et-seigneurs-en-donziais.fr\/index.php?rest_route=\/wp\/v2\/posts\/8343"}],"collection":[{"href":"http:\/\/www.terres-et-seigneurs-en-donziais.fr\/index.php?rest_route=\/wp\/v2\/posts"}],"about":[{"href":"http:\/\/www.terres-et-seigneurs-en-donziais.fr\/index.php?rest_route=\/wp\/v2\/types\/post"}],"author":[{"embeddable":true,"href":"http:\/\/www.terres-et-seigneurs-en-donziais.fr\/index.php?rest_route=\/wp\/v2\/users\/1"}],"replies":[{"embeddable":true,"href":"http:\/\/www.terres-et-seigneurs-en-donziais.fr\/index.php?rest_route=%2Fwp%2Fv2%2Fcomments&post=8343"}],"version-history":[{"count":22,"href":"http:\/\/www.terres-et-seigneurs-en-donziais.fr\/index.php?rest_route=\/wp\/v2\/posts\/8343\/revisions"}],"predecessor-version":[{"id":8383,"href":"http:\/\/www.terres-et-seigneurs-en-donziais.fr\/index.php?rest_route=\/wp\/v2\/posts\/8343\/revisions\/8383"}],"wp:featuredmedia":[{"embeddable":true,"href":"http:\/\/www.terres-et-seigneurs-en-donziais.fr\/index.php?rest_route=\/wp\/v2\/media\/8349"}],"wp:attachment":[{"href":"http:\/\/www.terres-et-seigneurs-en-donziais.fr\/index.php?rest_route=%2Fwp%2Fv2%2Fmedia&parent=8343"}],"wp:term":[{"taxonomy":"category","embeddable":true,"href":"http:\/\/www.terres-et-seigneurs-en-donziais.fr\/index.php?rest_route=%2Fwp%2Fv2%2Fcategories&post=8343"},{"taxonomy":"post_tag","embeddable":true,"href":"http:\/\/www.terres-et-seigneurs-en-donziais.fr\/index.php?rest_route=%2Fwp%2Fv2%2Ftags&post=8343"}],"curies":[{"name":"wp","href":"https:\/\/api.w.org\/{rel}","templated":true}]}}