{"id":8314,"date":"2023-01-04T18:29:47","date_gmt":"2023-01-04T17:29:47","guid":{"rendered":"http:\/\/www.terres-et-seigneurs-en-donziais.fr\/?p=8314"},"modified":"2023-01-04T18:48:42","modified_gmt":"2023-01-04T17:48:42","slug":"la-forteresse-de-giry","status":"publish","type":"post","link":"http:\/\/www.terres-et-seigneurs-en-donziais.fr\/?p=8314","title":{"rendered":"La forteresse de Giry"},"content":{"rendered":"<p style=\"text-align: center;\"><span style=\"font-size: 10pt; color: #3366ff;\"><em>(Illustration : armes des Veilhan)<\/em><\/span><\/p>\n<p><span style=\"color: #0000ff;\"><strong><em>Nous poursuivons la d\u00e9couverte de sites m\u00e9di\u00e9vaux proches du Donziais avec le ch\u00e2teau de Giry, dans la haute vall\u00e9e de la Ni\u00e8vre d&rsquo;Arzembouy, qui est l\u2019une des belles forteresses du Nivernais.<\/em><\/strong><\/span><\/p>\n<p>Le fief relevait de <strong>Montenoison<\/strong> et des sires de Giry sont cit\u00e9s depuis les temps les plus recul\u00e9s de la f\u00e9odalit\u00e9. Il avait des arri\u00e8re-fiefs dans le voisinage, dont Montigny et Gipy, dans la m\u00eame paroisse.<\/p>\n<p>Le seigneur de Giry \u00e9tant entr\u00e9 au monast\u00e8re de Seyr (<a href=\"https:\/\/fr.wikipedia.org\/wiki\/Prieur%C3%A9_Notre-Dame_de_La_Charit%C3%A9-sur-Loire\" target=\"_blank\" rel=\"noopener\"><strong>La Charit\u00e9<\/strong><\/a>) le fief revint aux <a href=\"http:\/\/www.terres-et-seigneurs-en-donziais.fr\/?page_id=525\" target=\"_blank\" rel=\"noopener\"><strong>comtes de Nevers<\/strong> <\/a>au XI\u00e8me si\u00e8cle. Le comte Guillaume II le donna \u00e0 Hugues de Thil, son fameux S\u00e9n\u00e9chal, compagnon de ses exp\u00e9ditions en Terre Sainte, en 1146.<\/p>\n<p>On trouve Giry au d\u00e9but du XIII\u00e8me aux mains des puissants <strong>sires de Thianges<\/strong> qui d\u00e9tenaient \u00e9galement <a href=\"https:\/\/fr.wikipedia.org\/wiki\/Ch%C3%A2teau_de_Rosemont\" target=\"_blank\" rel=\"noopener\"><strong>Rosemont<\/strong><\/a> et bien d\u2019autres lieux, pendant plusieurs g\u00e9n\u00e9rations.<\/p>\n<p>Il passe par acquisition aux <a href=\"http:\/\/www.terres-et-seigneurs-en-donziais.fr\/?p=90\" target=\"_blank\" rel=\"noopener\"><strong>sires de la Rivi\u00e8re<\/strong> <\/a>(branche de Champlemy) au XV\u00e8me, divis\u00e9 alors en deux parties, puis aux Veilhan qui s\u2019identifieront au site pendant 200 ans avant de le vendre aux Choiseul-Chevigny, sgrs de <strong>La Rivi\u00e8re<\/strong> \u00e0 Couloutre.<\/p>\n<p>C\u2019est dire combien la d\u00e9volution de Giry, proche g\u00e9ographiquement du Donziais, nous int\u00e9resse.<\/p>\n<p><a href=\"http:\/\/www.terres-et-seigneurs-en-donziais.fr\/wp-content\/uploads\/2023\/01\/Giry.jpg\">\u00a0 \u00a0 \u00a0 \u00a0 \u00a0 \u00a0 \u00a0 \u00a0 \u00a0 \u00a0 \u00a0 \u00a0 \u00a0 \u00a0 \u00a0 <img decoding=\"async\" loading=\"lazy\" class=\"alignnone wp-image-8316\" src=\"http:\/\/www.terres-et-seigneurs-en-donziais.fr\/wp-content\/uploads\/2023\/01\/Giry-300x201.jpg\" alt=\"\" width=\"397\" height=\"266\" srcset=\"http:\/\/www.terres-et-seigneurs-en-donziais.fr\/wp-content\/uploads\/2023\/01\/Giry-300x201.jpg 300w, http:\/\/www.terres-et-seigneurs-en-donziais.fr\/wp-content\/uploads\/2023\/01\/Giry-768x514.jpg 768w, http:\/\/www.terres-et-seigneurs-en-donziais.fr\/wp-content\/uploads\/2023\/01\/Giry.jpg 840w\" sizes=\"(max-width: 397px) 100vw, 397px\" \/><\/a><\/p>\n<p>Le ch\u00e2teau lui-m\u00eame, des XIV\u00e8me-XV\u00e8me et XVI\u00e8me si\u00e8cles, est un monument imposant, qui surplombe la vall\u00e9e depuis un escarpement, avec des \u00e9l\u00e9ments architecturaux originaux. De plan barlong il \u00e9tait entour\u00e9 de quatre tours rondes, dont seules deux subsistent, avec un porche fortifi\u00e9. Le corps de logis du XVI\u00e8me si\u00e8cle au d\u00e9cor gothique, d\u00fb aux Veilhan, comprend <strong>une tourelle hexagonale accost\u00e9e d\u2019une magnifique galerie couverte en encorbellement<\/strong>, unique dans la r\u00e9gion.<\/p>\n<p><span style=\"color: #0000ff;\"><strong><em>Voyez ci-dessous une notice qui d\u00e9crit la succession des seigneurs de Giry. Merci de nous aider \u00e0 en \u00e9clairer les zones d&rsquo;ombre&#8230;<\/em><\/strong><\/span><\/p>\n<p style=\"text-align: center;\"><span style=\"font-size: 14pt;\"><strong><em><a href=\"http:\/\/www.terres-et-seigneurs-en-donziais.fr\/wp-content\/uploads\/2023\/01\/Giry.pdf\" target=\"_blank\" rel=\"noopener\"><span style=\"font-size: 18pt;\">Giry<\/span> <\/a><\/em><\/strong><em><a href=\"http:\/\/www.terres-et-seigneurs-en-donziais.fr\/wp-content\/uploads\/2023\/01\/Giry.pdf\" target=\"_blank\" rel=\"noopener\"><span style=\"font-size: 12pt; color: #000000;\">(V1 du 4\/1\/23)<\/span><\/a><\/em><\/span><\/p>\n<p><a href=\"http:\/\/www.terres-et-seigneurs-en-donziais.fr\/wp-content\/uploads\/2022\/02\/D2-e1644403748232.jpg\"><img decoding=\"async\" loading=\"lazy\" class=\"alignnone wp-image-7886\" src=\"http:\/\/www.terres-et-seigneurs-en-donziais.fr\/wp-content\/uploads\/2022\/02\/D2-300x296.jpg\" alt=\"\" width=\"120\" height=\"118\" \/><\/a><\/p>\n<p>&nbsp;<\/p>\n","protected":false},"excerpt":{"rendered":"<p>(Illustration : armes des Veilhan) Nous poursuivons la d\u00e9couverte de sites m\u00e9di\u00e9vaux proches du Donziais avec le ch\u00e2teau de Giry, dans la haute vall\u00e9e de la Ni\u00e8vre d&rsquo;Arzembouy, qui est l\u2019une des belles forteresses du Nivernais. Le fief relevait de Montenoison et des sires de Giry sont cit\u00e9s depuis les temps les plus recul\u00e9s de &hellip; <a href=\"http:\/\/www.terres-et-seigneurs-en-donziais.fr\/?p=8314\" class=\"more-link\">Continuer la lecture de <span class=\"screen-reader-text\">La forteresse de Giry<\/span> <span class=\"meta-nav\">&rarr;<\/span><\/a><\/p>\n","protected":false},"author":1,"featured_media":8322,"comment_status":"open","ping_status":"open","sticky":false,"template":"","format":"standard","meta":[],"categories":[44,5],"tags":[1110,1109,1107,432,1108,1111,415],"_links":{"self":[{"href":"http:\/\/www.terres-et-seigneurs-en-donziais.fr\/index.php?rest_route=\/wp\/v2\/posts\/8314"}],"collection":[{"href":"http:\/\/www.terres-et-seigneurs-en-donziais.fr\/index.php?rest_route=\/wp\/v2\/posts"}],"about":[{"href":"http:\/\/www.terres-et-seigneurs-en-donziais.fr\/index.php?rest_route=\/wp\/v2\/types\/post"}],"author":[{"embeddable":true,"href":"http:\/\/www.terres-et-seigneurs-en-donziais.fr\/index.php?rest_route=\/wp\/v2\/users\/1"}],"replies":[{"embeddable":true,"href":"http:\/\/www.terres-et-seigneurs-en-donziais.fr\/index.php?rest_route=%2Fwp%2Fv2%2Fcomments&post=8314"}],"version-history":[{"count":8,"href":"http:\/\/www.terres-et-seigneurs-en-donziais.fr\/index.php?rest_route=\/wp\/v2\/posts\/8314\/revisions"}],"predecessor-version":[{"id":8326,"href":"http:\/\/www.terres-et-seigneurs-en-donziais.fr\/index.php?rest_route=\/wp\/v2\/posts\/8314\/revisions\/8326"}],"wp:featuredmedia":[{"embeddable":true,"href":"http:\/\/www.terres-et-seigneurs-en-donziais.fr\/index.php?rest_route=\/wp\/v2\/media\/8322"}],"wp:attachment":[{"href":"http:\/\/www.terres-et-seigneurs-en-donziais.fr\/index.php?rest_route=%2Fwp%2Fv2%2Fmedia&parent=8314"}],"wp:term":[{"taxonomy":"category","embeddable":true,"href":"http:\/\/www.terres-et-seigneurs-en-donziais.fr\/index.php?rest_route=%2Fwp%2Fv2%2Fcategories&post=8314"},{"taxonomy":"post_tag","embeddable":true,"href":"http:\/\/www.terres-et-seigneurs-en-donziais.fr\/index.php?rest_route=%2Fwp%2Fv2%2Ftags&post=8314"}],"curies":[{"name":"wp","href":"https:\/\/api.w.org\/{rel}","templated":true}]}}