{"id":82,"date":"2015-04-06T13:30:09","date_gmt":"2015-04-06T12:30:09","guid":{"rendered":"http:\/\/www.terres-et-seigneurs-en-donziais.fr\/?p=82"},"modified":"2025-05-22T15:35:46","modified_gmt":"2025-05-22T14:35:46","slug":"vergers","status":"publish","type":"post","link":"http:\/\/www.terres-et-seigneurs-en-donziais.fr\/?p=82","title":{"rendered":"Vergers, un domaine de Saint Germain&#8230;"},"content":{"rendered":"<p style=\"text-align: center;\"><span style=\"color: #0000ff;\"><span style=\"font-size: 14px;\"><em>(Illustration : ch\u00e2teau de Vergers)<\/em><\/span><\/span><\/p>\n<p style=\"text-align: justify;\"><span style=\"font-size: 16px;\">Le ch\u00e2teau actuel de <strong>Vergers \u00e0 Suilly-la-Tour,<\/strong> de style n\u00e9o-gothique (inspir\u00e9 par\u00a0<strong><a href=\"http:\/\/fr.wikipedia.org\/wiki\/Charles_Garnier_(architecte)\" target=\"_blank\" rel=\"noopener\">Charles Garnier<\/a>\u00a0<\/strong>et <a href=\"https:\/\/fr.wikipedia.org\/wiki\/Eug\u00e8ne_Viollet-le-Duc\" target=\"_blank\" rel=\"noopener\"><strong>Eug\u00e8ne Viollet-le-Duc<\/strong><\/a>), et qui emprunte aux techniques modernes de construction (charpente m\u00e9tallique des Ateliers de <strong><a href=\"https:\/\/fr.wikipedia.org\/wiki\/Gustave_Eiffel\" target=\"_blank\" rel=\"noopener\">Gustave\u00a0Eiffel<\/a><\/strong>) a \u00e9t\u00e9 construit sur les ruines d\u2019une ancienne forteresse f\u00e9odale, dont l\u2019emprise est toujours visible au sol. Une repr\u00e9sentation grav\u00e9e de\u00a0l&rsquo;ancien ch\u00e2teau de Vergers figure\u00a0dans l&rsquo;Album de Morellet, Barat et Bussi\u00e8re.\u00a0<\/span><\/p>\n<p style=\"text-align: justify;\">\u00a0 \u00a0 \u00a0 \u00a0 \u00a0 \u00a0 \u00a0 \u00a0 \u00a0 \u00a0 \u00a0 \u00a0 \u00a0 \u00a0 \u00a0 \u00a0 \u00a0 \u00a0 \u00a0 \u00a0 \u00a0 \u00a0 \u00a0<a href=\"http:\/\/www.terres-et-seigneurs-en-donziais.fr\/wp-content\/uploads\/2015\/04\/P1000639.jpg\"><img decoding=\"async\" loading=\"lazy\" class=\"alignnone size-medium wp-image-3145\" src=\"http:\/\/www.terres-et-seigneurs-en-donziais.fr\/wp-content\/uploads\/2015\/04\/P1000639-300x201.jpg\" alt=\"P1000639\" width=\"300\" height=\"201\" srcset=\"http:\/\/www.terres-et-seigneurs-en-donziais.fr\/wp-content\/uploads\/2015\/04\/P1000639-300x201.jpg 300w, http:\/\/www.terres-et-seigneurs-en-donziais.fr\/wp-content\/uploads\/2015\/04\/P1000639-1024x685.jpg 1024w\" sizes=\"(max-width: 300px) 100vw, 300px\" \/><\/a><\/p>\n<p style=\"text-align: justify;\"><span style=\"font-size: 16px;\">Cette terre est r\u00e9put\u00e9e avoir appartenu, comme une bonne partie de la r\u00e9gion,\u00a0au grand\u00a0<strong><a href=\"http:\/\/orthodoxie.pagesperso-orange.fr\/textes\/fete_st_germain.html\" target=\"_blank\" rel=\"noopener\">Saint\u00a0Germain d\u2019Auxerre<\/a><\/strong>, qui en aurait fait don \u00e0 son \u00e9v\u00each\u00e9. Une chapelle d\u00e9di\u00e9e \u00e0 Saint Pallade y avait \u00e9t\u00e9 construite au VI\u00e8me si\u00e8cle. L&rsquo;\u00e9glise\u00a0<strong><a href=\"http:\/\/auxerre.historique.free.fr\/Personnages\/eveques\/saint_pallade.htm\" target=\"_blank\" rel=\"noopener\">Saint\u00a0Pallade<\/a><\/strong> de Suilly-Vergers, de style gothique et qui eut un temps le statut d&rsquo;\u00e9glise paroissiale et\u00a0se trouve aujourd&rsquo;hui dans le parc du ch\u00e2teau,\u00a0lui a succ\u00e9d\u00e9.<\/span><\/p>\n<p style=\"text-align: justify;\"><span style=\"font-size: 16px;\">Le premier ch\u00e2teau f\u00e9odal aurait \u00e9t\u00e9 construit au d\u00e9but du XIV\u00e8me si\u00e8cle par des seigneurs particuliers mal identifi\u00e9s.<\/span><\/p>\n<p>La d\u00e9volution pr\u00e9cise du fief est \u00e9tablie \u00e0 partir du XV\u00e8me si\u00e8cle avec la <strong>famille d&rsquo;Armes<\/strong><span style=\"font-size: 16px;\">. Elle tint Vergers pendant plus d\u2019un si\u00e8cle, et Valentine d\u2019Armes l\u2019apporta par mariage aux <strong>Chabannes<\/strong> en 1570. On peut supposer que le ch\u00e2teau fut \u00ab\u00a0modernis\u00e9\u00a0\u00bb pendant cette p\u00e9riode, touchant au go\u00fbt de la Renaissance.<\/span><\/p>\n<p style=\"text-align: justify;\"><span style=\"font-size: 16px;\">Fran\u00e7ois de Chabannes, comte de Saignes, fut le premier seigneur de Vergers de cette lign\u00e9e prestigieuse (cf. <strong><a href=\"http:\/\/racineshistoire.free.fr\/LGN\/PDF\/Chabannes.pdf\" target=\"_blank\" rel=\"noopener\">Chabannes<\/a><\/strong> sur Racines-Histoire) qu\u2019on disait issue des comtes d\u2019Angoul\u00eame. Ils tinrent Vergers pendant pr\u00e8s de deux si\u00e8cles.\u00a0Paul de Chabannes vendit finalement ce vieux fief, o\u00f9 la famille ne r\u00e9sidait plus depuis longtemps,\u00a0et la forge qui y \u00e9tait associ\u00e9e, aux moines de la Chartreuse de\u00a0<strong><a href=\"http:\/\/www.terres-et-seigneurs-en-donziais.fr\/?p=218\" target=\"_blank\" rel=\"noopener\">Bellary<\/a>\u00a0<\/strong>en 1714. L&rsquo;abbaye disparut \u00e0 la R\u00e9volution. Vergers et sa forge furent vendus comme l&rsquo;ensemble de ses biens. Le vieux ch\u00e2teau fut remplac\u00e9 par l&rsquo;\u00e9difice actuel sous le second Empire,\u00a0et\u00a0l&rsquo;activit\u00e9 metallurgique cessa \u00e0 la fin du XIX\u00e8me si\u00e8cle.<\/span><\/p>\n<p style=\"text-align: justify;\"><span style=\"font-size: 16px;\">Voyez le tr\u00e8s joli site municipal de Suilly :\u00a0<strong><a href=\"http:\/\/www.suillylatour.fr\" target=\"_blank\" rel=\"noopener\">www.suillylatour.fr<\/a><\/strong><\/span><\/p>\n<p style=\"text-align: justify;\"><span style=\"font-size: 16px;\"><span style=\"color: #0000ff;\"><strong>Voyez la notice d\u00e9taill\u00e9e <\/strong><strong>qui suit sur la succession des seigneurs :<\/strong><\/span><\/span><\/p>\n<p style=\"text-align: center;\"><span style=\"font-size: 18pt;\"><strong><em><a href=\"http:\/\/www.terres-et-seigneurs-en-donziais.fr\/wp-content\/uploads\/2015\/04\/Vergers-reprise-25.pdf\" target=\"_blank\" rel=\"noopener\">Vergers <\/a><\/em><\/strong><\/span>\u00a0<em>(V. compl. reprise en mai 2025)<\/em><\/p>\n<p style=\"text-align: justify;\"><a href=\"http:\/\/www.terres-et-seigneurs-en-donziais.fr\/wp-content\/uploads\/2015\/09\/D-enlumin\u00e9-e1443770692908.jpeg\"><img decoding=\"async\" loading=\"lazy\" class=\"alignnone size-full wp-image-1748\" src=\"http:\/\/www.terres-et-seigneurs-en-donziais.fr\/wp-content\/uploads\/2015\/09\/D-enlumin\u00e9-e1443770692908.jpeg\" alt=\"D enlumin\u00e9\" width=\"80\" height=\"80\" \/><\/a><\/p>\n","protected":false},"excerpt":{"rendered":"<p>(Illustration : ch\u00e2teau de Vergers) Le ch\u00e2teau actuel de Vergers \u00e0 Suilly-la-Tour, de style n\u00e9o-gothique (inspir\u00e9 par\u00a0Charles Garnier\u00a0et Eug\u00e8ne Viollet-le-Duc), et qui emprunte aux techniques modernes de construction (charpente m\u00e9tallique des Ateliers de Gustave\u00a0Eiffel) a \u00e9t\u00e9 construit sur les ruines d\u2019une ancienne forteresse f\u00e9odale, dont l\u2019emprise est toujours visible au sol. Une repr\u00e9sentation grav\u00e9e de\u00a0l&rsquo;ancien &hellip; <a href=\"http:\/\/www.terres-et-seigneurs-en-donziais.fr\/?p=82\" class=\"more-link\">Continuer la lecture de <span class=\"screen-reader-text\">Vergers, un domaine de Saint Germain&#8230;<\/span> <span class=\"meta-nav\">&rarr;<\/span><\/a><\/p>\n","protected":false},"author":1,"featured_media":211,"comment_status":"open","ping_status":"open","sticky":false,"template":"","format":"standard","meta":[],"categories":[11,5,22,4],"tags":[63,59,58,57,19,62,60,61,55,56,54],"_links":{"self":[{"href":"http:\/\/www.terres-et-seigneurs-en-donziais.fr\/index.php?rest_route=\/wp\/v2\/posts\/82"}],"collection":[{"href":"http:\/\/www.terres-et-seigneurs-en-donziais.fr\/index.php?rest_route=\/wp\/v2\/posts"}],"about":[{"href":"http:\/\/www.terres-et-seigneurs-en-donziais.fr\/index.php?rest_route=\/wp\/v2\/types\/post"}],"author":[{"embeddable":true,"href":"http:\/\/www.terres-et-seigneurs-en-donziais.fr\/index.php?rest_route=\/wp\/v2\/users\/1"}],"replies":[{"embeddable":true,"href":"http:\/\/www.terres-et-seigneurs-en-donziais.fr\/index.php?rest_route=%2Fwp%2Fv2%2Fcomments&post=82"}],"version-history":[{"count":46,"href":"http:\/\/www.terres-et-seigneurs-en-donziais.fr\/index.php?rest_route=\/wp\/v2\/posts\/82\/revisions"}],"predecessor-version":[{"id":9476,"href":"http:\/\/www.terres-et-seigneurs-en-donziais.fr\/index.php?rest_route=\/wp\/v2\/posts\/82\/revisions\/9476"}],"wp:featuredmedia":[{"embeddable":true,"href":"http:\/\/www.terres-et-seigneurs-en-donziais.fr\/index.php?rest_route=\/wp\/v2\/media\/211"}],"wp:attachment":[{"href":"http:\/\/www.terres-et-seigneurs-en-donziais.fr\/index.php?rest_route=%2Fwp%2Fv2%2Fmedia&parent=82"}],"wp:term":[{"taxonomy":"category","embeddable":true,"href":"http:\/\/www.terres-et-seigneurs-en-donziais.fr\/index.php?rest_route=%2Fwp%2Fv2%2Fcategories&post=82"},{"taxonomy":"post_tag","embeddable":true,"href":"http:\/\/www.terres-et-seigneurs-en-donziais.fr\/index.php?rest_route=%2Fwp%2Fv2%2Ftags&post=82"}],"curies":[{"name":"wp","href":"https:\/\/api.w.org\/{rel}","templated":true}]}}