{"id":80,"date":"2015-04-06T13:29:32","date_gmt":"2015-04-06T12:29:32","guid":{"rendered":"http:\/\/www.terres-et-seigneurs-en-donziais.fr\/?p=80"},"modified":"2025-07-30T08:59:08","modified_gmt":"2025-07-30T07:59:08","slug":"les-granges","status":"publish","type":"post","link":"http:\/\/www.terres-et-seigneurs-en-donziais.fr\/?p=80","title":{"rendered":"Les Granges, au miroir du Nohain"},"content":{"rendered":"<p style=\"text-align: center;\"><span style=\"color: #0000ff;\"><span style=\"font-size: 14px;\"><em>(Illustration : ch\u00e2teau des Granges)<\/em><\/span><\/span><\/p>\n<p style=\"text-align: justify;\"><span style=\"font-size: 16px;\"><span style=\"color: #006400;\">Serti par ses douves et par les saules sous lesquels courent les eaux du Nohain, le beau \u00a0<strong>ch\u00e2teau des Granges<\/strong> \u00e0 Suilly-la-Tour\u00a0offre l\u2019image de la douceur de vivre \u00e0 la fin\u00a0de la Renaissance. Il a pris\u00a0la place du ch\u00e2teau f\u00e9odal construit dans la seconde moiti\u00e9 du XIV\u00e8me si\u00e8cle par Jean ou Bureau de La Rivi\u00e8re, oncles du grand <strong><a href=\"http:\/\/fr.wikipedia.org\/wiki\/Bureau_de_La_Rivi\u00e8re\" target=\"_blank\" rel=\"noopener\">Bureau de La Rivi\u00e8re<\/a><\/strong>. <\/span><\/span><\/p>\n<p style=\"text-align: justify;\"><span style=\"font-size: 16px;\"><span style=\"color: #006400;\">Ce fief\u00a0leur avait \u00e9t\u00e9 donn\u00e9 par le comte de Nevers, Robert\u00a0de Flandre au tout d\u00e9but du XIV\u00e8me si\u00e8cle. Il fut augment\u00e9 par une\u00a0alliance avec l&rsquo;h\u00e9riti\u00e8re de Guillaume Le\u00a0Paulmier, sgr de Nevoy (pr\u00e8s Gien), un chevalier fort riche mais\u00a0dont on sait peu de choses. Les sires de La Rivi\u00e8re,\u00a0grande famille du Donziais\u00a0dont le fief d&rsquo;origine est \u00e0 Couloutre (voir <strong><a href=\"http:\/\/www.terres-et-seigneurs-en-donziais.fr\/?p=90\" target=\"_blank\" rel=\"noopener\">article La Rivi\u00e8re<\/a><\/strong>)\u00a0n\u2019ont\u00a0pas conserv\u00e9 tr\u00e8s longtemps les Granges, dont l<\/span><\/span><span style=\"font-size: 16px;\"><span style=\"color: #006400;\">e destin est fait de ventes successives.<\/span><\/span><\/p>\n<p style=\"text-align: justify;\"><span style=\"font-size: 16px;\"><span style=\"color: #006400;\">D\u00e8s la seconde moiti\u00e9 du XV\u00e8me si\u00e8cle, il se trouve aux mains de Jean de Thiard, sgr de Mont-Saint-Sulpice, en Auxerrois,\u00a0puis de Jean de La Porte, Lieutenant criminel \u00e0 la pr\u00e9v\u00f4t\u00e9 de Paris. Ils\u00a0avaient tous les deux\u00a0\u00e9pous\u00e9 les filles de Germain Trouv\u00e9,\u00a0juriste d\u2019Auxerre, enrichi par diff\u00e9rentes missions pour le duc de Bourgogne, qui aurait acquis les Granges\u00a0vers 1450.<\/span><\/span><\/p>\n<p style=\"text-align: justify;\"><span style=\"font-size: 16px;\"><span style=\"color: #006400;\">En 1513, le fief est revendu \u00e0\u00a0la famille du Broc, originaire du Brabant\u00a0: Edmond du Broc est \u00e0 la fois <strong><a href=\"http:\/\/www.terres-et-seigneurs-en-donziais.fr\/?p=114\" target=\"_blank\" rel=\"noopener\">seigneur du Nozet<\/a><\/strong>\u00a0(voir cet article) et des Granges. Son second fils\u00a0Guillaume, Lieutenant criminel au bailliage d\u2019Auxerre, h\u00e9rita des Granges. Les du Broc entreprirent la reconstruction du ch\u00e2teau, qui fut interrompue, semble-t-il, par les guerres de religion.\u00a0<\/span><\/span><\/p>\n<p style=\"text-align: justify;\"><span style=\"font-size: 16px;\"><span style=\"color: #006400;\">En 1591, les h\u00e9ritiers de Guillaume du Broc vendent les Granges \u00e0 Jacques de Forgues, un \u00ab\u00a0<em>receveur des aides et tailles<\/em>\u00a0\u00bb d&rsquo;origine b\u00e9arnaise. La r\u00e9gion avait beaucoup souffert des guerres pendant lesquelles Henri IV \u00e9tait aux prises avec la Ligue. La paix revenue, le nouveau seigneur des Granges, alors <strong><a href=\"http:\/\/fr.wikipedia.org\/wiki\/Maison_du_roi\" target=\"_blank\" rel=\"noopener\">Secr\u00e9taire ordinaire de la Chambre du Roi<\/a>,<\/strong> poursuivit les travaux. La date de 1605, inscrite en\u00a0plusieurs endroits du ch\u00e2teau, indique la fin du chantier.<\/span><\/span><\/p>\n<p style=\"text-align: justify;\"><span style=\"font-size: 16px;\"><span style=\"color: #006400;\">Quelques ann\u00e9es apr\u00e8s, sa fille Claude fit entrer les Granges dans une puissante famille nivernaise en \u00e9pousant Louis de La Chasseigne, baron de Givry, seigneur de Rosemont et d\u2019Uxeloup, Procureur g\u00e9n\u00e9ral du Duch\u00e9 de\u00a0Nivernais.<\/span><\/span><\/p>\n<p style=\"text-align: justify;\"><span style=\"font-size: 16px;\"><span style=\"color: #006400;\">En 1719, la veuve de Louis-Balthazar de La Chasseigne vendait la propri\u00e9t\u00e9 \u00e0 Joseph Grassin, de Sens, dont les anc\u00eatres avaient fond\u00e9 un \u00ab\u00a0<strong><a href=\"https:\/\/fr.wikipedia.org\/wiki\/Coll\u00e8ge_des_Grassins\" target=\"_blank\" rel=\"noopener\">coll\u00e8ge<\/a><\/strong>\u00a0\u00bb \u00e0 Paris.\u00a0Sa fille l\u2019apporta enfin \u00e0 Charles <strong><a href=\"https:\/\/fr.wikipedia.org\/wiki\/Famille_de_Percy\" target=\"_blank\" rel=\"noopener\">de Percy<\/a><\/strong>, d\u2019une vieille famille de Normandie. Ils\u00a0en furent les derniers\u00a0seigneurs.<\/span><\/span><\/p>\n<p style=\"text-align: justify;\"><span style=\"font-size: 16px;\"><span style=\"color: #006400;\">Acquis en 1792\u00a0par Guillaume Guillerault, notaire \u00e0 Pouilly et\u00a0administrateur\u00a0du d\u00e9partement de la Ni\u00e8vre, les Granges ont appartenu \u00e0 ses descendants ou\u00a0\u00e0 leurs h\u00e9ritiers, jusqu\u2019\u00e0 ces derni\u00e8res ann\u00e9es.\u00a0<\/span><\/span><\/p>\n<p style=\"text-align: justify;\"><span style=\"font-size: 16px;\"><span style=\"color: #006400;\">Voyez le tr\u00e8s joli site municipal de Suilly :\u00a0<\/span><strong><a href=\"http:\/\/www.suillylatour.fr\" target=\"_blank\" rel=\"noopener\">www.suillylatour.fr<\/a><\/strong><\/span><\/p>\n<p style=\"text-align: justify;\"><strong><span style=\"color: #0000cd;\"><em><span style=\"font-size: 16px;\">V<\/span><\/em><span style=\"font-size: 16px;\">oyez ci-dessous la notice pr\u00e9sentant la suite complexe des seigneurs de la Rachonni\u00e8re et des Granges. Nous avons tent\u00e9\u00a0de clarifier certains points. <\/span><em><span style=\"font-size: 16px;\">Votre point de vue \u00e0 ce sujet nous int\u00e9resse&#8230;<\/span><\/em><\/span><\/strong><\/p>\n<p style=\"text-align: center;\"><em><strong><span style=\"font-size: 18pt;\"><a href=\"http:\/\/www.terres-et-seigneurs-en-donziais.fr\/wp-content\/uploads\/2015\/04\/Les-Granges.pdf\" target=\"_blank\" rel=\"noopener\">Les Granges<\/a><a href=\"http:\/\/www.terres-et-seigneurs-en-donziais.fr\/wp-content\/uploads\/2015\/04\/Les-Granges.pdf\" target=\"_blank\" rel=\"noopener\">\u00a0<\/a><\/span><\/strong><\/em><span style=\"font-size: 16px;\"><em>(version corrig\u00e9e le 12\/3\/23)<\/em><\/span><\/p>\n<p style=\"text-align: justify;\"><a href=\"http:\/\/www.terres-et-seigneurs-en-donziais.fr\/wp-content\/uploads\/2015\/09\/D-enlumin\u00e9-e1443770692908.jpeg\"><img decoding=\"async\" loading=\"lazy\" class=\"alignnone size-full wp-image-1748\" src=\"http:\/\/www.terres-et-seigneurs-en-donziais.fr\/wp-content\/uploads\/2015\/09\/D-enlumin\u00e9-e1443770692908.jpeg\" alt=\"D enlumin\u00e9\" width=\"80\" height=\"80\" \/><\/a><\/p>\n<p style=\"text-align: justify;\">\n","protected":false},"excerpt":{"rendered":"<p>(Illustration : ch\u00e2teau des Granges) Serti par ses douves et par les saules sous lesquels courent les eaux du Nohain, le beau \u00a0ch\u00e2teau des Granges \u00e0 Suilly-la-Tour\u00a0offre l\u2019image de la douceur de vivre \u00e0 la fin\u00a0de la Renaissance. Il a pris\u00a0la place du ch\u00e2teau f\u00e9odal construit dans la seconde moiti\u00e9 du XIV\u00e8me si\u00e8cle par Jean &hellip; <a href=\"http:\/\/www.terres-et-seigneurs-en-donziais.fr\/?p=80\" class=\"more-link\">Continuer la lecture de <span class=\"screen-reader-text\">Les Granges, au miroir du Nohain<\/span> <span class=\"meta-nav\">&rarr;<\/span><\/a><\/p>\n","protected":false},"author":1,"featured_media":924,"comment_status":"open","ping_status":"open","sticky":false,"template":"","format":"standard","meta":[],"categories":[11,5,22,4],"tags":[132,139,131,135,140,17,138,136,137,134,133],"_links":{"self":[{"href":"http:\/\/www.terres-et-seigneurs-en-donziais.fr\/index.php?rest_route=\/wp\/v2\/posts\/80"}],"collection":[{"href":"http:\/\/www.terres-et-seigneurs-en-donziais.fr\/index.php?rest_route=\/wp\/v2\/posts"}],"about":[{"href":"http:\/\/www.terres-et-seigneurs-en-donziais.fr\/index.php?rest_route=\/wp\/v2\/types\/post"}],"author":[{"embeddable":true,"href":"http:\/\/www.terres-et-seigneurs-en-donziais.fr\/index.php?rest_route=\/wp\/v2\/users\/1"}],"replies":[{"embeddable":true,"href":"http:\/\/www.terres-et-seigneurs-en-donziais.fr\/index.php?rest_route=%2Fwp%2Fv2%2Fcomments&post=80"}],"version-history":[{"count":50,"href":"http:\/\/www.terres-et-seigneurs-en-donziais.fr\/index.php?rest_route=\/wp\/v2\/posts\/80\/revisions"}],"predecessor-version":[{"id":9526,"href":"http:\/\/www.terres-et-seigneurs-en-donziais.fr\/index.php?rest_route=\/wp\/v2\/posts\/80\/revisions\/9526"}],"wp:featuredmedia":[{"embeddable":true,"href":"http:\/\/www.terres-et-seigneurs-en-donziais.fr\/index.php?rest_route=\/wp\/v2\/media\/924"}],"wp:attachment":[{"href":"http:\/\/www.terres-et-seigneurs-en-donziais.fr\/index.php?rest_route=%2Fwp%2Fv2%2Fmedia&parent=80"}],"wp:term":[{"taxonomy":"category","embeddable":true,"href":"http:\/\/www.terres-et-seigneurs-en-donziais.fr\/index.php?rest_route=%2Fwp%2Fv2%2Fcategories&post=80"},{"taxonomy":"post_tag","embeddable":true,"href":"http:\/\/www.terres-et-seigneurs-en-donziais.fr\/index.php?rest_route=%2Fwp%2Fv2%2Ftags&post=80"}],"curies":[{"name":"wp","href":"https:\/\/api.w.org\/{rel}","templated":true}]}}