{"id":78,"date":"2015-04-06T13:28:32","date_gmt":"2015-04-06T12:28:32","guid":{"rendered":"http:\/\/www.terres-et-seigneurs-en-donziais.fr\/?p=78"},"modified":"2025-07-30T08:48:03","modified_gmt":"2025-07-30T07:48:03","slug":"guerchy","status":"publish","type":"post","link":"http:\/\/www.terres-et-seigneurs-en-donziais.fr\/?p=78","title":{"rendered":"Guerchy"},"content":{"rendered":"<p style=\"text-align: center;\"><span style=\"color: #0000ff;\"><span style=\"font-size: 14px;\"><em>(Illustration : armes des Braque)<\/em><\/span><\/span><\/p>\n<p style=\"text-align: justify;\"><span style=\"font-size: 16px;\">Le fief de <strong>Guerchy \u00e0 Treigny<\/strong>, parfois\u00a0appel\u00e9 \u00ab\u00a0Garchy\u00a0\u00bb par erreur dans les documents anciens &#8211; \u00e0 ne pas confondre avec le village de ce nom pr\u00e8s de La Charit\u00e9\u00a0&#8211;\u00a0para\u00eet dater du XIII\u00e8me si\u00e8cle. Celui de la Bussi\u00e8re, tout proche, du nom de la famille qui s\u2019y \u00e9tablit au XVI\u00e8me si\u00e8cle, en fut d\u00e9tach\u00e9 <em>(cf. notice <strong><a href=\"http:\/\/www.terres-et-seigneurs-en-donziais.fr\/?p=94\" target=\"_blank\" rel=\"noopener noreferrer\">La Bussi\u00e8re<\/a><\/strong>).<\/em><\/span><\/p>\n<p style=\"text-align: justify;\"><span style=\"color: #0000cd;\"><strong><span style=\"font-size: 16px;\"><em>Voyez ci-dessous une notice pr\u00e9sentant la g\u00e9n\u00e9alogie compl\u00e8te de cette famille, des ses diff\u00e9rentes branches, et les fiefs qu&rsquo;elle a tenus :<\/em><\/span><\/strong><\/span><\/p>\n<p style=\"text-align: center;\"><span style=\"font-size: 14pt;\"><strong><a href=\"http:\/\/www.terres-et-seigneurs-en-donziais.fr\/wp-content\/uploads\/2021\/07\/de-La-Bussiere.pdf\" target=\"_blank\" rel=\"noopener\">Famille de La Bussi\u00e8re<\/a><\/strong><\/span><\/p>\n<p style=\"text-align: justify;\"><span style=\"font-size: 16px;\">Avant son acquisition en 1544 par Jean <strong><a href=\"http:\/\/racineshistoire.free.fr\/LGN\/PDF\/Braque.pdf\" target=\"_blank\" rel=\"noopener noreferrer\">Braque<\/a>\u00a0&#8211;\u00a0<\/strong>issu de la grande famille parisienne qui a donn\u00e9 le fameux <strong>Chancelier Nicolas Braque &#8211;\u00a0<\/strong>la succession de ses titulaires reste tr\u00e8s fragmentaire. Claudine Braque apporta en tout cas Guerchy \u00e0 Nicolas de Lenfernat, dont la petite-fille, Marie, \u00e9pousa en 1653 Claude de Vathaire, dont la famille n\u2019a cess\u00e9 depuis d\u2019habiter Guerchy.<\/span><\/p>\n<p style=\"text-align: justify;\"><span style=\"font-size: 16px;\">Le manoir qu\u2019on peut voir aujourd\u2019hui a \u00e9t\u00e9 construit par Edme-Paul de Vathaire de Guerchy, peu avant la R\u00e9volution, \u00e0 la place d\u2019une vieille maison-forte.<\/span><\/p>\n<p style=\"text-align: justify;\"><em><span style=\"color: #0000ff;\"><strong><span style=\"font-size: 16px;\">Ci-dessous une notice qui donne la succession des seigneurs de Guerchy :<\/span><\/strong><\/span><\/em><\/p>\n<p style=\"text-align: center;\"><span style=\"font-size: 18px;\"><em><a href=\"http:\/\/www.terres-et-seigneurs-en-donziais.fr\/wp-content\/uploads\/2015\/04\/Guerchy.pdf\" target=\"_blank\" rel=\"noopener\"><span style=\"font-size: 18pt;\"><strong>Guerchy\u00a0<\/strong><\/span> (V8 du 19\/12\/24)<\/a><\/em><\/span><\/p>\n<p><a href=\"http:\/\/www.terres-et-seigneurs-en-donziais.fr\/wp-content\/uploads\/2015\/09\/D-enlumin\u00e9-e1443770692908.jpeg\"><img decoding=\"async\" loading=\"lazy\" class=\"alignnone size-full wp-image-1748\" src=\"http:\/\/www.terres-et-seigneurs-en-donziais.fr\/wp-content\/uploads\/2015\/09\/D-enlumin\u00e9-e1443770692908.jpeg\" alt=\"D enlumin\u00e9\" width=\"80\" height=\"80\" \/><\/a><\/p>\n","protected":false},"excerpt":{"rendered":"<p>(Illustration : armes des Braque) Le fief de Guerchy \u00e0 Treigny, parfois\u00a0appel\u00e9 \u00ab\u00a0Garchy\u00a0\u00bb par erreur dans les documents anciens &#8211; \u00e0 ne pas confondre avec le village de ce nom pr\u00e8s de La Charit\u00e9\u00a0&#8211;\u00a0para\u00eet dater du XIII\u00e8me si\u00e8cle. Celui de la Bussi\u00e8re, tout proche, du nom de la famille qui s\u2019y \u00e9tablit au XVI\u00e8me si\u00e8cle, &hellip; <a href=\"http:\/\/www.terres-et-seigneurs-en-donziais.fr\/?p=78\" class=\"more-link\">Continuer la lecture de <span class=\"screen-reader-text\">Guerchy<\/span> <span class=\"meta-nav\">&rarr;<\/span><\/a><\/p>\n","protected":false},"author":1,"featured_media":1110,"comment_status":"open","ping_status":"open","sticky":false,"template":"","format":"standard","meta":[],"categories":[20,21,6],"tags":[193,640,157,192,641,195,194],"_links":{"self":[{"href":"http:\/\/www.terres-et-seigneurs-en-donziais.fr\/index.php?rest_route=\/wp\/v2\/posts\/78"}],"collection":[{"href":"http:\/\/www.terres-et-seigneurs-en-donziais.fr\/index.php?rest_route=\/wp\/v2\/posts"}],"about":[{"href":"http:\/\/www.terres-et-seigneurs-en-donziais.fr\/index.php?rest_route=\/wp\/v2\/types\/post"}],"author":[{"embeddable":true,"href":"http:\/\/www.terres-et-seigneurs-en-donziais.fr\/index.php?rest_route=\/wp\/v2\/users\/1"}],"replies":[{"embeddable":true,"href":"http:\/\/www.terres-et-seigneurs-en-donziais.fr\/index.php?rest_route=%2Fwp%2Fv2%2Fcomments&post=78"}],"version-history":[{"count":28,"href":"http:\/\/www.terres-et-seigneurs-en-donziais.fr\/index.php?rest_route=\/wp\/v2\/posts\/78\/revisions"}],"predecessor-version":[{"id":9524,"href":"http:\/\/www.terres-et-seigneurs-en-donziais.fr\/index.php?rest_route=\/wp\/v2\/posts\/78\/revisions\/9524"}],"wp:featuredmedia":[{"embeddable":true,"href":"http:\/\/www.terres-et-seigneurs-en-donziais.fr\/index.php?rest_route=\/wp\/v2\/media\/1110"}],"wp:attachment":[{"href":"http:\/\/www.terres-et-seigneurs-en-donziais.fr\/index.php?rest_route=%2Fwp%2Fv2%2Fmedia&parent=78"}],"wp:term":[{"taxonomy":"category","embeddable":true,"href":"http:\/\/www.terres-et-seigneurs-en-donziais.fr\/index.php?rest_route=%2Fwp%2Fv2%2Fcategories&post=78"},{"taxonomy":"post_tag","embeddable":true,"href":"http:\/\/www.terres-et-seigneurs-en-donziais.fr\/index.php?rest_route=%2Fwp%2Fv2%2Ftags&post=78"}],"curies":[{"name":"wp","href":"https:\/\/api.w.org\/{rel}","templated":true}]}}