{"id":7733,"date":"2022-01-17T18:06:20","date_gmt":"2022-01-17T17:06:20","guid":{"rendered":"http:\/\/www.terres-et-seigneurs-en-donziais.fr\/?p=7733"},"modified":"2022-01-17T18:37:22","modified_gmt":"2022-01-17T17:37:22","slug":"la-maison-de-damas-en-donziais","status":"publish","type":"post","link":"http:\/\/www.terres-et-seigneurs-en-donziais.fr\/?p=7733","title":{"rendered":"La Maison de Damas en Donziais"},"content":{"rendered":"<p><span style=\"color: #0000ff;\"><strong>Nous avons rencontr\u00e9 plusieurs membres de l\u2019illustre<\/strong><\/span> <span style=\"font-size: 14pt;\"><a href=\"https:\/\/fr.wikipedia.org\/wiki\/Famille_de_Damas\" target=\"_blank\" rel=\"noopener\"><strong>maison de Damas<\/strong><\/a> <\/span><span style=\"color: #0000ff;\"><strong>en Donziais, o\u00f9 ils arriv\u00e8rent assez tardivement par des alliances.<\/strong><\/span><\/p>\n<p><strong><span style=\"color: #0000ff;\">C\u2019\u00e9tait l\u2019une des plus anciennes de France.<\/span><\/strong><\/p>\n<p>Certains auteurs, comme Hubert Lamant dans sa somme g\u00e9n\u00e9alogique \u00ab\u00a0<em>La Maison de Damas<\/em> \u00bb (1977) la voyaient issue des anciens sires de Beaujeu en Lyonnais, les Guichard et les Humbert. Mais un certain consensus s\u2019est fait plus r\u00e9cemment pour les consid\u00e9rer, \u00e0 la suite du <a href=\"https:\/\/fr.wikipedia.org\/wiki\/Jean_Richard_(historien)\" target=\"_blank\" rel=\"noopener\"><strong>doyen Jean Richard<\/strong><\/a>, comme issus des barons de <a href=\"https:\/\/fr.wikipedia.org\/wiki\/Semur-en-Brionnais\" target=\"_blank\" rel=\"noopener\"><strong>Semur (en Brionnais)<\/strong><\/a>, c\u2019est-\u00e0-dire de la m\u00eame souche que les premiers <a href=\"http:\/\/www.terres-et-seigneurs-en-donziais.fr\/?page_id=527\" target=\"_blank\" rel=\"noopener\"><strong>barons de Donzy<\/strong><\/a>.<\/p>\n<p>Le premier connu sous ce nom\u00a0: <strong>Hugues Damas<\/strong>, \u00e9tait le second fils de Geoffroy II de Semur, fr\u00e8re du grand <a href=\"https:\/\/fr.wikipedia.org\/wiki\/Hugues_de_Cluny\" target=\"_blank\" rel=\"noopener\"><strong>Saint Hugues, abb\u00e9 de Cluny<\/strong><\/a>, et neveu de <strong>Geoffroy de Donzy.<\/strong><\/p>\n<p>Le surnom original de Damas (ou Dalmas), qui devint ensuite le nom de la famille, leur venait certainement d\u2019une a\u00efeule issue des <strong><em>Dalmatii,<\/em> vicomtes de Brioude<\/strong>, une lign\u00e9e qui incarnait la tradition aristocratique gallo-romaine subsistant en Auvergne m\u00e9ridionale. Ces vicomtes \u00e9taient \u00e9galement <em>abb\u00e9s la\u00efcs <\/em>de <a href=\"https:\/\/fr.wikipedia.org\/wiki\/Basilique_Saint-Julien_de_Brioude\" target=\"_blank\" rel=\"noopener\"><strong>Saint Julien de Brioude<\/strong><\/a>, haut-lieu des premiers temps chr\u00e9tiens en Gaule, puis fameux chapitre de chanoines. Cette a\u00efeule \u00e9tait aussi la petite-fille de <a href=\"https:\/\/fr.wikipedia.org\/wiki\/Guillaume_le_Pieux\" target=\"_blank\" rel=\"noopener\"><strong>Guillaume le Pieux, duc d\u2019Aquitaine<\/strong><\/a>, fondateur de Cluny en 910. C\u2019\u00e9tait l\u00e0 de prestigieuses racines pour les Damas, \u00e0 l\u2019\u00e9gal des plus grandes lign\u00e9es pr\u00e9-chevaleresques du royaume.<\/p>\n<p>Dans un premier temps cette branche cadette de Semur s\u2019implanta en Forez o\u00f9 elle fonda au XI\u00e8me si\u00e8cle la grande forteresse de <a href=\"https:\/\/fr.wikipedia.org\/wiki\/Ch%C3%A2teau_de_Couzan\" target=\"_blank\" rel=\"noopener\"><strong>Couzan<\/strong><\/a> \u2013 sur une terre venue d\u2019une alliance ant\u00e9rieure &#8211; dont les ruines majestueuses rappellent la puissance f\u00e9odale. Cette <em>premi\u00e8re baronnie<\/em> du Forez passa par alliance aux sires de L\u00e9vis-Florensac, venus du Languedoc, au XV\u00e8me si\u00e8cle.<\/p>\n<p>Une autre branche cadette, \u00e0 partir de <strong>Robert Damas<\/strong>, fils de Guy, sgr de Couzan, et de Dauphine de Lavieu, s\u2019implanta au d\u00e9but du XIV\u00e8me si\u00e8cle \u00e0 <a href=\"https:\/\/fr.wikipedia.org\/wiki\/Marcilly-l%C3%A8s-Buxy\" target=\"_blank\" rel=\"noopener\"><strong>Marcilly<\/strong><\/a> en Bourgogne (Marcilly-les-Buxy, 71), une terre \u00e0 laquelle \u00e9tait associ\u00e9e <strong>la vicomt\u00e9 de Chalon<\/strong>. Le vieux ch\u00e2teau f\u00e9odal a presqu\u2019enti\u00e8rement disparu \u00e0 Marcilly.<\/p>\n<p>Plus tard, l\u2019une des h\u00e9riti\u00e8res de la terre de <a href=\"https:\/\/crux-la-ville.fr\/fr\/\" target=\"_blank\" rel=\"noopener\"><strong>Crux<\/strong><\/a>, en Morvan, l\u2019apporta \u00e0 <strong>Hugues Damas<\/strong>, sgr de Marcilly et vicomte de Chalon, signant l\u2019arriv\u00e9e des Damas en Nivernais d\u00e8s 1362. L\u2019union de son fils Erard, chambellan du duc de Bourgogne, avec Isabeau d\u2019Avenni\u00e8res, dame d\u2019<a href=\"https:\/\/fr.wikipedia.org\/wiki\/Anlezy\" target=\"_blank\" rel=\"noopener\"><strong>Anlezy<\/strong><\/a>, vers 1420 est \u00e0 l\u2019origine de la branche des Damas d\u2019Anlezy qui nous am\u00e8ne en Donziais.<\/p>\n<p>Une sous-branche issue d\u2019<em>Huguette de Clamecy<\/em> \u2013 h\u00e9riti\u00e8re nivernaise issue peut-\u00eatre des Varigny \u2013 femme de <strong>Jean Damas<\/strong>, sgr de Marcilly, avait d\u00e9tenu d\u00e8s 1350 de petites terres dans notre baronnie\u00a0: <a href=\"http:\/\/www.terres-et-seigneurs-en-donziais.fr\/?p=3849\" target=\"_blank\" rel=\"noopener\"><strong>Pougny <\/strong><\/a>et<a href=\"http:\/\/www.terres-et-seigneurs-en-donziais.fr\/?p=6420\" target=\"_blank\" rel=\"noopener\"><strong> Fontaine<\/strong><\/a> dans la r\u00e9gion de Cosne, <a href=\"http:\/\/www.terres-et-seigneurs-en-donziais.fr\/?p=7145\" target=\"_blank\" rel=\"noopener\"><strong>Etaules<\/strong><\/a>, pr\u00e8s de Chateauneuf, revendues au comte en 1413, ainsi que Pressures pr\u00e8s de Clamecy. C\u2019\u00e9tait la premi\u00e8re incursion des Damas sur les terres des successeurs de leurs lointains parents de Semur-Donzy.<\/p>\n<p>Mais nous les avons retrouv\u00e9s surtout \u00e0 <a href=\"http:\/\/www.terres-et-seigneurs-en-donziais.fr\/?p=456\" target=\"_blank\" rel=\"noopener\"><strong>Druyes<\/strong> <\/a>vers 1560, lorsque <strong>Jean Damas<\/strong>, baron d\u2019Anlezy et de Crux, sgr de Montigny et de St-Parize, Gentilhomme de la Chambre du Roi Henri IV et Lieutenant au Gouvernement de Nivernais, \u00e9pousa Edm\u00e9e, fille unique de Jean de Crux, vcte de Druyes, et de Marguerite de La Rivi\u00e8re. Cette vicomt\u00e9 acquise un si\u00e8cle plus t\u00f4t par les sires de Crux devait rester dans les mains des descendants directs de Jean Damas jusqu\u2019\u00e0 la R\u00e9volution. Ils devinrent m\u00eame les ma\u00eetres complets du site en lieu et place des ducs de Nevers en acqu\u00e9rant d\u2019eux la ch\u00e2tellenie de Druyes au tout d\u00e9but du XVIII\u00e8me si\u00e8cle. Ils y firent construire un beau ch\u00e2teau de plaisance \u2013 aujourd\u2019hui disparu &#8211; aux pieds de la vielle forteresse de Guillaume de Nevers.<\/p>\n<p><a href=\"http:\/\/www.terres-et-seigneurs-en-donziais.fr\/wp-content\/uploads\/2022\/01\/Druyes.jpeg\"><img decoding=\"async\" loading=\"lazy\" class=\"alignnone size-full wp-image-7747\" src=\"http:\/\/www.terres-et-seigneurs-en-donziais.fr\/wp-content\/uploads\/2022\/01\/Druyes.jpeg\" alt=\"\" width=\"298\" height=\"169\" \/><\/a><\/p>\n<p>Deux si\u00e8cles plus tard, nous avons rencontr\u00e9 la branche de Damas-Crux, quand <strong>Louis Alexandre Damas<\/strong>, comte de Crux, devint marquis de <strong><a href=\"http:\/\/www.terres-et-seigneurs-en-donziais.fr\/?p=92\" target=\"_blank\" rel=\"noopener\">Menou<\/a>,<\/strong> par son alliance avec l\u2019h\u00e9riti\u00e8re de cette terre en 1734. Ses descendants directs conserv\u00e8rent ce vieux fief appel\u00e9 auparavant <strong>Nanvignes<\/strong>, avec son grand ch\u00e2teau Louis XIII, et ceux voisins de M\u00e9nestreau et de Villiers, au-del\u00e0 m\u00eame de la R\u00e9volution. Cette branche a donn\u00e9 le <a href=\"https:\/\/fr.wikipedia.org\/wiki\/%C3%89tienne-Charles_de_Damas-Crux\" target=\"_blank\" rel=\"noopener\"><strong>duc de Damas-Crux<\/strong><\/a>, lieutenant g\u00e9n\u00e9ral et Pair de France sous la Restauration.<\/p>\n<p><a href=\"http:\/\/www.terres-et-seigneurs-en-donziais.fr\/wp-content\/uploads\/2022\/01\/Menou.jpeg\">\u00a0 \u00a0 \u00a0 \u00a0 \u00a0 \u00a0 \u00a0 \u00a0 \u00a0 \u00a0 \u00a0 \u00a0 \u00a0 \u00a0 \u00a0 \u00a0 \u00a0 \u00a0 \u00a0 \u00a0 \u00a0 \u00a0 \u00a0 \u00a0 \u00a0 \u00a0<img decoding=\"async\" loading=\"lazy\" class=\"alignnone size-full wp-image-7748\" src=\"http:\/\/www.terres-et-seigneurs-en-donziais.fr\/wp-content\/uploads\/2022\/01\/Menou.jpeg\" alt=\"\" width=\"275\" height=\"183\" \/><\/a><\/p>\n<p>La banni\u00e8re \u00ab\u00a0<strong><em>d\u2019or \u00e0 la croix ancr\u00e9e de gueules<\/em><\/strong>\u00a0\u00bb qui avait flott\u00e9 sur tant de donjons en Forez, en Auvergne et en Bourgogne, \u00e9tait donc devenue famili\u00e8re \u00e9galement dans nos vall\u00e9es.<\/p>\n<p><span style=\"color: #0000ff;\"><em><strong>Voyez ci-dessous une notice pr\u00e9cisant les filiations de ces diff\u00e9rentes branches de la Maison de Damas<\/strong><\/em><\/span><\/p>\n<p style=\"text-align: center;\"><em><span style=\"font-size: 14pt;\"><strong><a href=\"http:\/\/www.terres-et-seigneurs-en-donziais.fr\/wp-content\/uploads\/2022\/01\/Maison-de-Damas.pdf\" target=\"_blank\" rel=\"noopener\">Maison de Damas<\/a><\/strong><\/span><\/em><\/p>\n<p><a href=\"http:\/\/www.terres-et-seigneurs-en-donziais.fr\/wp-content\/uploads\/2015\/09\/D-enlumin\u00e9-e1443770692908.jpeg\"><img decoding=\"async\" loading=\"lazy\" class=\"alignnone size-full wp-image-1748\" src=\"http:\/\/www.terres-et-seigneurs-en-donziais.fr\/wp-content\/uploads\/2015\/09\/D-enlumin\u00e9-e1443770692908.jpeg\" alt=\"\" width=\"80\" height=\"80\" \/><\/a><\/p>\n","protected":false},"excerpt":{"rendered":"<p>Nous avons rencontr\u00e9 plusieurs membres de l\u2019illustre maison de Damas en Donziais, o\u00f9 ils arriv\u00e8rent assez tardivement par des alliances. C\u2019\u00e9tait l\u2019une des plus anciennes de France. Certains auteurs, comme Hubert Lamant dans sa somme g\u00e9n\u00e9alogique \u00ab\u00a0La Maison de Damas \u00bb (1977) la voyaient issue des anciens sires de Beaujeu en Lyonnais, les Guichard et &hellip; <a href=\"http:\/\/www.terres-et-seigneurs-en-donziais.fr\/?p=7733\" class=\"more-link\">Continuer la lecture de <span class=\"screen-reader-text\">La Maison de Damas en Donziais<\/span> <span class=\"meta-nav\">&rarr;<\/span><\/a><\/p>\n","protected":false},"author":1,"featured_media":7736,"comment_status":"open","ping_status":"open","sticky":false,"template":"","format":"standard","meta":[],"categories":[1],"tags":[1039,190,1035,191,277,1036,862,1038,252,158,1037],"_links":{"self":[{"href":"http:\/\/www.terres-et-seigneurs-en-donziais.fr\/index.php?rest_route=\/wp\/v2\/posts\/7733"}],"collection":[{"href":"http:\/\/www.terres-et-seigneurs-en-donziais.fr\/index.php?rest_route=\/wp\/v2\/posts"}],"about":[{"href":"http:\/\/www.terres-et-seigneurs-en-donziais.fr\/index.php?rest_route=\/wp\/v2\/types\/post"}],"author":[{"embeddable":true,"href":"http:\/\/www.terres-et-seigneurs-en-donziais.fr\/index.php?rest_route=\/wp\/v2\/users\/1"}],"replies":[{"embeddable":true,"href":"http:\/\/www.terres-et-seigneurs-en-donziais.fr\/index.php?rest_route=%2Fwp%2Fv2%2Fcomments&post=7733"}],"version-history":[{"count":16,"href":"http:\/\/www.terres-et-seigneurs-en-donziais.fr\/index.php?rest_route=\/wp\/v2\/posts\/7733\/revisions"}],"predecessor-version":[{"id":7753,"href":"http:\/\/www.terres-et-seigneurs-en-donziais.fr\/index.php?rest_route=\/wp\/v2\/posts\/7733\/revisions\/7753"}],"wp:featuredmedia":[{"embeddable":true,"href":"http:\/\/www.terres-et-seigneurs-en-donziais.fr\/index.php?rest_route=\/wp\/v2\/media\/7736"}],"wp:attachment":[{"href":"http:\/\/www.terres-et-seigneurs-en-donziais.fr\/index.php?rest_route=%2Fwp%2Fv2%2Fmedia&parent=7733"}],"wp:term":[{"taxonomy":"category","embeddable":true,"href":"http:\/\/www.terres-et-seigneurs-en-donziais.fr\/index.php?rest_route=%2Fwp%2Fv2%2Fcategories&post=7733"},{"taxonomy":"post_tag","embeddable":true,"href":"http:\/\/www.terres-et-seigneurs-en-donziais.fr\/index.php?rest_route=%2Fwp%2Fv2%2Ftags&post=7733"}],"curies":[{"name":"wp","href":"https:\/\/api.w.org\/{rel}","templated":true}]}}