{"id":749,"date":"2015-06-01T15:08:37","date_gmt":"2015-06-01T14:08:37","guid":{"rendered":"http:\/\/www.terres-et-seigneurs-en-donziais.fr\/?p=749"},"modified":"2021-12-28T13:41:35","modified_gmt":"2021-12-28T12:41:35","slug":"la-montoise-ste-colombe-des-bois","status":"publish","type":"post","link":"http:\/\/www.terres-et-seigneurs-en-donziais.fr\/?p=749","title":{"rendered":"La Montoise, bien cach\u00e9e"},"content":{"rendered":"<p style=\"text-align: justify;\"><span style=\"color: #0000cd;\"><span style=\"font-size: 16px;\">Voyez dans la notice ci-dessous la succession des seigneurs de <strong>la Montoise<\/strong>, petit fief\u00a0avec son vieux manoir bien cach\u00e9 du\u00a0XV\u00e8 si\u00e8cle, \u00e0 Sainte-Colombe-des-Bois, en lisi\u00e8re du <strong><a href=\"http:\/\/www.commune-mairie.fr\/foret\/foret-domaniale-de-bellary-F25196B\/\" target=\"_blank\" rel=\"noopener\">grand massif forestier de Bellary.<\/a><\/strong><\/span><\/span><\/p>\n<p style=\"text-align: center;\"><a href=\"http:\/\/www.terres-et-seigneurs-en-donziais.fr\/wp-content\/uploads\/2015\/06\/La-Montoise.pdf\" target=\"_blank\" rel=\"noopener\"><strong><em><span style=\"font-size: 18pt;\">La Montoise \u00a0<\/span> <\/em><\/strong>\u00a0<\/a>(V. du 28 d\u00e9c 2021)<\/p>\n<p>\u00a0 \u00a0 \u00a0 \u00a0 \u00a0 \u00a0 \u00a0 \u00a0 \u00a0 \u00a0 \u00a0 \u00a0 \u00a0 \u00a0 \u00a0 \u00a0 \u00a0 \u00a0 \u00a0 \u00a0 \u00a0 \u00a0 \u00a0 \u00a0 \u00a0<a href=\"http:\/\/www.terres-et-seigneurs-en-donziais.fr\/wp-content\/uploads\/2015\/06\/edaa13_1b672f9f2a38ce5ba992f03e3ff42955.png_srz_p_625_360_75_22_0.50_1.20_0.00_png_srz.png\"><img decoding=\"async\" loading=\"lazy\" class=\"alignnone size-medium wp-image-1250\" src=\"http:\/\/www.terres-et-seigneurs-en-donziais.fr\/wp-content\/uploads\/2015\/06\/edaa13_1b672f9f2a38ce5ba992f03e3ff42955.png_srz_p_625_360_75_22_0.50_1.20_0.00_png_srz-300x173.png\" alt=\"edaa13_1b672f9f2a38ce5ba992f03e3ff42955.png_srz_p_625_360_75_22_0.50_1.20_0.00_png_srz\" width=\"300\" height=\"173\" srcset=\"http:\/\/www.terres-et-seigneurs-en-donziais.fr\/wp-content\/uploads\/2015\/06\/edaa13_1b672f9f2a38ce5ba992f03e3ff42955.png_srz_p_625_360_75_22_0.50_1.20_0.00_png_srz-300x173.png 300w, http:\/\/www.terres-et-seigneurs-en-donziais.fr\/wp-content\/uploads\/2015\/06\/edaa13_1b672f9f2a38ce5ba992f03e3ff42955.png_srz_p_625_360_75_22_0.50_1.20_0.00_png_srz.png 625w\" sizes=\"(max-width: 300px) 100vw, 300px\" \/><\/a><\/p>\n<p>&nbsp;<\/p>\n<p><a href=\"http:\/\/www.terres-et-seigneurs-en-donziais.fr\/wp-content\/uploads\/2015\/09\/D-enlumin\u00e9-e1443770692908.jpeg\"><img decoding=\"async\" loading=\"lazy\" class=\"alignnone size-full wp-image-1748\" src=\"http:\/\/www.terres-et-seigneurs-en-donziais.fr\/wp-content\/uploads\/2015\/09\/D-enlumin\u00e9-e1443770692908.jpeg\" alt=\"D enlumin\u00e9\" width=\"80\" height=\"80\" \/><\/a><\/p>\n","protected":false},"excerpt":{"rendered":"<p>Voyez dans la notice ci-dessous la succession des seigneurs de la Montoise, petit fief\u00a0avec son vieux manoir bien cach\u00e9 du\u00a0XV\u00e8 si\u00e8cle, \u00e0 Sainte-Colombe-des-Bois, en lisi\u00e8re du grand massif forestier de Bellary. La Montoise \u00a0 \u00a0(V. du 28 d\u00e9c 2021) \u00a0 \u00a0 \u00a0 \u00a0 \u00a0 \u00a0 \u00a0 \u00a0 \u00a0 \u00a0 \u00a0 \u00a0 \u00a0 \u00a0 \u00a0 \u00a0 &hellip; <a href=\"http:\/\/www.terres-et-seigneurs-en-donziais.fr\/?p=749\" class=\"more-link\">Continuer la lecture de <span class=\"screen-reader-text\">La Montoise, bien cach\u00e9e<\/span> <span class=\"meta-nav\">&rarr;<\/span><\/a><\/p>\n","protected":false},"author":1,"featured_media":833,"comment_status":"open","ping_status":"open","sticky":false,"template":"","format":"standard","meta":[],"categories":[11,5,1,99,4],"tags":[104,109,810,211,103,106,400,108,107],"_links":{"self":[{"href":"http:\/\/www.terres-et-seigneurs-en-donziais.fr\/index.php?rest_route=\/wp\/v2\/posts\/749"}],"collection":[{"href":"http:\/\/www.terres-et-seigneurs-en-donziais.fr\/index.php?rest_route=\/wp\/v2\/posts"}],"about":[{"href":"http:\/\/www.terres-et-seigneurs-en-donziais.fr\/index.php?rest_route=\/wp\/v2\/types\/post"}],"author":[{"embeddable":true,"href":"http:\/\/www.terres-et-seigneurs-en-donziais.fr\/index.php?rest_route=\/wp\/v2\/users\/1"}],"replies":[{"embeddable":true,"href":"http:\/\/www.terres-et-seigneurs-en-donziais.fr\/index.php?rest_route=%2Fwp%2Fv2%2Fcomments&post=749"}],"version-history":[{"count":20,"href":"http:\/\/www.terres-et-seigneurs-en-donziais.fr\/index.php?rest_route=\/wp\/v2\/posts\/749\/revisions"}],"predecessor-version":[{"id":7663,"href":"http:\/\/www.terres-et-seigneurs-en-donziais.fr\/index.php?rest_route=\/wp\/v2\/posts\/749\/revisions\/7663"}],"wp:featuredmedia":[{"embeddable":true,"href":"http:\/\/www.terres-et-seigneurs-en-donziais.fr\/index.php?rest_route=\/wp\/v2\/media\/833"}],"wp:attachment":[{"href":"http:\/\/www.terres-et-seigneurs-en-donziais.fr\/index.php?rest_route=%2Fwp%2Fv2%2Fmedia&parent=749"}],"wp:term":[{"taxonomy":"category","embeddable":true,"href":"http:\/\/www.terres-et-seigneurs-en-donziais.fr\/index.php?rest_route=%2Fwp%2Fv2%2Fcategories&post=749"},{"taxonomy":"post_tag","embeddable":true,"href":"http:\/\/www.terres-et-seigneurs-en-donziais.fr\/index.php?rest_route=%2Fwp%2Fv2%2Ftags&post=749"}],"curies":[{"name":"wp","href":"https:\/\/api.w.org\/{rel}","templated":true}]}}