{"id":7291,"date":"2021-06-22T14:27:20","date_gmt":"2021-06-22T13:27:20","guid":{"rendered":"http:\/\/www.terres-et-seigneurs-en-donziais.fr\/?p=7291"},"modified":"2021-06-22T16:32:38","modified_gmt":"2021-06-22T15:32:38","slug":"bussy-rabutin-et-cessy","status":"publish","type":"post","link":"http:\/\/www.terres-et-seigneurs-en-donziais.fr\/?p=7291","title":{"rendered":"Bussy-Rabutin et Cessy"},"content":{"rendered":"<p>Les archives de Cessy-les-Bois, que l\u2019excellent site <a href=\"http:\/\/cahiersduvaldebargis.free.fr\" target=\"_blank\" rel=\"noopener\"><strong>Cahiers du Val de Bargis<\/strong><\/a> explore inlassablement, r\u00e9servent parfois des surprises\u00a0: par exemple celle d\u2019y trouver le fameux <a href=\"https:\/\/fr.wikipedia.org\/wiki\/Roger_de_Bussy-Rabutin\" target=\"_blank\" rel=\"noopener\"><strong>Bussy-Rabutin <\/strong><\/a>(1618-1693).<\/p>\n<p>En effet, \u00ab\u00a0<em><strong>Roger de Rabutin, chevalier, seigneur et comte de Bussy-le-Grand, baron de Forl\u00e9ans, Chaseul et autres lieux, conseiller du Roy en ses conseils, son lieutenant g\u00e9n\u00e9ral au gouvernement de Nivernois et Donziois<\/strong>\u00a0\u00bb,<\/em>\u00a0officier distingu\u00e9, puis \u00e9crivain sulfureux et acad\u00e9micien, est dit \u00ab\u00a0<strong><em>seigneur de Cessy, St Malo-les-Bois, Coche et Vielmannay\u00a0<\/em>\u00bb<\/strong>. Il est mentionn\u00e9 de 1651 \u00e0 1654 dans des actes concernant des biens qu\u2019il d\u00e9tenait \u00e0 ce titre\u00a0: la m\u00e9tairie du ch\u00e2teau de Cessy, le moulin et la m\u00e9tairie d\u2019en-haut de Chevenet, ou encore le greffe du bailliage.<\/p>\n<p><a href=\"http:\/\/www.terres-et-seigneurs-en-donziais.fr\/wp-content\/uploads\/2021\/06\/260px-Roger_de_Bussy-Rabutin_-_Versailles_MV_2919.png\">\u00a0 \u00a0 \u00a0 \u00a0 \u00a0 \u00a0 \u00a0 \u00a0 \u00a0 \u00a0 \u00a0 \u00a0 \u00a0 \u00a0 \u00a0 \u00a0 \u00a0 \u00a0 \u00a0 \u00a0 \u00a0 \u00a0 \u00a0 \u00a0 \u00a0 \u00a0 \u00a0 \u00a0 \u00a0 \u00a0 \u00a0 \u00a0<img decoding=\"async\" loading=\"lazy\" class=\"alignnone size-medium wp-image-7292\" src=\"http:\/\/www.terres-et-seigneurs-en-donziais.fr\/wp-content\/uploads\/2021\/06\/260px-Roger_de_Bussy-Rabutin_-_Versailles_MV_2919-251x300.png\" alt=\"\" width=\"251\" height=\"300\" srcset=\"http:\/\/www.terres-et-seigneurs-en-donziais.fr\/wp-content\/uploads\/2021\/06\/260px-Roger_de_Bussy-Rabutin_-_Versailles_MV_2919-251x300.png 251w, http:\/\/www.terres-et-seigneurs-en-donziais.fr\/wp-content\/uploads\/2021\/06\/260px-Roger_de_Bussy-Rabutin_-_Versailles_MV_2919.png 260w\" sizes=\"(max-width: 251px) 100vw, 251px\" \/><\/a><\/p>\n<p>C\u2019est l\u00e0 un cas qui interroge, car il ne s\u2019agissait pas de fiefs ou de propri\u00e9t\u00e9s ordinaires. Ces quatre sites avaient en commun un ancien statut monastique :\u00a0<strong>St-Malo et Vielmannay<\/strong>, monast\u00e8res primitifs devenus d\u00e8s le haut moyen-\u00e2ge de simples \u00e9glises paroissiales\u00a0; <a href=\"http:\/\/www.terres-et-seigneurs-en-donziais.fr\/?p=4346\" target=\"_blank\" rel=\"noopener\"><strong>Coche<\/strong><\/a>, l\u2019une des trois abbayes fond\u00e9es au d\u00e9but du XIII\u00e8me si\u00e8cle par Herv\u00e9 et Mahaut, r\u00e9put\u00e9e disparue au XVI\u00e8me ; <a href=\"http:\/\/www.terres-et-seigneurs-en-donziais.fr\/?p=1856\" target=\"_blank\" rel=\"noopener\"><strong>Cessy-les-Bois<\/strong><\/a>, une fondation tr\u00e8s ancienne d\u00e9di\u00e9e \u00e0 Saint Baudile, devenue un prieur\u00e9 relevant de <a href=\"https:\/\/fr.wikipedia.org\/wiki\/Abbaye_Saint-Germain_d%27Auxerre\" target=\"_blank\" rel=\"noopener\"><strong>Saint-Germain d\u2019Auxerre<\/strong><\/a>, dont les guerres de religion avaient eu \u00e9galement raison.<\/p>\n<p>Le <em>temporel <\/em>constitu\u00e9 de temps imm\u00e9moriaux autour de ces petits \u00e9tablissements subsista jusqu\u2019\u00e0 la R\u00e9volution, car le r\u00e9gime f\u00e9odal n\u2019oubliait rien. Bien que n\u2019abritant plus aucune vie religieuse \u2013 sauf Cessy &#8211; ils furent dot\u00e9s de prieurs commendataires\u00a0pour administrer ce patrimoine. Ils jouissaient des revenus et les cumulaient m\u00eame, y ajoutant parfois le titre d\u2019abb\u00e9 de <a href=\"http:\/\/www.terres-et-seigneurs-en-donziais.fr\/?p=2127\" target=\"_blank\" rel=\"noopener\"><strong>Bourras<\/strong><\/a>. Nous avons crois\u00e9 quelques \u00ab\u00a0<em>b\u00e9n\u00e9ficiaires<\/em>\u00a0\u00bb de ce statut peu \u00e9difiant mais tr\u00e8s profitable\u00a0: <strong><a href=\"http:\/\/www.terres-et-seigneurs-en-donziais.fr\/wp-content\/uploads\/2019\/02\/Marafin.pdf\">Marafin<\/a><\/strong>, qui fut ensuite un capitaine huguenot redoutable, <a href=\"https:\/\/fr.wikipedia.org\/wiki\/Edmond_Richer\" target=\"_blank\" rel=\"noopener\"><strong>Richer<\/strong><\/a> et <a href=\"https:\/\/fr.wikipedia.org\/wiki\/Jacques_Carpentier_de_Marigny\" target=\"_blank\" rel=\"noopener\"><strong>Carpentier de Marigny<\/strong>.<\/a><\/p>\n<p>Cessy, Coche, Saint-Malo et Vielmannay auraient donc eu simultan\u00e9ment un <em>prieur<\/em>, parfois appel\u00e9 \u00ab\u00a0<em>seigneur spirituel et temporel (sic !)<\/em>\u00bb et un <em>seigneur\u00a0la\u00efc<\/em> en ces ann\u00e9es 1650, chacun pourvu des biens correspondant. Pour faire bonne mesure, \u00e0 <strong>Vielmannay<\/strong> (anciennement <a href=\"http:\/\/www.terres-et-seigneurs-en-donziais.fr\/?p=6290\" target=\"_blank\" rel=\"noopener\"><strong>Mannay<\/strong><\/a> ou le Vieux-Mannay) on trouvait aussi le fief patrimonial des <strong><a href=\"http:\/\/www.terres-et-seigneurs-en-donziais.fr\/wp-content\/uploads\/2018\/04\/G\u00e9n\u00e9alogie-de-Lamoignon.pdf\" target=\"_blank\" rel=\"noopener\">Lamoignon<\/a><\/strong>, d\u00e9tenu \u00e0 cette m\u00eame date par Gilbert II, sgr de Beaulieu, Mannay et Pernay.<\/p>\n<p><span style=\"color: #0000ff;\"><strong><em>Comment Bussy-Rabutin devint-il ce petit seigneur local\u00a0?<\/em><\/strong><\/span><\/p>\n<p>Il fut certes impliqu\u00e9 en Nivernais et Donziais par sa charge de \u00ab\u00a0<em><strong>Lieutenant de roi\u00a0<\/strong><\/em>\u00bb &#8211; c\u2019est-\u00e0-dire commandant militaire &#8211; h\u00e9rit\u00e9e de son p\u00e8re L\u00e9onor en 1645. Il y suppl\u00e9ait \u00e0 l\u2019absence du \u00ab\u00a0Gouverneur\u00a0\u00bb, titre d\u00e9tenu alors par le duc <a href=\"https:\/\/fr.wikipedia.org\/wiki\/Charles_II_de_Mantoue\" target=\"_blank\" rel=\"noopener\"><strong>Charles IV de Gonzague-Nevers<\/strong>\u00a0<\/a>lui-m\u00eame, retourn\u00e9 \u00e0 Mantoue. Bussy avait fait son entr\u00e9e \u00e0 Nevers le 18 f\u00e9vrier 1646, \u00ab\u00a0<em>accompagn\u00e9 de presque toute la noblesse du Nivernais<\/em>\u00a0\u00bb et exer\u00e7a effectivement cette charge pendant une dizaine d&rsquo;ann\u00e9es, notamment pendant la Fronde. Notons qu\u2019apr\u00e8s avoir \u00e9t\u00e9 tent\u00e9 par l\u2019aventure des princes, il servit loyalement le jeune Louis XIV, en particulier en Nivernais. Mais cela n\u2019explique pas la possession de ces biens.<\/p>\n<p>Fuyant la vindicte royale contre ses frasques, il serait venu se r\u00e9fugier aupr\u00e8s de son oncle Guy de Rabutin, abb\u00e9 commendataire du <a href=\"https:\/\/fr.wikipedia.org\/wiki\/Abbaye_du_Val_des_Choues\" target=\"_blank\" rel=\"noopener\"><strong>Val des Choux<\/strong><\/a>, la maison-m\u00e8re cistercienne de <a href=\"http:\/\/www.terres-et-seigneurs-en-donziais.fr\/?p=1849\" target=\"_blank\" rel=\"noopener\"><strong>l\u2019Epeau<\/strong><\/a>, qui r\u00e9sidait au ch\u00e2teau de Cessy \u00e0 cette \u00e9poque sans qu&rsquo;on puisse d\u00e9terminer \u00e0 quel titre. Tenait-il ces biens \u00e0 Cessy et alentour de cet oncle ?<\/p>\n<p><a href=\"http:\/\/www.terres-et-seigneurs-en-donziais.fr\/wp-content\/uploads\/2021\/06\/Cessy_chateau.jpg\">\u00a0 \u00a0 \u00a0 \u00a0 \u00a0 \u00a0 \u00a0 \u00a0 \u00a0 \u00a0 \u00a0 \u00a0 \u00a0 \u00a0 \u00a0 \u00a0 \u00a0 \u00a0 \u00a0 \u00a0 \u00a0\u00a0<img decoding=\"async\" loading=\"lazy\" class=\"alignnone size-medium wp-image-7293\" src=\"http:\/\/www.terres-et-seigneurs-en-donziais.fr\/wp-content\/uploads\/2021\/06\/Cessy_chateau-300x211.jpg\" alt=\"\" width=\"300\" height=\"211\" srcset=\"http:\/\/www.terres-et-seigneurs-en-donziais.fr\/wp-content\/uploads\/2021\/06\/Cessy_chateau-300x211.jpg 300w, http:\/\/www.terres-et-seigneurs-en-donziais.fr\/wp-content\/uploads\/2021\/06\/Cessy_chateau.jpg 600w\" sizes=\"(max-width: 300px) 100vw, 300px\" \/><\/a><\/p>\n<p>Bussy aurait \u00e9galement s\u00e9journ\u00e9 \u00e0 <a href=\"http:\/\/www.terres-et-seigneurs-en-donziais.fr\/?p=3112\" target=\"_blank\" rel=\"noopener\"><strong>Champlemy<\/strong><\/a>, une terre des sires de La Rivi\u00e8re qui \u00e9tait pass\u00e9e dans sa famille par mariage en 1610.<\/p>\n<p>Mentionnant Cessy dans la liste des fiefs du duch\u00e9, <strong><a href=\"http:\/\/www.terres-et-seigneurs-en-donziais.fr\/?p=3563\" target=\"_blank\" rel=\"noopener\">l\u2019Inventaire l\u2019Abb\u00e9 de Marolles<\/a>\u00a0<\/strong>ne cite aucun acte le concernant, mais le d\u00e9crit comme consistant en la \u00ab\u00a0<strong><em>garde du prieur\u00e9 de Cessy\u00a0<\/em><\/strong>\u00bb. Cette fonction de protection d\u2019un \u00e9tablissement religieux \u00e9tait traditionnellement exerc\u00e9e par un seigneur voisin, souvent de la famille du fondateur. Etait-elle associ\u00e9e \u00e0 Champlemy\u00a0?<\/p>\n<p><span style=\"color: #0000ff;\"><em><strong>Bref, le myst\u00e8re subsiste, et nous serions heureux de pouvoir l\u2019\u00e9claircir avec votre aide\u2026.<\/strong><\/em><\/span><\/p>\n<p><a href=\"http:\/\/www.terres-et-seigneurs-en-donziais.fr\/wp-content\/uploads\/2015\/09\/D-enlumin\u00e9-e1443770692908.jpeg\"><img decoding=\"async\" loading=\"lazy\" class=\"alignnone size-full wp-image-1748\" src=\"http:\/\/www.terres-et-seigneurs-en-donziais.fr\/wp-content\/uploads\/2015\/09\/D-enlumin\u00e9-e1443770692908.jpeg\" alt=\"\" width=\"80\" height=\"80\" \/><\/a><\/p>\n","protected":false},"excerpt":{"rendered":"<p>Les archives de Cessy-les-Bois, que l\u2019excellent site Cahiers du Val de Bargis explore inlassablement, r\u00e9servent parfois des surprises\u00a0: par exemple celle d\u2019y trouver le fameux Bussy-Rabutin (1618-1693). En effet, \u00ab\u00a0Roger de Rabutin, chevalier, seigneur et comte de Bussy-le-Grand, baron de Forl\u00e9ans, Chaseul et autres lieux, conseiller du Roy en ses conseils, son lieutenant g\u00e9n\u00e9ral au &hellip; <a href=\"http:\/\/www.terres-et-seigneurs-en-donziais.fr\/?p=7291\" class=\"more-link\">Continuer la lecture de <span class=\"screen-reader-text\">Bussy-Rabutin et Cessy<\/span> <span class=\"meta-nav\">&rarr;<\/span><\/a><\/p>\n","protected":false},"author":1,"featured_media":7308,"comment_status":"open","ping_status":"open","sticky":false,"template":"","format":"standard","meta":[],"categories":[1],"tags":[431,654,1010,145,374,890,1012],"_links":{"self":[{"href":"http:\/\/www.terres-et-seigneurs-en-donziais.fr\/index.php?rest_route=\/wp\/v2\/posts\/7291"}],"collection":[{"href":"http:\/\/www.terres-et-seigneurs-en-donziais.fr\/index.php?rest_route=\/wp\/v2\/posts"}],"about":[{"href":"http:\/\/www.terres-et-seigneurs-en-donziais.fr\/index.php?rest_route=\/wp\/v2\/types\/post"}],"author":[{"embeddable":true,"href":"http:\/\/www.terres-et-seigneurs-en-donziais.fr\/index.php?rest_route=\/wp\/v2\/users\/1"}],"replies":[{"embeddable":true,"href":"http:\/\/www.terres-et-seigneurs-en-donziais.fr\/index.php?rest_route=%2Fwp%2Fv2%2Fcomments&post=7291"}],"version-history":[{"count":15,"href":"http:\/\/www.terres-et-seigneurs-en-donziais.fr\/index.php?rest_route=\/wp\/v2\/posts\/7291\/revisions"}],"predecessor-version":[{"id":7310,"href":"http:\/\/www.terres-et-seigneurs-en-donziais.fr\/index.php?rest_route=\/wp\/v2\/posts\/7291\/revisions\/7310"}],"wp:featuredmedia":[{"embeddable":true,"href":"http:\/\/www.terres-et-seigneurs-en-donziais.fr\/index.php?rest_route=\/wp\/v2\/media\/7308"}],"wp:attachment":[{"href":"http:\/\/www.terres-et-seigneurs-en-donziais.fr\/index.php?rest_route=%2Fwp%2Fv2%2Fmedia&parent=7291"}],"wp:term":[{"taxonomy":"category","embeddable":true,"href":"http:\/\/www.terres-et-seigneurs-en-donziais.fr\/index.php?rest_route=%2Fwp%2Fv2%2Fcategories&post=7291"},{"taxonomy":"post_tag","embeddable":true,"href":"http:\/\/www.terres-et-seigneurs-en-donziais.fr\/index.php?rest_route=%2Fwp%2Fv2%2Ftags&post=7291"}],"curies":[{"name":"wp","href":"https:\/\/api.w.org\/{rel}","templated":true}]}}