{"id":72,"date":"2015-04-06T12:31:25","date_gmt":"2015-04-06T11:31:25","guid":{"rendered":"http:\/\/www.terres-et-seigneurs-en-donziais.fr\/?p=72"},"modified":"2025-07-30T08:20:11","modified_gmt":"2025-07-30T07:20:11","slug":"la-garde","status":"publish","type":"post","link":"http:\/\/www.terres-et-seigneurs-en-donziais.fr\/?p=72","title":{"rendered":"La Garde"},"content":{"rendered":"<p style=\"text-align: center;\"><span style=\"color: #0000ff;\"><span style=\"font-size: 14px;\"><em>(La Garde, toile de M. d&rsquo;Anchald, vers 1870)<\/em><\/span><\/span><\/p>\n<p style=\"text-align: justify;\"><span style=\"font-size: 16px;\">On sait peu de choses des d\u00e9buts du fief de <strong>la Garde, \u00e0 Perroy<\/strong>, au bord du Nohain,\u00a0non loin de <strong><a href=\"http:\/\/www.terres-et-seigneurs-en-donziais.fr\/?p=88\" target=\"_blank\" rel=\"noopener noreferrer\">La Motte-Josserand<\/a><\/strong>.<\/span><\/p>\n<p style=\"text-align: justify;\"><span style=\"font-size: 16px;\">Il a pu appartenir lui aussi aux <strong><a href=\"http:\/\/www.terres-et-seigneurs-en-donziais.fr\/?page_id=531\" target=\"_blank\" rel=\"noopener noreferrer\">sires de Saint-Verain<\/a><\/strong> et\/ou aux Varigny, qu&rsquo;on rencontre \u00e0 <strong><a href=\"http:\/\/www.terres-et-seigneurs-en-donziais.fr\/?p=82\" target=\"_blank\" rel=\"noopener noreferrer\">Vergers (Suilly-la-Tour)<\/a><\/strong>\u00a0non loin en aval sur la rivi\u00e8re.<\/span><\/p>\n<p style=\"text-align: justify;\"><span style=\"font-size: 16px;\">Quoiqu&rsquo;il en soit, le fief\u00a0passa \u00e0 <strong><a href=\"http:\/\/www.terres-et-seigneurs-en-donziais.fr\/?p=90\" target=\"_blank\" rel=\"noopener noreferrer\">Jean\u00a0de La Rivi\u00e8re-Champlemy<\/a><\/strong> en 1461, par acquisition\u00a0et resta dans une branche de cette famille jusqu&rsquo;au d\u00e9but du XVIII\u00e8me si\u00e8cle.<\/span><\/p>\n<p style=\"text-align: justify;\"><em><span style=\"color: #0000ff;\"><strong><span style=\"font-size: 16px;\">Le d\u00e9but au moyen-\u00e2ge, et la fin de l&rsquo;histoire de la Garde avant\u00a0la R\u00e9volution restent \u00e0 \u00e9claircir, et nous serions int\u00e9ress\u00e9s de vos contributions \u00e0 ce sujet&#8230;<\/span><\/strong><\/span><\/em><\/p>\n<p style=\"text-align: justify;\"><em><span style=\"color: #0000ff;\"><strong><span style=\"font-size: 16px;\">Ci-dessous les donn\u00e9es actuellement disponibles :<\/span><\/strong><\/span><\/em><\/p>\n<p style=\"text-align: center;\"><span style=\"font-size: 18pt;\"><strong><em><a href=\"http:\/\/www.terres-et-seigneurs-en-donziais.fr\/wp-content\/uploads\/2015\/04\/La-Garde.pdf\" target=\"_blank\" rel=\"noopener\">La Garde<\/a>\u00a0<\/em><\/strong><\/span>\u00a0<span style=\"font-size: 16px;\"><em>(V8 compl\u00e9t\u00e9e le 22\/6\/25)<\/em><\/span><\/p>\n<p style=\"text-align: justify;\"><a href=\"http:\/\/www.terres-et-seigneurs-en-donziais.fr\/wp-content\/uploads\/2015\/09\/D-enlumin\u00e9-e1443770692908.jpeg\"><img decoding=\"async\" loading=\"lazy\" class=\"alignnone size-full wp-image-1748\" src=\"http:\/\/www.terres-et-seigneurs-en-donziais.fr\/wp-content\/uploads\/2015\/09\/D-enlumin\u00e9-e1443770692908.jpeg\" alt=\"D enlumin\u00e9\" width=\"80\" height=\"80\" \/><\/a><\/p>\n","protected":false},"excerpt":{"rendered":"<p>(La Garde, toile de M. d&rsquo;Anchald, vers 1870) On sait peu de choses des d\u00e9buts du fief de la Garde, \u00e0 Perroy, au bord du Nohain,\u00a0non loin de La Motte-Josserand. Il a pu appartenir lui aussi aux sires de Saint-Verain et\/ou aux Varigny, qu&rsquo;on rencontre \u00e0 Vergers (Suilly-la-Tour)\u00a0non loin en aval sur la rivi\u00e8re. Quoiqu&rsquo;il &hellip; <a href=\"http:\/\/www.terres-et-seigneurs-en-donziais.fr\/?p=72\" class=\"more-link\">Continuer la lecture de <span class=\"screen-reader-text\">La Garde<\/span> <span class=\"meta-nav\">&rarr;<\/span><\/a><\/p>\n","protected":false},"author":1,"featured_media":4941,"comment_status":"open","ping_status":"open","sticky":false,"template":"","format":"standard","meta":[],"categories":[11,5,12,4],"tags":[17,196,48,127,56],"_links":{"self":[{"href":"http:\/\/www.terres-et-seigneurs-en-donziais.fr\/index.php?rest_route=\/wp\/v2\/posts\/72"}],"collection":[{"href":"http:\/\/www.terres-et-seigneurs-en-donziais.fr\/index.php?rest_route=\/wp\/v2\/posts"}],"about":[{"href":"http:\/\/www.terres-et-seigneurs-en-donziais.fr\/index.php?rest_route=\/wp\/v2\/types\/post"}],"author":[{"embeddable":true,"href":"http:\/\/www.terres-et-seigneurs-en-donziais.fr\/index.php?rest_route=\/wp\/v2\/users\/1"}],"replies":[{"embeddable":true,"href":"http:\/\/www.terres-et-seigneurs-en-donziais.fr\/index.php?rest_route=%2Fwp%2Fv2%2Fcomments&post=72"}],"version-history":[{"count":21,"href":"http:\/\/www.terres-et-seigneurs-en-donziais.fr\/index.php?rest_route=\/wp\/v2\/posts\/72\/revisions"}],"predecessor-version":[{"id":9521,"href":"http:\/\/www.terres-et-seigneurs-en-donziais.fr\/index.php?rest_route=\/wp\/v2\/posts\/72\/revisions\/9521"}],"wp:featuredmedia":[{"embeddable":true,"href":"http:\/\/www.terres-et-seigneurs-en-donziais.fr\/index.php?rest_route=\/wp\/v2\/media\/4941"}],"wp:attachment":[{"href":"http:\/\/www.terres-et-seigneurs-en-donziais.fr\/index.php?rest_route=%2Fwp%2Fv2%2Fmedia&parent=72"}],"wp:term":[{"taxonomy":"category","embeddable":true,"href":"http:\/\/www.terres-et-seigneurs-en-donziais.fr\/index.php?rest_route=%2Fwp%2Fv2%2Fcategories&post=72"},{"taxonomy":"post_tag","embeddable":true,"href":"http:\/\/www.terres-et-seigneurs-en-donziais.fr\/index.php?rest_route=%2Fwp%2Fv2%2Ftags&post=72"}],"curies":[{"name":"wp","href":"https:\/\/api.w.org\/{rel}","templated":true}]}}