{"id":7060,"date":"2020-04-27T17:25:26","date_gmt":"2020-04-27T16:25:26","guid":{"rendered":"http:\/\/www.terres-et-seigneurs-en-donziais.fr\/?p=7060"},"modified":"2020-05-01T11:34:15","modified_gmt":"2020-05-01T10:34:15","slug":"une-belle-carriere-ecclesiastique","status":"publish","type":"post","link":"http:\/\/www.terres-et-seigneurs-en-donziais.fr\/?p=7060","title":{"rendered":"Une belle carri\u00e8re eccl\u00e9siastique !"},"content":{"rendered":"<p>A la veille de sa mort \u00e0 La Charit\u00e9, au mois d&rsquo;octobre 1619, \u00ab\u00a0<em>illustre et r\u00e9v\u00e9rend p\u00e8re en Dieu messire <strong>Jean de Cl\u00e8ves<\/strong>, evesque de Bethl\u00e9em, abb\u00e9 de l\u2019abbaye de Toussains en l\u2019\u00eele de Chaalons, prieur seigneur de La Charit\u00e9\u00a0\u00bb<\/em> fonda un anniversaire et cinq saluts dans l\u2019abbaye. Son neveu et l\u00e9gataire Antoine de Cl\u00e8ves, comte de Rosoy, devait d\u00e9livrer aux moines les sommes correspondantes<em> (Source\u00a0: Cartulaire de La Charit\u00e9, \u00e9dit\u00e9 par R. de Lespinasse).<\/em><\/p>\n<p>Nous avons d\u00e9j\u00e0 rencontr\u00e9 ce personnage comme <a href=\"http:\/\/www.terres-et-seigneurs-en-donziais.fr\/?p=6508\" target=\"_blank\" rel=\"noopener noreferrer\"><strong>\u00e9v\u00eaque de Bethl\u00e9em<\/strong><\/a>\u00a0\u00e0 la suite de son oncle Louis, et not\u00e9 son existence dans la g\u00e9n\u00e9alogie des <strong><a href=\"http:\/\/www.terres-et-seigneurs-en-donziais.fr\/?p=6081\" target=\"_blank\" rel=\"noopener noreferrer\">b\u00e2tards de Cl\u00e8ves<\/a>. <\/strong>Il \u00e9tait le fils de Louis, sgr de <a href=\"http:\/\/www.terres-et-seigneurs-en-donziais.fr\/?p=6420\" target=\"_blank\" rel=\"noopener noreferrer\"><strong>Fontaine<\/strong><\/a> (\u00e0 St-P\u00e8re)\u00a0; le petit-fils de Fran\u00e7ois, abb\u00e9 du<a href=\"https:\/\/fr.wikipedia.org\/wiki\/Abbaye_Saint-Michel_du_Tr\u00e9port\" target=\"_blank\" rel=\"noopener noreferrer\"> <strong>Tr\u00e9port<\/strong><\/a>\u00a0; et donc l\u2019arri\u00e8re-petit-fils \u00ab\u00a0par la main gauche\u00a0\u00bb d\u2019<a href=\"https:\/\/en.wikipedia.org\/wiki\/Engelbert,_Count_of_Nevers\" target=\"_blank\" rel=\"noopener noreferrer\"><strong>Engilbert,<\/strong> <strong>comte de Nevers<\/strong><\/a>.<\/p>\n<p>Ses armes figurent sur la chemin\u00e9e du petit manoir de Charly \u00e0 Chaulgnes, possession des prieurs de La Charit\u00e9\u00a0: <em>\u00ab\u00a0Ecartel\u00e9: aux 1 et 4, d&rsquo;azur, \u00e0 trois fleurs de lys d&rsquo;or, \u00e0 la bande de gueules, charg\u00e9e de trois lionceaux d&rsquo;argent, brochant sur le tout (qui est Bourbon-Vend\u00f4me); aux 2 et 3, contr\u00e9cartel\u00e9, au 1 et 4, parti de gueules, au ray d&rsquo;escarboucle, pommet\u00e9 et fleurdelys\u00e9 d&rsquo;or de huit pi\u00e8ces, ent\u00e9 en c\u0153ur d&rsquo;argent, \u00e0 l&rsquo;escarboucle de sinople (qui est de Cl\u00e8ves) et d&rsquo;or, \u00e0 la fasce \u00e9chiquet\u00e9e d&rsquo;argent et de gueules de trois tires (qui est La Mark); et aux 2 et 3, \u00e9cartel\u00e9 d&rsquo;azur, \u00e0 trois fleurs de lys d&rsquo;or, et de gueules \u00e0 la bordure engr\u00eal\u00e9e d&rsquo;argent (qui est d&rsquo;Albret-Orval)\u00a0\u00bb. (Source\u00a0: Armorial de Soultrait, et Epigraphie h\u00e9raldique du d\u00e9partement de la Ni\u00e8vre, par le Cte de Sornay-Soultrait)<\/em><\/p>\n<p>Les armes de Bourbon-Vend\u00f4me, celles de son arri\u00e8re-grand-m\u00e8re qui faisait de lui un cousin du <em>roi r\u00e9gnant<\/em>, figurent curieusement en premier\u00a0; mais aucune allusion \u00e0 la b\u00e2tardise dans cet \u00e9cu sophistiqu\u00e9.<\/p>\n<p>A la v\u00e9rit\u00e9, cet aimable jeune homme, chanoine r\u00e9gulier de Saint-Augustin, n\u2019avait pas eu \u00e0 fournir de grands efforts pour obtenir ces fonctions\u00a0: il avait succ\u00e9d\u00e9 comme abb\u00e9 de <a href=\"http:\/\/www.terres-et-seigneurs-en-donziais.fr\/?p=2127\" target=\"_blank\" rel=\"noopener noreferrer\"><strong>Bourras<\/strong><\/a> et de <a href=\"https:\/\/fr.wikipedia.org\/wiki\/Abbaye_de_Toussaint_(Ch\u00e2lons-en-Champagne)\" target=\"_blank\" rel=\"noopener noreferrer\"><strong>Toussaint de Ch\u00e2lons<\/strong><\/a>, comme <a href=\"https:\/\/fr.wikipedia.org\/wiki\/Prieur\u00e9_Notre-Dame_de_La_Charit\u00e9-sur-Loire\" target=\"_blank\" rel=\"noopener noreferrer\"><strong>Prieur de La Charit\u00e9<\/strong><\/a> (en 1606) et comme <strong>\u00e9v\u00eaque de Bethl\u00e9em<\/strong> (en 1615) \u00e0 son oncle Louis de Cl\u00e8ves.<\/p>\n<p>Comme prieur de cette fille a\u00een\u00e9e de Cluny pendant 13 ann\u00e9es, fonction \u00e0 laquelle il ajouta celle d\u2019\u00e9v\u00eaque de Bethl\u00e9em \u2013 il est vrai assez l\u00e9g\u00e8re &#8211; il n\u2019a laiss\u00e9 comme trace qu\u2019une tombe dans le choeur.<\/p>\n<p><span style=\"color: #0000ff;\"><em><strong>Voyez \u00e0 ce sujet la notice d\u00e9taill\u00e9e que nous proposons par ailleurs\u00a0: <\/strong><\/em><\/span><strong><em><span style=\"font-size: 14pt;\"><a href=\"http:\/\/www.terres-et-seigneurs-en-donziais.fr\/wp-content\/uploads\/2019\/11\/Prieurs-de-La-Charit\u00e9.pdf\" target=\"_blank\" rel=\"noopener noreferrer\">Prieurs de La Charit\u00e9<\/a><\/span><\/em><\/strong><\/p>\n<p>Mais Jean de Cl\u00e8ves avait aussi obtenu dans ses premi\u00e8res ann\u00e9es <strong>des petits b\u00e9n\u00e9fices en Donziais<\/strong>. Il est probable que son oncle avait \u00ab\u00a0r\u00e9sign\u00e9\u00a0\u00bb en sa faveur ces premiers titres, comme il r\u00e9signa plus tard ceux de Bourras, de La Charit\u00e9 et de Bethl\u00e9em.<\/p>\n<p>Les ressources in\u00e9puisables du site \u00ab\u00a0<span style=\"font-size: 14pt;\"><a href=\"http:\/\/cahiersduvaldebargis.free.fr\" target=\"_blank\" rel=\"noopener noreferrer\"><em><strong>cahiers-du-val-de-bargis\u00a0<\/strong><\/em><\/a><\/span>\u00bb &#8211; <em>auquel nous avons souvent recours et que nous vous recommandons<\/em> &#8211; nous le font retrouver comme\u00a0<a href=\"http:\/\/www.terres-et-seigneurs-en-donziais.fr\/?p=1856\" target=\"_blank\" rel=\"noopener noreferrer\"><strong>prieur de<\/strong> <strong>Cessy <\/strong><\/a>en 1602 pour la vente d\u2019une grange, ou pour le bail de la d\u00eeme de C\u0153urs\u00a0:<\/p>\n<p>\u00ab\u00a0<em>A tous ceulx qui ces p[r\u00e9se]ntes lettres verront Philippes de Franay conseiller du Roy not[re] sire advocat au baill[ia]ge et siege presidial d&rsquo;Aucerre, bailly de Cessy et St Malou les Boys et garde du scel\u00a0estably aux contractz desditz lieulx pour noble et scientifique personne <strong>messire Jehan de Cleves conseiller et aumosnier du Roy not[re] sire abb\u00e9 de Toussaintz en l&rsquo;Isle de Challons et seign[eur] prieur spirituel et temporel desditz Cessy, St Malou les Boys, Coches et Viel Mannay<\/strong>, mambres et deppandan[ces] salut&#8230;&#8230;\u00a0<\/em>\u00bb.<\/p>\n<p>Nous avons \u00e9voqu\u00e9 cette vieille abbaye relevant de <a href=\"http:\/\/www.auxerre.culture.gouv.fr\/fr\/\" target=\"_blank\" rel=\"noopener noreferrer\"><strong>St-Germain-d\u2019Auxerre<\/strong><\/a>\u00a0; elle n\u2019\u00e9tait plus que l\u2019ombre d\u2019elle-m\u00eame apr\u00e8s les ravages des Guerres de Religion, et il n\u2019en reste rien. Ses biens et ceux subsistants de l\u2019ancienne abbaye de <a href=\"http:\/\/www.terres-et-seigneurs-en-donziais.fr\/?p=4346\" target=\"_blank\" rel=\"noopener noreferrer\"><strong>Coche<\/strong><\/a> \u00e0 Vielmanay\u00a0; ceux du prieur\u00e9 disparu de <a href=\"http:\/\/www.terres-et-seigneurs-en-donziais.fr\/?p=6290\" target=\"_blank\" rel=\"noopener noreferrer\"><strong>Mannay<\/strong>\u00a0<\/a>; et ceux d\u00e9tenus \u00e0 <a href=\"https:\/\/fr.wikipedia.org\/wiki\/Saint-Malo-en-Donziois\" target=\"_blank\" rel=\"noopener noreferrer\"><strong>Saint-Malo<\/strong><\/a> qui \u00e9tait dans la d\u00e9pendance de Cessy, avaient \u00e9t\u00e9 unis pour \u00e9toffer ce b\u00e9n\u00e9fice et en faciliter l\u2019administration. C\u2019\u00e9tait devenu une quasi-seigneurie la\u00efque sans pr\u00e9sence monastique.<\/p>\n<p>Il semble qu\u2019en 1602 Jean de Cl\u00e8ves n\u2019\u00e9tait pas encore abb\u00e9 de Bourras &#8211; sur le territoire de cette m\u00eame paroisse de Saint-Malo-en-Donziais \u2013 mais ce n\u2019\u00e9tait que partie remise.\u00a0Notons qu\u2019il \u00e9tait d\u00e8s cette \u00e9poque \u00ab\u00a0<em><strong>conseiller et aum\u00f4nier du Roi\u00a0<\/strong>\u00bb, <\/em>une charge h\u00e9rit\u00e9e \u00e9galement de son oncle.<\/p>\n<p>Les Cl\u00e8ves-Fontaine, oncle et neveu, nous fournissent un bel exemple du n\u00e9potisme et de la simonie qui pr\u00e9valaient alors. Il s\u2019agissait d\u2019obtenir du roi, gr\u00e2ce \u00e0 un appui puissant \u2013 celui du duc de Nevers, en l\u2019occurrence \u2013 des \u00ab\u00a0b\u00e9n\u00e9fices\u00a0\u00bb procurant des revenus significatifs. On y renon\u00e7ait de son vivant en faveur d\u2019un neveu. On transmettait ainsi comme un patrimoine priv\u00e9 des droits sur des biens eccl\u00e9siastiques au nez et \u00e0 la barbe d\u2019un pouvoir royal complaisant. Il n&rsquo;\u00e9tait pas interdit d&rsquo;avoir une vocation religieuse et de s&rsquo;y consacrer, mais ce n&rsquo;\u00e9tait pas indispensable&#8230;<\/p>\n<p>Ce scandale minait la confiance dans l\u2019Eglise et dans ce pouvoir\u00a0; il perdura pourtant sur une grande \u00e9chelle jusqu\u2019\u00e0 la R\u00e9volution.<\/p>\n<p>Luther et surtout Calvin s\u2019\u00e9taient \u00e9lev\u00e9s quelques dizaines d\u2019ann\u00e9es plus t\u00f4t contre ces pratiques. Leurs partisans avaient d&rsquo;ailleurs d\u00e9truit la plupart des monast\u00e8res de la r\u00e9gion, mais leurs biens fonciers \u00e9taient l\u00e0 et continuaient d\u2019aiguiser les app\u00e9tits.<\/p>\n<p>Encore faut-il rappeler que certains huguenots connaissaient le syst\u00e8me de l\u2019int\u00e9rieur\u00a0: <strong>Jean de Marafin &#8211; <\/strong>fr\u00e8re de Fran\u00e7ois, sgr de <a href=\"http:\/\/www.terres-et-seigneurs-en-donziais.fr\/?p=245\" target=\"_blank\" rel=\"noopener noreferrer\"><strong>Vieux-Moulin<\/strong><\/a>, capitaine protestant de La Charit\u00e9 et lieutenant de l\u2019Amiral de Coligny &#8211; avait \u00e9t\u00e9 \u00ab\u00a0<em>abb\u00e9 commendataire de Bourras et de Cessy\u00a0\u00bb et \u00ab\u00a0archidiacre de Decize\u00a0<\/em>\u00bb quelques ann\u00e9es avant d\u2019embrasser la R\u00e9forme. <a href=\"https:\/\/fr.wikipedia.org\/wiki\/Th\u00e9odore_de_B\u00e8ze\" target=\"_blank\" rel=\"noopener noreferrer\"><strong>Th\u00e9odore de B\u00e8ze<\/strong><\/a> lui-m\u00eame, successeur de Calvin \u00e0 Gen\u00e8ve, dont la famille \u00e9tait implant\u00e9e en Nivernais et en Donziais, n\u2019avait-il pas b\u00e9n\u00e9fici\u00e9 de la protection de son oncle <strong>Nicole de B\u00e8ze<\/strong>, \u00ab\u00a0<em>archidiacre d\u2019Etampes, prieur commendataire de Mello, Abb\u00e9 de Saint-Eptade de Cervon, Prieur du Val-Saint-Eloi \u00e0 Longjumeau<\/em>\u00ab\u00a0\u2026.etc.\u00a0?<\/p>\n<p><span style=\"color: #0000ff;\"><strong><em>Une \u00e9poque d\u00e9cid\u00e9ment bien troubl\u00e9e et d\u00e9liquescente\u2026<\/em><\/strong><\/span><\/p>\n<p><a href=\"http:\/\/www.terres-et-seigneurs-en-donziais.fr\/wp-content\/uploads\/2015\/09\/D-enlumin\u00e9-e1443770692908.jpeg\"><img decoding=\"async\" loading=\"lazy\" class=\"alignnone size-full wp-image-1748\" src=\"http:\/\/www.terres-et-seigneurs-en-donziais.fr\/wp-content\/uploads\/2015\/09\/D-enlumin\u00e9-e1443770692908.jpeg\" alt=\"\" width=\"80\" height=\"80\" \/><\/a><\/p>\n","protected":false},"excerpt":{"rendered":"<p>A la veille de sa mort \u00e0 La Charit\u00e9, au mois d&rsquo;octobre 1619, \u00ab\u00a0illustre et r\u00e9v\u00e9rend p\u00e8re en Dieu messire Jean de Cl\u00e8ves, evesque de Bethl\u00e9em, abb\u00e9 de l\u2019abbaye de Toussains en l\u2019\u00eele de Chaalons, prieur seigneur de La Charit\u00e9\u00a0\u00bb fonda un anniversaire et cinq saluts dans l\u2019abbaye. Son neveu et l\u00e9gataire Antoine de Cl\u00e8ves, &hellip; <a href=\"http:\/\/www.terres-et-seigneurs-en-donziais.fr\/?p=7060\" class=\"more-link\">Continuer la lecture de <span class=\"screen-reader-text\">Une belle carri\u00e8re eccl\u00e9siastique !<\/span> <span class=\"meta-nav\">&rarr;<\/span><\/a><\/p>\n","protected":false},"author":1,"featured_media":7061,"comment_status":"open","ping_status":"open","sticky":false,"template":"","format":"standard","meta":[],"categories":[8,5,1],"tags":[977,431,665,661,862,902,146,890,144],"_links":{"self":[{"href":"http:\/\/www.terres-et-seigneurs-en-donziais.fr\/index.php?rest_route=\/wp\/v2\/posts\/7060"}],"collection":[{"href":"http:\/\/www.terres-et-seigneurs-en-donziais.fr\/index.php?rest_route=\/wp\/v2\/posts"}],"about":[{"href":"http:\/\/www.terres-et-seigneurs-en-donziais.fr\/index.php?rest_route=\/wp\/v2\/types\/post"}],"author":[{"embeddable":true,"href":"http:\/\/www.terres-et-seigneurs-en-donziais.fr\/index.php?rest_route=\/wp\/v2\/users\/1"}],"replies":[{"embeddable":true,"href":"http:\/\/www.terres-et-seigneurs-en-donziais.fr\/index.php?rest_route=%2Fwp%2Fv2%2Fcomments&post=7060"}],"version-history":[{"count":14,"href":"http:\/\/www.terres-et-seigneurs-en-donziais.fr\/index.php?rest_route=\/wp\/v2\/posts\/7060\/revisions"}],"predecessor-version":[{"id":7114,"href":"http:\/\/www.terres-et-seigneurs-en-donziais.fr\/index.php?rest_route=\/wp\/v2\/posts\/7060\/revisions\/7114"}],"wp:featuredmedia":[{"embeddable":true,"href":"http:\/\/www.terres-et-seigneurs-en-donziais.fr\/index.php?rest_route=\/wp\/v2\/media\/7061"}],"wp:attachment":[{"href":"http:\/\/www.terres-et-seigneurs-en-donziais.fr\/index.php?rest_route=%2Fwp%2Fv2%2Fmedia&parent=7060"}],"wp:term":[{"taxonomy":"category","embeddable":true,"href":"http:\/\/www.terres-et-seigneurs-en-donziais.fr\/index.php?rest_route=%2Fwp%2Fv2%2Fcategories&post=7060"},{"taxonomy":"post_tag","embeddable":true,"href":"http:\/\/www.terres-et-seigneurs-en-donziais.fr\/index.php?rest_route=%2Fwp%2Fv2%2Ftags&post=7060"}],"curies":[{"name":"wp","href":"https:\/\/api.w.org\/{rel}","templated":true}]}}