{"id":6740,"date":"2020-03-06T09:59:24","date_gmt":"2020-03-06T08:59:24","guid":{"rendered":"http:\/\/www.terres-et-seigneurs-en-donziais.fr\/?p=6740"},"modified":"2021-12-29T10:51:23","modified_gmt":"2021-12-29T09:51:23","slug":"annay-sur-la-vrille","status":"publish","type":"post","link":"http:\/\/www.terres-et-seigneurs-en-donziais.fr\/?p=6740","title":{"rendered":"Annay, sur la Vrille"},"content":{"rendered":"<p style=\"text-align: center;\"><em><span style=\"font-size: 10pt; color: #000080;\">(Illustration : Annay : le pont sur la Vrille)<\/span><\/em><\/p>\n<p><strong>Annay, sur la Vrille, entre Arquian et Neuvy, relevait de <a href=\"http:\/\/www.terres-et-seigneurs-en-donziais.fr\/?page_id=531\" target=\"_blank\" rel=\"noopener noreferrer\">Saint-Verain<\/a>.<\/strong><\/p>\n<p>C\u2019\u00e9tait sans doute un fief ancien, puisqu\u2019on y fait \u00e9tat d\u2019une demeure seigneuriale, mais il n\u2019appara\u00eet dans les actes qu\u2019au d\u00e9but du XVII\u00e8me si\u00e8cle. Peut-\u00eatre cette terre a-t-elle \u00e9t\u00e9 d\u00e9membr\u00e9e de <a href=\"http:\/\/www.terres-et-seigneurs-en-donziais.fr\/?p=3394\" target=\"_blank\" rel=\"noopener noreferrer\"><strong>Neuvy<\/strong><\/a> ou d\u2019<a href=\"http:\/\/www.terres-et-seigneurs-en-donziais.fr\/?p=3275\" target=\"_blank\" rel=\"noopener noreferrer\"><strong>Arquian<\/strong>,<\/a> ou encore du domaine de <a href=\"http:\/\/www.terres-et-seigneurs-en-donziais.fr\/?p=1859\" target=\"_blank\" rel=\"noopener noreferrer\"><strong>l\u2019abbaye de Roches<\/strong><\/a> \u00e0 Myennes ?<\/p>\n<p>Elle ne figure pas en tout cas dans la liste des fiefs de Saint-Verain concern\u00e9s par le partage de la succession des barons \u00e0 la fin du XV\u00e8me si\u00e8cle, \u00e0 la diff\u00e9rence de Neuvy et Arquian, tel que les Mirot (\u00ab\u00a0<em>La Baronnie de Saint-Verain<\/em>\u00ab\u00a0) l\u2019ont propos\u00e9e.<\/p>\n<p>Le ch\u00e2teau actuel d\u2019Annay a \u00e9t\u00e9 construit au XIXe si\u00e8cle sur les fondations de l&rsquo;ancien. Un grand corps de logis rectangulaire est adoss\u00e9 \u00e0 une tour carr\u00e9e, seul vestige de l&rsquo;ancienne construction. Par contre, l&rsquo;avant-corps a \u00e9t\u00e9 d\u00e9truit apr\u00e8s la seconde guerre mondiale, au cours de laquelle il a \u00e9t\u00e9 gravement endommag\u00e9.<\/p>\n<p>Il \u00e9tait parfois appel\u00e9 le \u00ab\u00a0<em>ch\u00e2teau de la Borde\u00a0<\/em>\u00ab\u00a0 par certaines sources, d\u2019o\u00f9 des confusions avec La Borde \u00e0 Leugny (89).<\/p>\n<p>Cela pourrait sugg\u00e9rer qu\u2019il s\u2019agissait d\u2019une \u00ab\u00a0<em>borde\u00a0<\/em>\u00bb &#8211; m\u00e9tairie relevant d\u2019un plus grand domaine la\u00efc ou religieux \u2013 d\u00e9tach\u00e9e de son fief d\u2019appartenance et \u00e9rig\u00e9e en seigneurie.<\/p>\n<p><span style=\"color: #000080;\"><em><strong>Merci de nous aider \u00e0 \u00e9clairer les origines de ce fief, pour compl\u00e9ter la notice ci-jointe :\u00a0<\/strong><\/em><\/span><\/p>\n<p style=\"text-align: center;\"><em><strong><span style=\"font-size: 18pt;\"><a href=\"http:\/\/www.terres-et-seigneurs-en-donziais.fr\/wp-content\/uploads\/2020\/03\/Annay.pdf\" target=\"_blank\" rel=\"noopener\">Annay<\/a><a href=\"http:\/\/www.terres-et-seigneurs-en-donziais.fr\/wp-content\/uploads\/2020\/03\/Annay.pdf\" target=\"_blank\" rel=\"noopener noreferrer\">\u00a0<\/a><\/span><\/strong><span style=\"font-size: 18pt;\"><a href=\"http:\/\/www.terres-et-seigneurs-en-donziais.fr\/wp-content\/uploads\/2020\/03\/Annay.pdf\"><span style=\"font-size: 12pt; color: #000000;\">(V2 du 29 d\u00e9c 2021)<\/span><\/a><\/span><\/em><\/p>\n<p><a href=\"http:\/\/www.terres-et-seigneurs-en-donziais.fr\/wp-content\/uploads\/2015\/09\/D-enlumin\u00e9-e1443770692908.jpeg\"><img decoding=\"async\" loading=\"lazy\" class=\"alignnone size-full wp-image-1748\" src=\"http:\/\/www.terres-et-seigneurs-en-donziais.fr\/wp-content\/uploads\/2015\/09\/D-enlumin\u00e9-e1443770692908.jpeg\" alt=\"\" width=\"80\" height=\"80\" \/><\/a><\/p>\n","protected":false},"excerpt":{"rendered":"<p>(Illustration : Annay : le pont sur la Vrille) Annay, sur la Vrille, entre Arquian et Neuvy, relevait de Saint-Verain. C\u2019\u00e9tait sans doute un fief ancien, puisqu\u2019on y fait \u00e9tat d\u2019une demeure seigneuriale, mais il n\u2019appara\u00eet dans les actes qu\u2019au d\u00e9but du XVII\u00e8me si\u00e8cle. Peut-\u00eatre cette terre a-t-elle \u00e9t\u00e9 d\u00e9membr\u00e9e de Neuvy ou d\u2019Arquian, ou &hellip; <a href=\"http:\/\/www.terres-et-seigneurs-en-donziais.fr\/?p=6740\" class=\"more-link\">Continuer la lecture de <span class=\"screen-reader-text\">Annay, sur la Vrille<\/span> <span class=\"meta-nav\">&rarr;<\/span><\/a><\/p>\n","protected":false},"author":1,"featured_media":6745,"comment_status":"open","ping_status":"open","sticky":false,"template":"","format":"standard","meta":[],"categories":[97,5,45],"tags":[942,944,319,835,943,127],"_links":{"self":[{"href":"http:\/\/www.terres-et-seigneurs-en-donziais.fr\/index.php?rest_route=\/wp\/v2\/posts\/6740"}],"collection":[{"href":"http:\/\/www.terres-et-seigneurs-en-donziais.fr\/index.php?rest_route=\/wp\/v2\/posts"}],"about":[{"href":"http:\/\/www.terres-et-seigneurs-en-donziais.fr\/index.php?rest_route=\/wp\/v2\/types\/post"}],"author":[{"embeddable":true,"href":"http:\/\/www.terres-et-seigneurs-en-donziais.fr\/index.php?rest_route=\/wp\/v2\/users\/1"}],"replies":[{"embeddable":true,"href":"http:\/\/www.terres-et-seigneurs-en-donziais.fr\/index.php?rest_route=%2Fwp%2Fv2%2Fcomments&post=6740"}],"version-history":[{"count":12,"href":"http:\/\/www.terres-et-seigneurs-en-donziais.fr\/index.php?rest_route=\/wp\/v2\/posts\/6740\/revisions"}],"predecessor-version":[{"id":7669,"href":"http:\/\/www.terres-et-seigneurs-en-donziais.fr\/index.php?rest_route=\/wp\/v2\/posts\/6740\/revisions\/7669"}],"wp:featuredmedia":[{"embeddable":true,"href":"http:\/\/www.terres-et-seigneurs-en-donziais.fr\/index.php?rest_route=\/wp\/v2\/media\/6745"}],"wp:attachment":[{"href":"http:\/\/www.terres-et-seigneurs-en-donziais.fr\/index.php?rest_route=%2Fwp%2Fv2%2Fmedia&parent=6740"}],"wp:term":[{"taxonomy":"category","embeddable":true,"href":"http:\/\/www.terres-et-seigneurs-en-donziais.fr\/index.php?rest_route=%2Fwp%2Fv2%2Fcategories&post=6740"},{"taxonomy":"post_tag","embeddable":true,"href":"http:\/\/www.terres-et-seigneurs-en-donziais.fr\/index.php?rest_route=%2Fwp%2Fv2%2Ftags&post=6740"}],"curies":[{"name":"wp","href":"https:\/\/api.w.org\/{rel}","templated":true}]}}