{"id":6717,"date":"2020-02-28T09:38:21","date_gmt":"2020-02-28T08:38:21","guid":{"rendered":"http:\/\/www.terres-et-seigneurs-en-donziais.fr\/?p=6717"},"modified":"2020-02-28T13:41:22","modified_gmt":"2020-02-28T12:41:22","slug":"romain-de-subiaco-a-fons-drogi","status":"publish","type":"post","link":"http:\/\/www.terres-et-seigneurs-en-donziais.fr\/?p=6717","title":{"rendered":"Romain, de Subiaco \u00e0 Fons Drogi"},"content":{"rendered":"<p style=\"text-align: center;\"><span style=\"font-size: 10pt; color: #000080;\"><em>(Illustration : le monast\u00e8re de Subiaco)<\/em><\/span><\/p>\n<p>Apr\u00e8s <a href=\"http:\/\/www.terres-et-seigneurs-en-donziais.fr\/?p=6627\" target=\"_blank\" rel=\"noopener noreferrer\"><strong>saint P\u00e8lerin<\/strong><\/a>, premier \u00e9v\u00eaque d\u2019Auxerre, martyris\u00e9 \u00e0 Bouhy en 303, et le grand <a href=\"https:\/\/fr.wikipedia.org\/wiki\/Germain_d%27Auxerre\" target=\"_blank\" rel=\"noopener noreferrer\"><strong>saint Germain<\/strong><\/a> (380-448), voici <strong>saint Romain <\/strong>(462-543), fondateur du monast\u00e8re de <a href=\"http:\/\/www.terres-et-seigneurs-en-donziais.fr\/?p=456\" target=\"_blank\" rel=\"noopener noreferrer\"><strong>Druyes<\/strong><\/a> et \u00a0\u2013 excusez du peu\u00a0! \u2013 mentor de <a href=\"https:\/\/fr.wikipedia.org\/wiki\/Beno\u00eet_de_Nursie\" target=\"_blank\" rel=\"noopener noreferrer\"><strong>Saint Benoit <\/strong><\/a>lui-m\u00eame\u2026<\/p>\n<p>L\u2019abb\u00e9 C. Leclerc, cur\u00e9 de Druyes-les-Belles-Fontaines au XIX\u00e8me si\u00e8cle, a racont\u00e9 la vie de ce personnage hors du commun, avec d\u00e9votion et \u00e0 la mani\u00e8re de son temps\u00a0: \u00ab\u00a0<strong><em>Saint Romain, \u00e9ducateur de saint Beno\u00eet, abb\u00e9 et fondateur de Druyes-les-Belles-Fontaines\u00a0<\/em><\/strong>\u00bb (Mignard, Paris, 1893).<\/p>\n<p>Longtemps avant lui, le moine Gislebert, de St-R\u00e9mi-de-Sens, avait \u00e9crit une \u00ab\u00a0<em>Vita<\/em> <em>Sancti Romani<\/em>, <em>conditoris Fonti Rogae\u00a0\u00bb<\/em> vers 1050, inspir\u00e9e de traditions monastiques orales. Ce texte, qui rec\u00e8le in\u00e9vitablement des \u00e9l\u00e9ments l\u00e9gendaires, est la seule source disponible, reprise par les auteurs classiques\u00a0: <a href=\"https:\/\/fr.wikipedia.org\/wiki\/Jean_Mabillon\" target=\"_blank\" rel=\"noopener noreferrer\"><strong>Mabillon<\/strong><\/a> et les <a href=\"https:\/\/fr.wikipedia.org\/wiki\/Soci\u00e9t\u00e9_des_Bollandistes\" target=\"_blank\" rel=\"noopener noreferrer\"><strong>Bollandistes<\/strong><\/a>.<\/p>\n<p>L\u2019itin\u00e9raire de ce Romain, assez m\u00e9connu, fut une aventure extraordinaire.<\/p>\n<p>Il \u00e9tait n\u00e9 vers 462, sans doute \u00e0 Rome, d\u2019une famille chr\u00e9tienne ais\u00e9e, alors que l\u2019Empire \u00e9tait \u00e0 l\u2019agonie, Goths et Vandales lui portant les derniers coups. En Gaule, la soci\u00e9t\u00e9 gallo-romaine cultiv\u00e9e, comme <strong><a href=\"https:\/\/fr.wikipedia.org\/wiki\/Sidoine_Apollinaire\" target=\"_blank\" rel=\"noopener noreferrer\">Sidoine Apollinaire<\/a>, <\/strong>voyait avec effroi les barbares francs chevelus s\u2019imposer \u00e0 elle par la force.<\/p>\n<p>Romain entra tr\u00e8s jeune au petit couvent de <a href=\"https:\/\/fr.wikipedia.org\/wiki\/Abbaye_territoriale_de_Subiaco\" target=\"_blank\" rel=\"noopener noreferrer\"><strong>Subiaco<\/strong><\/a>, d\u00e9laissant ses \u00e9tudes et le monde. Ses fr\u00e8res furent vite \u00e9difi\u00e9s par sa pi\u00e9t\u00e9 ardente et, malgr\u00e9 son jeune \u00e2ge, sa r\u00e9putation de saintet\u00e9 se r\u00e9pandit dans le pays. Elle attira le jeune Beno\u00eet, dont il fut d\u00e8s lors le mentor. Il le forma et l\u2019accompagna dans son choix \u00e9r\u00e9mitique. Il le nourrit m\u00eame pendant trois ans dans sa grotte, avec ce fameux panier suspendu que l\u2019imagerie l\u00e9gendaire a retenu. Il resta son fid\u00e8le compagnon, s\u2019effa\u00e7ant devant la notori\u00e9t\u00e9 croissante de celui qui refonda le monachisme occidental. On ne sait rien de son r\u00f4le r\u00e9el \u00e0 ses c\u00f4t\u00e9s.<\/p>\n<p><a href=\"http:\/\/www.terres-et-seigneurs-en-donziais.fr\/wp-content\/uploads\/2020\/02\/Panier.jpg\">\u00a0 \u00a0 \u00a0 \u00a0 \u00a0 \u00a0 \u00a0 \u00a0 \u00a0 \u00a0 \u00a0 \u00a0 \u00a0 \u00a0 \u00a0 \u00a0 \u00a0 \u00a0 \u00a0 \u00a0 \u00a0 \u00a0 \u00a0 \u00a0 \u00a0 \u00a0 \u00a0 \u00a0 \u00a0 \u00a0 \u00a0 \u00a0 \u00a0 \u00a0\u00a0<img decoding=\"async\" loading=\"lazy\" class=\"alignnone size-full wp-image-6718\" src=\"http:\/\/www.terres-et-seigneurs-en-donziais.fr\/wp-content\/uploads\/2020\/02\/Panier.jpg\" alt=\"\" width=\"162\" height=\"232\" \/><\/a><\/p>\n<p>Les circonstances dans lesquelles il quitta Subiaco vers 500 restent obscures. S\u2019agissait-il de fuir des pers\u00e9cutions, de laisser le champ libre \u00e0 son illustre \u00e9l\u00e8ve ou tout simplement d\u2019un \u00ab\u00a0appel\u00a0\u00bb\u00a0? Gislebert opte pour ce parti et le fait prendre cong\u00e9 de ses fr\u00e8res dans ces termes\u00a0: \u00ab\u00a0<em>Mais, comme l\u2019homme n\u2019est pas le ma\u00eetre de sa voie, comme sa direction appartient \u00e0 celui qui dispose de toutes choses avec la plus grande s\u00e9r\u00e9nit\u00e9, je vous en prie, n\u2019essayez pas de me retenir. Dieu m\u2019ordonne d\u2019aller dans les Gaules, je dois ob\u00e9ir. Il faut marcher\u2026.\u00a0\u00bb.<\/em><\/p>\n<p>Il marcha donc et gagna les Alpes, passant sans doute au Petit-Saint-Bernard comme l\u2019avait fait Germain en route vers Ravenne, et comme le fera quelques d\u00e9cennies plus tard Maur. Il se serait arr\u00eat\u00e9 au grand sanctuaire burgonde\u00a0d\u2019<a href=\"https:\/\/fr.wikipedia.org\/wiki\/Abbaye_territoriale_de_Saint-Maurice_d%27Agaune\" target=\"_blank\" rel=\"noopener noreferrer\"><strong>Agaune<\/strong><\/a> pr\u00e8s de Martigny, r\u00e9cemment fond\u00e9 et dirig\u00e9 alors par <a href=\"https:\/\/fr.wikipedia.org\/wiki\/S\u00e9verin_d%27Agaune\" target=\"_blank\" rel=\"noopener noreferrer\"><strong>S\u00e9verin<\/strong><\/a> &#8211; celui-l\u00e0 m\u00eame que Clovis, malade, appela \u00e0 Lut\u00e8ce &#8211;\u00a0; ainsi qu\u2019au monast\u00e8re de <a href=\"https:\/\/fr.wikipedia.org\/wiki\/Abbaye_de_Saint-Claude\" target=\"_blank\" rel=\"noopener noreferrer\"><strong>Condat (Saint-Claude)<\/strong><\/a>, fond\u00e9 en 420 par un autre <strong>Romain<\/strong>, originaire du Jura, le saint le plus c\u00e9l\u00e8bre de ce nom.<\/p>\n<p>Pourquoi se dirigea-t-il vers l\u2019Auxerrois\u00a0? Il suivait naturellement les voies romaines, mais la r\u00e9putation de <strong>Germain<\/strong> ne fut sans doute pas \u00e9trang\u00e8re \u00e0 ce choix, ainsi que celle de <strong>P\u00e8lerin<\/strong>.<\/p>\n<p>Quoiqu\u2019il en soit, sa p\u00e9r\u00e9grination prit fin dans la grotte de Druyes, qui lui rappela peut-\u00eatre les rochers de Subiaco.<\/p>\n<p><a href=\"http:\/\/www.terres-et-seigneurs-en-donziais.fr\/wp-content\/uploads\/2020\/02\/Grotte.jpg\">\u00a0 \u00a0 \u00a0 \u00a0 \u00a0 \u00a0 \u00a0 \u00a0 \u00a0 \u00a0 \u00a0 \u00a0 \u00a0 \u00a0 \u00a0 \u00a0 \u00a0 \u00a0 \u00a0 \u00a0 \u00a0 \u00a0 \u00a0 \u00a0 \u00a0 \u00a0 \u00a0 \u00a0 \u00a0 \u00a0<img decoding=\"async\" loading=\"lazy\" class=\"alignnone size-full wp-image-6720\" src=\"http:\/\/www.terres-et-seigneurs-en-donziais.fr\/wp-content\/uploads\/2020\/02\/Grotte.jpg\" alt=\"\" width=\"240\" height=\"180\" \/><\/a><\/p>\n<p>Connue par ses sources sous le nom de Fons-Drogi, cette localit\u00e9 n\u2019\u00e9tait pas anodine. Elle avait une r\u00e9putation de site druidique. L\u2019historien <a href=\"https:\/\/data.bnf.fr\/fr\/10688513\/jean-baptiste_nee_de_la_rochelle\/\" target=\"_blank\" rel=\"noopener noreferrer\"><strong>N\u00e9e de la Rochelle<\/strong><\/a> &#8211; dont la famille en \u00e9tait originaire &#8211; \u00e9crit que \u00ab\u00a0<em>la ville de Druyes est tr\u00e8s ancienne et qu\u2019il y avait un temple d\u00e9di\u00e9 au dieu Mercure ou Teutat\u00e8s, ainsi qu\u2019une habitation sp\u00e9ciale pour les druides, l\u2019un et l\u2019autre \u00e9tant b\u00e2tis sur la montagne\u2026\u00a0\u00bb. <\/em>Le grand <strong>saint Martin de Tours<\/strong> y \u00e9tait pass\u00e9 dans son voyage en pays Eduen, aux derni\u00e8res ann\u00e9es du IV\u00e8me si\u00e8cle.<\/p>\n<p>Romain reprit donc l\u00e0 sa vie de pri\u00e8re et de privations, dans la grotte qui porte son nom, dont il d\u00e9fricha les environs. Bient\u00f4t les foules se press\u00e8rent \u00e0 son ermitage et il put travailler \u00e0 l\u2019extinction du paganisme. Il construisit non loin une premi\u00e8re chapelle d\u00e9di\u00e9e \u00e0 <em>Notre-Dame de Piti\u00e9<\/em>, qui existait encore \u00e0 la fin du XVIII\u00e8me si\u00e8cle\u00a0; puis, adoss\u00e9e au rocher et dominant les eaux, pour conjurer les traditions pa\u00efennes qui r\u00e9gnaient sur ce site, une autre d\u00e9di\u00e9e \u00e0 <em>Saint Martin<\/em>, qui\u00a0attira un p\u00e8lerinage jusqu\u2019au XVII\u00e8me si\u00e8cle. Toutes deux ont disparu.<\/p>\n<p>Pour r\u00e9pondre aux sollicitations \u00e0 le rejoindre il fonda un monast\u00e8re en contrebas\u00a0: la premi\u00e8re abbaye \u00ab\u00a0<em>b\u00e9n\u00e9dictine<\/em>\u00a0\u00bb de France. En effet, l\u2019office de Saint Romain (22 mai) du br\u00e9viaire de l\u2019Ordre de St-Benoit pr\u00e9cise que \u00ab\u00a0<em>Saint Romain, ayant construit un monast\u00e8re \u00e0 Druyes, y entretint avec soin les traditions monastiques, s\u2019en fit le propagateur \u00e9minent, et entra de suite, d\u2019une mani\u00e8re admirable, dans les intentions et les vues du c\u00e9l\u00e8bre patriarche que les moines d\u2019Occident appellent leur p\u00e8re et que saint Romain nomme son \u00e9l\u00e8ve\u00a0\u00bb.<\/em><\/p>\n<p>Un bourg se d\u00e9veloppa autour du monast\u00e8re qui avait pris une certaine extension. Les moines d\u00e9frichaient et cultivaient les terres alentour. Romain entreprit alors de construire une vraie basilique qui devait avoir une certaine importance mais n\u2019a laiss\u00e9 aucune trace. Elle fut d\u00e9truite par un incendie au XI\u00e8me si\u00e8cle, et remplac\u00e9e par la belle \u00e9glise Saint Romain actuelle, construite \u00e0 la demande de <a href=\"http:\/\/www.terres-et-seigneurs-en-donziais.fr\/?page_id=525\" target=\"_blank\" rel=\"noopener noreferrer\"><strong>Guillaume II, comte de Nevers et d\u2019Auxerre<\/strong> <\/a>(1083-1168), qui aimait ce lieu o\u00f9 il fit \u00e9galement \u00e9difier le fameux ch\u00e2teau sur la hauteur.<\/p>\n<p><a href=\"http:\/\/www.terres-et-seigneurs-en-donziais.fr\/wp-content\/uploads\/2020\/02\/eglise.jpg\">\u00a0 \u00a0 \u00a0 \u00a0 \u00a0 \u00a0 \u00a0 \u00a0 \u00a0 \u00a0 \u00a0 \u00a0 \u00a0 \u00a0 \u00a0 \u00a0 \u00a0 \u00a0 \u00a0<img decoding=\"async\" loading=\"lazy\" class=\"alignnone size-full wp-image-6724\" src=\"http:\/\/www.terres-et-seigneurs-en-donziais.fr\/wp-content\/uploads\/2020\/02\/eglise.jpg\" alt=\"\" width=\"178\" height=\"125\" \/><\/a><\/p>\n<p>Romain para\u00eet avoir rayonn\u00e9 \u00e0 Auxerre et dans la r\u00e9gion o\u00f9 il aurait accompli plusieurs miracles. Peu avant sa mort il accueillit \u00e0 Druyes <a href=\"https:\/\/fr.wikipedia.org\/wiki\/Maur_(saint)\" target=\"_blank\" rel=\"noopener noreferrer\"><strong>saint Maur<\/strong><\/a>, envoy\u00e9 en Gaule par Benoit, dont il \u00e9tait le premier disciple, pour propager la nouvelle R\u00e8gle monastique. Pendant son s\u00e9jour \u00e0 Druyes, une vision qu\u2019il put partager avec Romain lui aurait r\u00e9v\u00e9l\u00e9 la mort de son ma\u00eetre au <a href=\"https:\/\/fr.wikipedia.org\/wiki\/Abbaye_territoriale_du_Mont-Cassin\" target=\"_blank\" rel=\"noopener noreferrer\"><strong>Mont-Cassin<\/strong><\/a>. Mais les dates officielles ne corroborent pas cet \u00e9v\u00e8nement.<\/p>\n<p>Romain ne surv\u00e9cut pas longtemps \u00e0 celui qu\u2019il appelait son <em>\u00e9l\u00e8ve<\/em> et s\u2019\u00e9teignit \u00e0 Druyes le 22 mai 543. Il fut inhum\u00e9 aux pieds de l\u2019autel de sa basilique. Ses reliques furent plus tard transf\u00e9r\u00e9es pour \u00e9chapper aux invasions, et dispers\u00e9es, suivant l\u2019usage du temps. Son monast\u00e8re, qui avait d\u00e9clin\u00e9 apr\u00e8s sa mort et fut peut-\u00eatre attaqu\u00e9 par les Normands, fut reb\u00e2ti \u00e0 quelque distance en aval, \u00e0 une date inconnue, en un lieu qu&rsquo;on nomma Andryes : il devint plus tard le <a href=\"http:\/\/www.terres-et-seigneurs-en-donziais.fr\/?p=1868\" target=\"_blank\" rel=\"noopener noreferrer\"><strong>Prieur\u00e9 Saint Robert d\u2019Andryes<\/strong>,<\/a>\u00a0donn\u00e9 \u00e0 la nouvelle abbaye de <a href=\"https:\/\/www.abbaye-chaise-dieu.com\" target=\"_blank\" rel=\"noopener noreferrer\"><strong>la Chaise-Dieu<\/strong><\/a> par l&rsquo;\u00e9v\u00eaque <a href=\"http:\/\/auxerre.historique.free.fr\/Personnages\/eveques\/geoffroi_de_champallement.htm\" target=\"_blank\" rel=\"noopener noreferrer\"><strong>Geoffroy de Champallement<\/strong><\/a> (1076), le co-fondateur du Prieur\u00e9 de La Charit\u00e9.<\/p>\n<p><span style=\"color: #0000ff;\"><strong><em>Essentiels pour comprendre l\u2019importance de Druyes, cette histoire et son modeste h\u00e9ros, restent m\u00e9connus. Mais la grotte surmont\u00e9e d\u2019une croix est l\u00e0, au fond de la prairie, pour nous rappeler la m\u00e9moire de l\u2019ermite fondateur.<\/em><\/strong><\/span><\/p>\n<p><a href=\"http:\/\/www.terres-et-seigneurs-en-donziais.fr\/wp-content\/uploads\/2015\/09\/D-enlumin\u00e9-e1443770692908.jpeg\"><img decoding=\"async\" loading=\"lazy\" class=\"alignnone size-full wp-image-1748\" src=\"http:\/\/www.terres-et-seigneurs-en-donziais.fr\/wp-content\/uploads\/2015\/09\/D-enlumin\u00e9-e1443770692908.jpeg\" alt=\"\" width=\"80\" height=\"80\" \/><\/a><\/p>\n","protected":false},"excerpt":{"rendered":"<p>(Illustration : le monast\u00e8re de Subiaco) Apr\u00e8s saint P\u00e8lerin, premier \u00e9v\u00eaque d\u2019Auxerre, martyris\u00e9 \u00e0 Bouhy en 303, et le grand saint Germain (380-448), voici saint Romain (462-543), fondateur du monast\u00e8re de Druyes et \u00a0\u2013 excusez du peu\u00a0! \u2013 mentor de Saint Benoit lui-m\u00eame\u2026 L\u2019abb\u00e9 C. Leclerc, cur\u00e9 de Druyes-les-Belles-Fontaines au XIX\u00e8me si\u00e8cle, a racont\u00e9 la &hellip; <a href=\"http:\/\/www.terres-et-seigneurs-en-donziais.fr\/?p=6717\" class=\"more-link\">Continuer la lecture de <span class=\"screen-reader-text\">Romain, de Subiaco \u00e0 Fons Drogi<\/span> <span class=\"meta-nav\">&rarr;<\/span><\/a><\/p>\n","protected":false},"author":1,"featured_media":6726,"comment_status":"open","ping_status":"open","sticky":false,"template":"","format":"standard","meta":[],"categories":[26,8,267,272,9,45,6],"tags":[936,941,277,937,938,60,939,940,341,348],"_links":{"self":[{"href":"http:\/\/www.terres-et-seigneurs-en-donziais.fr\/index.php?rest_route=\/wp\/v2\/posts\/6717"}],"collection":[{"href":"http:\/\/www.terres-et-seigneurs-en-donziais.fr\/index.php?rest_route=\/wp\/v2\/posts"}],"about":[{"href":"http:\/\/www.terres-et-seigneurs-en-donziais.fr\/index.php?rest_route=\/wp\/v2\/types\/post"}],"author":[{"embeddable":true,"href":"http:\/\/www.terres-et-seigneurs-en-donziais.fr\/index.php?rest_route=\/wp\/v2\/users\/1"}],"replies":[{"embeddable":true,"href":"http:\/\/www.terres-et-seigneurs-en-donziais.fr\/index.php?rest_route=%2Fwp%2Fv2%2Fcomments&post=6717"}],"version-history":[{"count":13,"href":"http:\/\/www.terres-et-seigneurs-en-donziais.fr\/index.php?rest_route=\/wp\/v2\/posts\/6717\/revisions"}],"predecessor-version":[{"id":6734,"href":"http:\/\/www.terres-et-seigneurs-en-donziais.fr\/index.php?rest_route=\/wp\/v2\/posts\/6717\/revisions\/6734"}],"wp:featuredmedia":[{"embeddable":true,"href":"http:\/\/www.terres-et-seigneurs-en-donziais.fr\/index.php?rest_route=\/wp\/v2\/media\/6726"}],"wp:attachment":[{"href":"http:\/\/www.terres-et-seigneurs-en-donziais.fr\/index.php?rest_route=%2Fwp%2Fv2%2Fmedia&parent=6717"}],"wp:term":[{"taxonomy":"category","embeddable":true,"href":"http:\/\/www.terres-et-seigneurs-en-donziais.fr\/index.php?rest_route=%2Fwp%2Fv2%2Fcategories&post=6717"},{"taxonomy":"post_tag","embeddable":true,"href":"http:\/\/www.terres-et-seigneurs-en-donziais.fr\/index.php?rest_route=%2Fwp%2Fv2%2Ftags&post=6717"}],"curies":[{"name":"wp","href":"https:\/\/api.w.org\/{rel}","templated":true}]}}