{"id":6608,"date":"2020-01-13T18:05:30","date_gmt":"2020-01-13T17:05:30","guid":{"rendered":"http:\/\/www.terres-et-seigneurs-en-donziais.fr\/?p=6608"},"modified":"2020-04-04T06:24:02","modified_gmt":"2020-04-04T05:24:02","slug":"un-chancelier-de-france-a-la-motte-josserand","status":"publish","type":"post","link":"http:\/\/www.terres-et-seigneurs-en-donziais.fr\/?p=6608","title":{"rendered":"Un Chancelier de France \u00e0 la Motte-Josserand"},"content":{"rendered":"<p style=\"text-align: center;\"><span style=\"color: #0000ff;\"><em><span style=\"font-size: 10pt;\">(Illustration : esquisse du portrait de G. Jouvenel par Fouquet, Mus\u00e9e de Berlin)<\/span><\/em><\/span><\/p>\n<p>En 1446, un puissant personnage acquiert <a href=\"http:\/\/www.terres-et-seigneurs-en-donziais.fr\/?p=88\" target=\"_blank\" rel=\"noopener noreferrer\"><strong>la Motte-Josserand<\/strong><\/a>, forteresse mythique du Donziais<strong>\u00a0<\/strong>: <a href=\"https:\/\/fr.wikipedia.org\/wiki\/Guillaume_Jouvenel_des_Ursins\" target=\"_blank\" rel=\"noopener noreferrer\"><strong>Guillaume Jouvenel des Ursins<\/strong><\/a>, <a href=\"https:\/\/fr.wikipedia.org\/wiki\/Chancelier_de_France\" target=\"_blank\" rel=\"noopener noreferrer\"><strong>Chancelier de France<\/strong><\/a>, dont la figure et l\u2019allure imposantes sont bien connues par le portrait qu\u2019en fit Jean Fouquet vers 1460.<\/p>\n<p>Cette m\u00eame ann\u00e9e, le roi Charles avait en effet mand\u00e9 Jean de La Rivi\u00e8re \u00ab\u00a0<em>nagu\u00e8re commis \u00e0 la garde de la forteresse\u2026pour mettre ladite place entre les mains de Guillaume Juv\u00e9nal des Ursins, chancelier de France\u00a0<\/em>\u00bb (Marolles, col. 275 et 277)<\/p>\n<p><a href=\"http:\/\/www.terres-et-seigneurs-en-donziais.fr\/wp-content\/uploads\/2020\/01\/2.jpg\">\u00a0 \u00a0 \u00a0 \u00a0 \u00a0 \u00a0 \u00a0 \u00a0 \u00a0 \u00a0 \u00a0 \u00a0 \u00a0 \u00a0 \u00a0 \u00a0 \u00a0 \u00a0 \u00a0 \u00a0 \u00a0 \u00a0 \u00a0 \u00a0 \u00a0 \u00a0 \u00a0<img decoding=\"async\" loading=\"lazy\" class=\"alignnone size-full wp-image-6609\" src=\"http:\/\/www.terres-et-seigneurs-en-donziais.fr\/wp-content\/uploads\/2020\/01\/2.jpg\" alt=\"\" width=\"164\" height=\"218\" \/><\/a><\/p>\n<p>Le Chancelier est charg\u00e9 de l\u2019administration de la Justice dans le royaume\u00a0; il est l\u2019anc\u00eatre de notre actuel Garde des Sceaux. En un temps o\u00f9 les secr\u00e9taires d\u2019Etat n\u2019existaient pas encore, il \u00e9tait le principal administrateur du pays, aux c\u00f4t\u00e9s du roi dans tous ses conseils.<\/p>\n<p>N\u00e9 en 1400, Guillaume fut nomm\u00e9 \u00e0 cette fonction par Charles VII en 1445\u00a0; destitu\u00e9 par Louis XI en 1461\u00a0; puis r\u00e9tabli par ce m\u00eame roi en 1465, jusqu\u2019\u00e0 sa mort en 1472, soit 23 ann\u00e9es au total. Il joua donc un r\u00f4le consid\u00e9rable en cette fin de la Guerre de Cent ans.<\/p>\n<p>Il avait men\u00e9 une brillante carri\u00e8re\u00a0: conseiller au Parlement de Poitiers, G\u00e9n\u00e9ral des finances de la guerre au d\u00e9but du r\u00e8gne de Charles VII, bailli de Sens (1435), non loin de sa r\u00e9gion d\u2019origine, puis lieutenant du Gouverneur de Dauphin\u00e9 (1440) avant d\u2019\u00eatre nomm\u00e9 Chancelier. Il profitait de la grande r\u00e9putation de son p\u00e8re qui avait \u00e9t\u00e9 le premier magistrat du pays.<\/p>\n<p><a href=\"http:\/\/www.terres-et-seigneurs-en-donziais.fr\/wp-content\/uploads\/2020\/01\/3.jpg\">\u00a0 \u00a0 \u00a0 \u00a0 \u00a0 \u00a0 \u00a0 \u00a0 \u00a0 \u00a0 \u00a0 \u00a0 \u00a0 \u00a0 \u00a0 \u00a0 \u00a0 \u00a0 \u00a0 \u00a0 \u00a0 \u00a0 \u00a0 \u00a0 \u00a0 \u00a0 \u00a0 \u00a0 \u00a0 \u00a0 \u00a0 \u00a0 \u00a0 \u00a0 \u00a0 \u00a0 <\/a><a href=\"http:\/\/www.terres-et-seigneurs-en-donziais.fr\/wp-content\/uploads\/2020\/01\/3-e1578934647153.jpg\"><img decoding=\"async\" loading=\"lazy\" class=\"alignnone size-full wp-image-6610\" src=\"http:\/\/www.terres-et-seigneurs-en-donziais.fr\/wp-content\/uploads\/2020\/01\/3-e1578934647153.jpg\" alt=\"\" width=\"50\" height=\"55\" \/><\/a><\/p>\n<p>Il avait \u00e9t\u00e9 adoub\u00e9 comme chevalier, honneur supr\u00eame pour un bourgeois, lors du sacre de Charles VII en 1429 et portait\u00a0: <em>\u00ab\u00a0band\u00e9 de gueules et d\u2019argent de six pi\u00e8ces, au chef d\u2019argent soutenu d\u2019or, charg\u00e9 d\u2019une rose de gueules boutonn\u00e9e d\u2019or soutenu du m\u00eame\u00a0\u00bb. <\/em>Il mit constamment en exergue cette accession \u00e0 la chevalerie, ces couleurs, avec l\u2019\u00e9p\u00e9e au c\u00f4t\u00e9, comme le montre le saisissant panneau qui le repr\u00e9sente derri\u00e8re son p\u00e8re avec toute sa famille (Mus\u00e9e de Cluny).<\/p>\n<p><a href=\"http:\/\/www.terres-et-seigneurs-en-donziais.fr\/wp-content\/uploads\/2020\/01\/4.jpg\">\u00a0 \u00a0 \u00a0 \u00a0 \u00a0 \u00a0 \u00a0 \u00a0 \u00a0 \u00a0 \u00a0 \u00a0 \u00a0 \u00a0 \u00a0 \u00a0 \u00a0 \u00a0 \u00a0\u00a0<img decoding=\"async\" loading=\"lazy\" class=\"alignnone size-full wp-image-6611\" src=\"http:\/\/www.terres-et-seigneurs-en-donziais.fr\/wp-content\/uploads\/2020\/01\/4.jpg\" alt=\"\" width=\"266\" height=\"190\" \/><\/a><\/p>\n<p><a href=\"https:\/\/fr.wikipedia.org\/wiki\/Nicolas_Rolin\" target=\"_blank\" rel=\"noopener noreferrer\"><strong>Nicolas Rolin<\/strong><\/a>, d\u2019Autun, \u00e9tait son homologue en Bourgogne aupr\u00e8s des Grands ducs d\u2019Occident \u00e0 la m\u00eame \u00e9poque. Tous deux issus de la haute bourgeoisie parlementaire, ils \u00e9taient les v\u00e9ritables premiers ministres de leurs \u00e9tats respectifs. Ils pr\u00e9sentent bien des traits communs &#8211; outre la coiffure \u00ab\u00a0<em>au bol\u00a0<\/em>\u00bb typique du moyen-\u00e2ge &#8211; dont celui d\u2019avoir acquis de grandes terres gr\u00e2ce \u00e0 leur influence, \u00e0 la fortune amass\u00e9e dans l\u2019exercice de leurs fonctions et \u00e0 la faveur des souverains.<\/p>\n<p>Guillaume \u00e9tait donc le fils de Jean Jouvenel des Ursins (1355-1431), lui-m\u00eame fils d\u2019un riche marchand drapier de Troyes, qui l\u2019avait pr\u00e9c\u00e9d\u00e9 dans de tr\u00e8s hautes fonctions\u00a0: avocat au Parlement, Garde de la Pr\u00e9v\u00f4t\u00e9 des Marchands de Paris, pr\u00e9sident de la Cour des Aides, puis Pr\u00e9sident du Parlement de Paris. Sa m\u00e8re, Michelle de Vitry, venait d\u2019une famille de marchands parisiens et \u00e9tait la ni\u00e8ce du <em>marmouset<\/em> <a href=\"https:\/\/fr.wikipedia.org\/wiki\/Jean_Le_Mercier\" target=\"_blank\" rel=\"noopener noreferrer\"><strong>Jean Le Mercier<\/strong><\/a>, conseiller aux finances de Charles VI et compagnon de Bureau de la Rivi\u00e8re, que nous connaissons bien et qui a pu sugg\u00e9rer au Chancelier cet investissement en Donziais.<\/p>\n<p>Son fr\u00e8re a\u00een\u00e9 Jean Jouvenel, historien et diplomate, fut Archev\u00eaque de Reims, duc et pair (1449).<\/p>\n<p>Les Jouvenel des Ursins\u00a0pr\u00e9tendaient descendre d\u2019une branche cadette des Orsini romains dont ils avaient pris les armes. Un certain Juvenal, neveu de Napol\u00e9on Orsini, \u00e9v\u00eaque de Metz au d\u00e9but du XIV\u00e8me si\u00e8cle, se serait \u00e9tabli \u00e0 Troyes. Cette pr\u00e9tention peu vraisemblable a \u00e9t\u00e9 largement contest\u00e9e. Les auteurs contemporains pr\u00e9f\u00e8rent une origine plus prosa\u00efque pour ce nom\u00a0: celui de la \u00ab\u00a0rue de Lurcine\u00a0\u00bb, transform\u00e9 ensuite en Ursins pour appuyer la revendication italienne vers 1438. L\u00e0 se trouvait, dans l\u2019Ile de la Cit\u00e9, l\u2019h\u00f4tel que le p\u00e8re de Guillaume avait achet\u00e9 vers 1405.<\/p>\n<p>Quoiqu\u2019il en soit, Guillaume avait h\u00e9rit\u00e9 de grands biens, dont la baronnie de Trainel en Champagne o\u00f9 il prit l\u2019habitude de r\u00e9sider quand il n\u2019\u00e9tait pas \u00e0 Paris, et celle de Marigny. Il avait \u00e9pous\u00e9 Genevi\u00e8ve H\u00e9ron, d\u2019une famille de riches bourgeois de Paris, marchands de grains puis apothicaires, qui lui apporta la terre et le grand ch\u00e2teau de <strong>Thorigny<\/strong>, au dioc\u00e8se de Sens. La bourgeoisie d\u2019affaires et judiciaire, qui est le cadre familial du Chancelier, prenait son envol en cette fin du XV\u00e8me si\u00e8cle et s\u2019essayait au mode de vie de la haute noblesse.<\/p>\n<p>Guillaume Jouvenel fut un grand m\u00e9c\u00e8ne, commandant de nombreux manuscrits enlumin\u00e9s, suivant l\u2019usage du temps. Le plus c\u00e9l\u00e8bre, le\u00a0<a href=\"https:\/\/fr.wikipedia.org\/wiki\/Mare_historiarum_de_Jouvenel_des_Ursins\" target=\"_blank\" rel=\"noopener noreferrer\"><strong><em>Mare historiarum<\/em><\/strong><\/a> est conserv\u00e9 \u00e0 la BNF. Il contient 730 miniatures peintes par le\u00a0\u00ab\u00a0<em>Ma\u00eetre de Jouvenel\u00a0<\/em>\u00bb\u00a0et son atelier entre 1447 et 1455. Ce texte a \u00e9t\u00e9 r\u00e9dig\u00e9 par le\u00a0dominicain\u00a0<strong>Giovanni Colonna\u00a0<\/strong>(v.1298-v.1343), humaniste proche de\u00a0P\u00e9trarque, qui raconte l&rsquo;histoire du monde depuis sa cr\u00e9ation et plus particuli\u00e8rement de la ville de Rome jusqu&rsquo;en 1250 environ. La transcription commen\u00e7a vers 1446, men\u00e9e par le secr\u00e9taire du chancelier, <strong>Antoine Dis\u00f4me<\/strong>, dont son fils \u00e9pousa la fille. Le travail d&rsquo;enluminure, exceptionnel, s&rsquo;arr\u00eata en 1455, laissant le manuscrit partiellement inachev\u00e9.<\/p>\n<p><a href=\"http:\/\/www.terres-et-seigneurs-en-donziais.fr\/wp-content\/uploads\/2020\/01\/6.jpg\">\u00a0 \u00a0 \u00a0 \u00a0 \u00a0 \u00a0 \u00a0 \u00a0 \u00a0 \u00a0 \u00a0 \u00a0 \u00a0 \u00a0 \u00a0 \u00a0 \u00a0 \u00a0 \u00a0 \u00a0 \u00a0 \u00a0 \u00a0 \u00a0 \u00a0 \u00a0 \u00a0 \u00a0 \u00a0 \u00a0 \u00a0 \u00a0 \u00a0 \u00a0 \u00a0 \u00a0 \u00a0 \u00a0\u00a0<img decoding=\"async\" loading=\"lazy\" class=\"alignnone size-full wp-image-6613\" src=\"http:\/\/www.terres-et-seigneurs-en-donziais.fr\/wp-content\/uploads\/2020\/01\/6.jpg\" alt=\"\" width=\"154\" height=\"175\" \/><\/a><\/p>\n<p>On voit ici le Chancelier dans une illustration du manuscrit, rendant visite \u00e0 l\u2019atelier de l\u2019artiste.<\/p>\n<p>Guillaume eut un fils\u00a0: <strong>Jean Jouvenel des Ursins, Pannetier du Roi<\/strong>, dont l\u2019Inventaire des Titres de Nevers nous indique qu\u2019il fut \u00ab\u00a0<em>commis par sa Majest\u00e9 \u00e0 la garde et au gouvernement des places, forts, terres et seigneuries de la Motte-Josserand, Aultry et Saint-Brisson\u00a0<\/em>\u00bb. Il n\u2019eut pas de post\u00e9rit\u00e9.<\/p>\n<p>Il eut \u00e9galement une fille\u00a0: Jacquette, h\u00e9riti\u00e8re de ses possessions, mari\u00e9e \u00e0 un sire de Beaujeu, dont elle eut Philibert, sgr de Ligni\u00e8res et de la Motte-Josserand, mort sans post\u00e9rit\u00e9.<\/p>\n<p>La Motte-Josserand passa alors \u00e0 un petit neveu du Chancelier\u00a0: <strong>Fran\u00e7ois Jouvenel des Ursins,<\/strong> qui en fit hommage au comte de Nevers en 1533, et poursuivit un destin chaotique fait d\u2019alliances, de cessions et de divisions.<\/p>\n<p>Le Chancelier r\u00e9sida-t-il dans son ch\u00e2teau nivernais\u00a0? C\u2019est possible, \u00e9tant donn\u00e9 l\u2019importance de cette terre et de sa forteresse, ainsi qu\u2019en raison des liens qu\u2019il devait avoir avec Bureau de La Rivi\u00e8re. Mais, en raison de ses occupations et de sa pr\u00e9f\u00e9rence pour la Champagne, c\u2019est peu probable. Il en avait fait hommage au comte de Nevers en 1466, mais repr\u00e9sent\u00e9 sans doute.<\/p>\n<p>Haute figure d\u2019une administration royale en cours d&rsquo;affirmation, Guillaume Jouvenel des Ursins ne fut sans doute ch\u00e2telain de la Motte-Josserand que par procuration, mais ses h\u00e9ritiers conserv\u00e8rent cette terre et ce ch\u00e2teau pendant deux si\u00e8cles, jusqu\u2019au <a href=\"http:\/\/www.terres-et-seigneurs-en-donziais.fr\/?p=6097\" target=\"_blank\" rel=\"noopener noreferrer\"><strong>mar\u00e9chal de l\u2019H\u00f4pital<\/strong><\/a>.<\/p>\n<p><a href=\"http:\/\/www.terres-et-seigneurs-en-donziais.fr\/wp-content\/uploads\/2015\/09\/D-enlumin\u00e9-e1443770692908.jpeg\"><img decoding=\"async\" loading=\"lazy\" class=\"alignnone size-full wp-image-1748\" src=\"http:\/\/www.terres-et-seigneurs-en-donziais.fr\/wp-content\/uploads\/2015\/09\/D-enlumin\u00e9-e1443770692908.jpeg\" alt=\"\" width=\"80\" height=\"80\" \/><\/a><\/p>\n","protected":false},"excerpt":{"rendered":"<p>(Illustration : esquisse du portrait de G. Jouvenel par Fouquet, Mus\u00e9e de Berlin) En 1446, un puissant personnage acquiert la Motte-Josserand, forteresse mythique du Donziais\u00a0: Guillaume Jouvenel des Ursins, Chancelier de France, dont la figure et l\u2019allure imposantes sont bien connues par le portrait qu\u2019en fit Jean Fouquet vers 1460. Cette m\u00eame ann\u00e9e, le roi &hellip; <a href=\"http:\/\/www.terres-et-seigneurs-en-donziais.fr\/?p=6608\" class=\"more-link\">Continuer la lecture de <span class=\"screen-reader-text\">Un Chancelier de France \u00e0 la Motte-Josserand<\/span> <span class=\"meta-nav\">&rarr;<\/span><\/a><\/p>\n","protected":false},"author":1,"featured_media":6614,"comment_status":"open","ping_status":"open","sticky":false,"template":"","format":"standard","meta":[],"categories":[1],"tags":[928,51,355,927],"_links":{"self":[{"href":"http:\/\/www.terres-et-seigneurs-en-donziais.fr\/index.php?rest_route=\/wp\/v2\/posts\/6608"}],"collection":[{"href":"http:\/\/www.terres-et-seigneurs-en-donziais.fr\/index.php?rest_route=\/wp\/v2\/posts"}],"about":[{"href":"http:\/\/www.terres-et-seigneurs-en-donziais.fr\/index.php?rest_route=\/wp\/v2\/types\/post"}],"author":[{"embeddable":true,"href":"http:\/\/www.terres-et-seigneurs-en-donziais.fr\/index.php?rest_route=\/wp\/v2\/users\/1"}],"replies":[{"embeddable":true,"href":"http:\/\/www.terres-et-seigneurs-en-donziais.fr\/index.php?rest_route=%2Fwp%2Fv2%2Fcomments&post=6608"}],"version-history":[{"count":9,"href":"http:\/\/www.terres-et-seigneurs-en-donziais.fr\/index.php?rest_route=\/wp\/v2\/posts\/6608\/revisions"}],"predecessor-version":[{"id":7004,"href":"http:\/\/www.terres-et-seigneurs-en-donziais.fr\/index.php?rest_route=\/wp\/v2\/posts\/6608\/revisions\/7004"}],"wp:featuredmedia":[{"embeddable":true,"href":"http:\/\/www.terres-et-seigneurs-en-donziais.fr\/index.php?rest_route=\/wp\/v2\/media\/6614"}],"wp:attachment":[{"href":"http:\/\/www.terres-et-seigneurs-en-donziais.fr\/index.php?rest_route=%2Fwp%2Fv2%2Fmedia&parent=6608"}],"wp:term":[{"taxonomy":"category","embeddable":true,"href":"http:\/\/www.terres-et-seigneurs-en-donziais.fr\/index.php?rest_route=%2Fwp%2Fv2%2Fcategories&post=6608"},{"taxonomy":"post_tag","embeddable":true,"href":"http:\/\/www.terres-et-seigneurs-en-donziais.fr\/index.php?rest_route=%2Fwp%2Fv2%2Ftags&post=6608"}],"curies":[{"name":"wp","href":"https:\/\/api.w.org\/{rel}","templated":true}]}}