{"id":6474,"date":"2019-11-23T10:51:12","date_gmt":"2019-11-23T09:51:12","guid":{"rendered":"http:\/\/www.terres-et-seigneurs-en-donziais.fr\/?p=6474"},"modified":"2019-11-23T11:25:02","modified_gmt":"2019-11-23T10:25:02","slug":"la-charite-en-donziais","status":"publish","type":"post","link":"http:\/\/www.terres-et-seigneurs-en-donziais.fr\/?p=6474","title":{"rendered":"La Charit\u00e9 en Donziais ?"},"content":{"rendered":"<p><span style=\"color: #000080;\"><em><strong>Il y a quelque temps un internaute s&rsquo;interrogeait \u00a0: La Charit\u00e9, situ\u00e9e autrefois dans le dioc\u00e8se d\u2019Auxerre et co-fond\u00e9e par l\u2019\u00e9v\u00eaque Geoffroy de Champallement, \u00e9tait-elle en Donziais\u00a0? Relevait-elle de l\u2019\u00e9v\u00eaque, du comte de Nevers ou du baron de Donzy ?<\/strong><\/em><\/span><\/p>\n<p>Une r\u00e9ponse institutionnelle simple s\u2019impose d\u00e8s l\u2019abord\u00a0: du point de vue eccl\u00e9sial le monast\u00e8re, clunisien d\u00e8s sa refondation en 1059, releva d&rsquo;abord de sa maison-m\u00e8re de<strong><a href=\"http:\/\/www.cluny-abbaye.fr\" target=\"_blank\" rel=\"noopener noreferrer\"> Cluny<\/a><\/strong>, et b\u00e9n\u00e9ficia \u00e9galement du \u00ab\u00a0<em>privil\u00e8ge d\u2019exemption\u00a0\u00bb<\/em>, \u00a0c\u2019est-\u00e0-dire d\u2019une totale autonomie par rapport \u00e0 l\u2019\u00e9v\u00eaque d&rsquo;Auxerre \u00a0&#8211; confirm\u00e9e par le Pape.<\/p>\n<p>Re-fond\u00e9 et re-baptis\u00e9 au moment m\u00eame o\u00f9 la seigneurie de Donzy s\u2019affirmait, <strong>Seyr<\/strong> &#8211; son nom originel &#8211; se trouvait aux marges occidentales de l\u2019espace contr\u00f4l\u00e9 par la maison de Chalon-Semur.<\/p>\n<p>Imm\u00e9diatement au sud, le ch\u00e2teau de <a href=\"https:\/\/fr.wikipedia.org\/wiki\/La_Marche\" target=\"_blank\" rel=\"noopener noreferrer\"><strong>la Marche<\/strong><\/a> et ses seigneurs, donateurs initiaux puis adversaires du prieur\u00e9, \u00e9taient des vassaux des comtes de Nevers. Imm\u00e9diatement au nord et \u00e0 l\u2019est se trouvaient des fiefs soumis \u00e0 la suzerainet\u00e9 de Donzy (ch\u00e2tellenies de Donzy et de Chateauneuf).<\/p>\n<p>Son autonomie \u00a0s\u2019\u00e9tendait \u00e0 son emprise fonci\u00e8re sur les paroisses environnantes\u00a0: <a href=\"http:\/\/www.terres-et-seigneurs-en-donziais.fr\/?p=6258\" target=\"_blank\" rel=\"noopener noreferrer\"><strong>Bulcy<\/strong><\/a>, Mesves, <a href=\"http:\/\/www.terres-et-seigneurs-en-donziais.fr\/?p=6460\" target=\"_blank\" rel=\"noopener noreferrer\"><strong>Pouilly<\/strong><\/a>, Saint-Andelain, Narcy, Raveau, Dompierre-sur-Ni\u00e8vre, Saint-Bonnot, y inclus la grande for\u00eat des Bertranges.<\/p>\n<p>Sa fondation par <strong><a href=\"https:\/\/fr.wikipedia.org\/wiki\/Guillaume_Ier_de_Nevers\" target=\"_blank\" rel=\"noopener noreferrer\">le comte de Nevers Guillaume Ier<\/a><\/strong>, peut sugg\u00e9rer que Seyr-La Charit\u00e9 \u00e9tait plut\u00f4t du c\u00f4t\u00e9 de Nevers. Les successeurs de Guillaume se d\u00e9clar\u00e8rent d\u2019ailleurs constamment \u00ab\u00a0protecteurs\u00a0\u00bb de La Charit\u00e9. La Marche devint le chef-lieu d\u2019une ch\u00e2tellenie du comt\u00e9.<\/p>\n<p><strong>Bref, le <a href=\"https:\/\/fr.wikipedia.org\/wiki\/Prieur\u00e9_Notre-Dame_de_La_Charit\u00e9-sur-Loire\" target=\"_blank\" rel=\"noopener noreferrer\">Prieur\u00e9 Notre-Dame de La Charit\u00e9<\/a>, dont le territoire \u00e9tait intercal\u00e9 entre les deux grands fiefs ensuite r\u00e9unis, n\u2019\u00e9tait pas en Donziais, et c\u2019est pourquoi nous ne l\u2019avons pas inclus dans notre p\u00e9rim\u00e8tre.<\/strong><\/p>\n<p>L\u2019extension rapide de son temporel par acquisitions et donations des seigneurs voisins, se fit certes au d\u00e9triment du territoire contr\u00f4l\u00e9 par les barons de Donzy\u00a0: voir par exemple le cas de Pouilly.\u00a0Nous avons propos\u00e9 dans cet article r\u00e9cent, une petite \u00e9tude sur les <span style=\"font-size: 14pt;\"><em><strong><a href=\"http:\/\/www.terres-et-seigneurs-en-donziais.fr\/wp-content\/uploads\/2019\/11\/Prieurs-de-La-Charit\u00e9.pdf\" target=\"_blank\" rel=\"noopener noreferrer\">Prieurs de La Charit\u00e9<\/a><\/strong><\/em><\/span>, qui en furent les \u00ab\u00a0seigneurs\u00a0\u00bb.<\/p>\n<p><span style=\"color: #0000ff;\"><em><strong>Quoiqu&rsquo;il en soit, les grandes abbatiales de V\u00e9zelay au levant et de La Charit\u00e9 au couchant \u00e9tendent toujours leurs ombres bienfaitrices sur notre petite contr\u00e9e, avec laquelle les liens ont \u00e9t\u00e9 constamment \u00e9troits.\u00a0<\/strong><\/em><\/span><\/p>\n<p><a href=\"http:\/\/www.terres-et-seigneurs-en-donziais.fr\/wp-content\/uploads\/2015\/09\/D-enlumin\u00e9-e1443770692908.jpeg\"><img decoding=\"async\" loading=\"lazy\" class=\"alignnone size-full wp-image-1748\" src=\"http:\/\/www.terres-et-seigneurs-en-donziais.fr\/wp-content\/uploads\/2015\/09\/D-enlumin\u00e9-e1443770692908.jpeg\" alt=\"\" width=\"80\" height=\"80\" \/><\/a><\/p>\n","protected":false},"excerpt":{"rendered":"<p>Il y a quelque temps un internaute s&rsquo;interrogeait \u00a0: La Charit\u00e9, situ\u00e9e autrefois dans le dioc\u00e8se d\u2019Auxerre et co-fond\u00e9e par l\u2019\u00e9v\u00eaque Geoffroy de Champallement, \u00e9tait-elle en Donziais\u00a0? Relevait-elle de l\u2019\u00e9v\u00eaque, du comte de Nevers ou du baron de Donzy ? Une r\u00e9ponse institutionnelle simple s\u2019impose d\u00e8s l\u2019abord\u00a0: du point de vue eccl\u00e9sial le monast\u00e8re, clunisien &hellip; <a href=\"http:\/\/www.terres-et-seigneurs-en-donziais.fr\/?p=6474\" class=\"more-link\">Continuer la lecture de <span class=\"screen-reader-text\">La Charit\u00e9 en Donziais ?<\/span> <span class=\"meta-nav\">&rarr;<\/span><\/a><\/p>\n","protected":false},"author":1,"featured_media":6476,"comment_status":"open","ping_status":"open","sticky":false,"template":"","format":"standard","meta":[],"categories":[1],"tags":[881,336,905,904,337,811,906,903],"_links":{"self":[{"href":"http:\/\/www.terres-et-seigneurs-en-donziais.fr\/index.php?rest_route=\/wp\/v2\/posts\/6474"}],"collection":[{"href":"http:\/\/www.terres-et-seigneurs-en-donziais.fr\/index.php?rest_route=\/wp\/v2\/posts"}],"about":[{"href":"http:\/\/www.terres-et-seigneurs-en-donziais.fr\/index.php?rest_route=\/wp\/v2\/types\/post"}],"author":[{"embeddable":true,"href":"http:\/\/www.terres-et-seigneurs-en-donziais.fr\/index.php?rest_route=\/wp\/v2\/users\/1"}],"replies":[{"embeddable":true,"href":"http:\/\/www.terres-et-seigneurs-en-donziais.fr\/index.php?rest_route=%2Fwp%2Fv2%2Fcomments&post=6474"}],"version-history":[{"count":7,"href":"http:\/\/www.terres-et-seigneurs-en-donziais.fr\/index.php?rest_route=\/wp\/v2\/posts\/6474\/revisions"}],"predecessor-version":[{"id":6482,"href":"http:\/\/www.terres-et-seigneurs-en-donziais.fr\/index.php?rest_route=\/wp\/v2\/posts\/6474\/revisions\/6482"}],"wp:featuredmedia":[{"embeddable":true,"href":"http:\/\/www.terres-et-seigneurs-en-donziais.fr\/index.php?rest_route=\/wp\/v2\/media\/6476"}],"wp:attachment":[{"href":"http:\/\/www.terres-et-seigneurs-en-donziais.fr\/index.php?rest_route=%2Fwp%2Fv2%2Fmedia&parent=6474"}],"wp:term":[{"taxonomy":"category","embeddable":true,"href":"http:\/\/www.terres-et-seigneurs-en-donziais.fr\/index.php?rest_route=%2Fwp%2Fv2%2Fcategories&post=6474"},{"taxonomy":"post_tag","embeddable":true,"href":"http:\/\/www.terres-et-seigneurs-en-donziais.fr\/index.php?rest_route=%2Fwp%2Fv2%2Ftags&post=6474"}],"curies":[{"name":"wp","href":"https:\/\/api.w.org\/{rel}","templated":true}]}}