{"id":6290,"date":"2019-09-23T10:12:24","date_gmt":"2019-09-23T09:12:24","guid":{"rendered":"http:\/\/www.terres-et-seigneurs-en-donziais.fr\/?p=6290"},"modified":"2022-01-09T15:39:52","modified_gmt":"2022-01-09T14:39:52","slug":"retour-a-man-nay","status":"publish","type":"post","link":"http:\/\/www.terres-et-seigneurs-en-donziais.fr\/?p=6290","title":{"rendered":"Retour \u00e0 Man-nay"},"content":{"rendered":"<p style=\"text-align: center;\"><em><span style=\"font-size: 10pt; color: #000080;\">(Illustration : blason des Lamoignon)<\/span><\/em><\/p>\n<p><strong>Vielmanay<\/strong> <strong>n\u2019est pas seulement un charmant village, c\u2019est aussi un site religieux de fondation ancienne, entour\u00e9 de plusieurs autres, marquants du Donziais.<\/strong> Il nous faut y revenir pour quelques explications en r\u00e9ponse \u00e0 des questions.<\/p>\n<p>Le lieu, travers\u00e9 par un affluent de l&rsquo;Asvins, tirait sans doute son nom d\u2019un riche gallo-romain qui y avait une <em>villa<\/em>. On l\u2019appela Mannayum, puis Mannay \u2013 nom rest\u00e9 longtemps dans la m\u00e9moire locale et prononc\u00e9 <strong><em>Man-nay<\/em><\/strong> \u2013 ou encore Mannay-le-Vieil, le Vieux-Mannay, et enfin Vielmanay, nom donn\u00e9 \u00e0 la commune.<\/p>\n<p>Il y avait l\u00e0 aux premiers si\u00e8cles du christianisme un monast\u00e8re mentionn\u00e9 par <a href=\"http:\/\/auxerre.historique.free.fr\/Personnages\/eveques\/saint_aunaire.htm\" target=\"_blank\" rel=\"noopener noreferrer\"><strong>Saint Aunaire <\/strong>(Aunacharius), \u00e9v\u00eaque d\u2019Auxerre<\/a>, dans son R\u00e8glement (578)\u00a0: <em>Mannacense monasterium<\/em>. Il figure sur une belle \u00ab\u00a0<em>Carte du dioc\u00e8se d\u2019Auxerre o\u00f9 sont marqu\u00e9s seulement les Abbayes qui y subsistaient avec les 37 paroisses qui le composaient sous l\u2019\u00e9piscopat d\u2019Aunaire en 580\u2026\u00a0<\/em>\u00bb de 1741.<\/p>\n<p><a href=\"http:\/\/www.terres-et-seigneurs-en-donziais.fr\/wp-content\/uploads\/2019\/09\/dioc\u00e8se-e1569231327824.jpg\">\u00a0 \u00a0 \u00a0 \u00a0 \u00a0 \u00a0 \u00a0 \u00a0 \u00a0 \u00a0 \u00a0 \u00a0 \u00a0 \u00a0 \u00a0 \u00a0 \u00a0 \u00a0 \u00a0 \u00a0 \u00a0 \u00a0 \u00a0 \u00a0 \u00a0<img decoding=\"async\" loading=\"lazy\" class=\"alignnone size-full wp-image-6307\" src=\"http:\/\/www.terres-et-seigneurs-en-donziais.fr\/wp-content\/uploads\/2019\/09\/dioc\u00e8se-e1569231327824.jpg\" alt=\"\" width=\"256\" height=\"197\" \/><\/a><\/p>\n<p>A l\u2019image de <a href=\"https:\/\/fr.wikipedia.org\/wiki\/Germain_d%27Auxerre\" target=\"_blank\" rel=\"noopener noreferrer\"><strong>Saint Germain<\/strong><\/a> qu\u2019il v\u00e9n\u00e9rait, Saint Aunaire, qui appartenait lui aussi \u00e0 l\u2019aristocratie gallo-romaine, avait l\u00e9gu\u00e9 cette terre avec bien d\u2019autres dans la contr\u00e9e \u00e0 son \u00e9glise.<\/p>\n<p>Ce monast\u00e8re devait \u00eatre fragile puisqu\u2019il il n\u2019\u00e9tait plus mentionn\u00e9 un si\u00e8cle plus tard dans le R\u00e8glement de Saint Tr\u00e9tice. L\u2019\u00e9glise devint une simple <em>parocchia<\/em>, plac\u00e9e au XI\u00e8me si\u00e8cle dans la d\u00e9pendance du grand <strong><a href=\"https:\/\/fr.wikipedia.org\/wiki\/Prieur\u00e9_Notre-Dame_de_La_Charit\u00e9-sur-Loire\" target=\"_blank\" rel=\"noopener noreferrer\">prieur\u00e9 clunisien de La Charit\u00e9<\/a>.<\/strong><\/p>\n<p>Il ne reste rien du monast\u00e8re d\u2019origine\u00a0: l\u2019\u00e9glise actuelle (XV\u00e8me-XVI\u00e8me) aurait \u00e9t\u00e9 construite \u00e0 la place d\u2019un \u00e9difice roman et seuls de vieux murs aras\u00e9s t\u00e9moignent d\u2019un \u00e9tablissement ancien ind\u00e9termin\u00e9.<\/p>\n<p>Curieusement, on citait encore aux XVII\u00e8me et XVIII\u00e8me si\u00e8cles des \u00ab\u00a0prieurs\u00a0spirituels et temporels\u00a0\u00bb ou simplement \u00ab\u00a0temporels\u00a0\u00bb de <a href=\"http:\/\/www.terres-et-seigneurs-en-donziais.fr\/?p=1856\" target=\"_blank\" rel=\"noopener noreferrer\"><strong>Cessy<\/strong><\/a>, <a href=\"http:\/\/www.terres-et-seigneurs-en-donziais.fr\/?p=4346\" target=\"_blank\" rel=\"noopener noreferrer\"><strong>Coche<\/strong><\/a>, <strong>Saint-Malo et Vielmanay<\/strong> r\u00e9unis, ces trois derniers depuis longtemps an\u00e9antis. Ils s\u2019intitulaient parfois \u00ab\u00a0seigneurs\u00a0\u00bb\u00a0et \u00e9taient des la\u00efcs. Sous l\u2019effet de la <em>commende<\/em> le temporel prenait le pas sur le spirituel&#8230;<\/p>\n<p>Les ouvrages tr\u00e8s document\u00e9s de Chantal Arnaud sur \u00ab\u00a0<strong><em>Les \u00e9glises de l\u2019ancien dioc\u00e8se d\u2019Auxerre\u00a0\u00bb<\/em><\/strong> (Soci\u00e9t\u00e9 des Sciences historiques et naturelles de l\u2019Yonne, Auxerre, 2009) et de No\u00eblle Deflou-Leca \u00ab\u00a0<em><strong>Saint-Germain d\u2019Auxerre et ses d\u00e9pendances, V\u00e8me-XIII\u00e8me si\u00e8cle<\/strong>\u00a0\u00bb<\/em> (Publications de l\u2019Universit\u00e9 de Saint-Etienne, 2010), \u00e9clairent l\u2019histoire de l&rsquo;\u00e9glise Saint Pierre de \u00a0Vielmanay et son contexte.<\/p>\n<p><strong>Voyez aussi les indications tr\u00e8s riches sur l\u2019histoire du village et les belles illustrations fournies par le site<\/strong> \u00ab\u00a0<a href=\"http:\/\/cahiersduvaldebargis.free.fr\/vielmanay.html\" target=\"_blank\" rel=\"noopener noreferrer\"><strong>Cahiers du Val-de-Bargis\u00a0<\/strong><\/a>\u00bb.<\/p>\n<p>Nous avons d\u00e9j\u00e0 explor\u00e9 les principaux sites historiques de Vielmanay\u00a0: la <a href=\"http:\/\/www.terres-et-seigneurs-en-donziais.fr\/?p=218\" target=\"_blank\" rel=\"noopener noreferrer\"><strong>Chartreuse de Bellary<\/strong><\/a> en lisi\u00e8re de la grande for\u00eat\u00a0; l\u2019abbaye fant\u00f4me de <strong><a href=\"http:\/\/www.terres-et-seigneurs-en-donziais.fr\/?p=4346\" target=\"_blank\" rel=\"noopener noreferrer\">Coche<\/a>,<\/strong> tr\u00e8s t\u00f4t disparue\u00a0; et le ch\u00e2teau de<a href=\"http:\/\/www.terres-et-seigneurs-en-donziais.fr\/?p=245\" target=\"_blank\" rel=\"noopener noreferrer\"> <strong>Vieux-Moulin<\/strong><\/a>, cach\u00e9 au fond de son vallon, point de d\u00e9part d\u2019exp\u00e9ditions guerri\u00e8res de chefs huguenots \u00e0 la fin du XVI\u00e8me si\u00e8cle.<\/p>\n<p>Nous avons \u00e9voqu\u00e9 les moulins et forges qui jalonnaient le cours de l&rsquo;Asvins : <strong>la Ronce<\/strong>, <a href=\"http:\/\/www.terres-et-seigneurs-en-donziais.fr\/?page_id=4408\" target=\"_blank\" rel=\"noopener noreferrer\"><strong>les Pivotins<\/strong><\/a> et <strong>Vieux-Moulin<\/strong>, ainsi que les infatigables <a href=\"http:\/\/www.terres-et-seigneurs-en-donziais.fr\/?p=5433\" target=\"_blank\" rel=\"noopener noreferrer\"><strong>Lespinasse<\/strong><\/a>, ma\u00eetres de la plupart des forges de la r\u00e9gion au XVII\u00e8me si\u00e8cle.<\/p>\n<p>Mais nous n\u2019avions trait\u00e9 qu\u2019indirectement de <strong>la seigneurie de Mannay ou Vielmanay<\/strong> elle-m\u00eame, en pr\u00e9sentant la g\u00e9n\u00e9alogie des fameux <strong><a href=\"http:\/\/www.terres-et-seigneurs-en-donziais.fr\/?p=3302\" target=\"_blank\" rel=\"noopener noreferrer\">Lamoignon<\/a>, <\/strong>\u00e9tablis depuis le XIII\u00e8me si\u00e8cle dans cette vall\u00e9e, \u00e0 <a href=\"http:\/\/www.terres-et-seigneurs-en-donziais.fr\/?p=3120\" target=\"_blank\" rel=\"noopener noreferrer\"><strong>Chasnay<\/strong><\/a>, <a href=\"http:\/\/www.terres-et-seigneurs-en-donziais.fr\/?p=3836\" target=\"_blank\" rel=\"noopener noreferrer\"><strong>Nannay<\/strong><\/a> et <strong>Mannay<\/strong>, et \u00e0 Donzy. Il y aurait \u00e0 Vielmanay des restes d\u2019un ch\u00e2teau du XIII\u00e8me si\u00e8cle.<\/p>\n<p><strong>La notice ci-dessous r\u00e9pare cette omission.<\/strong> Elle rappelle que le fief de Vielmanay \u2013 mouvant g\u00e9ographiquement de Ch\u00e2teauneuf &#8211; relevait f\u00e9odalement en partie de l\u2019abbaye de Saint-Germain d\u2019Auxerre (cf. supra). Cela explique peut-\u00eatre pourquoi aucun acte de foi et hommage le concernant ne figure dans <strong>l\u2019Inventaire des Titres de Nevers de l\u2019Abb\u00e9 de Marolles<\/strong>.<\/p>\n<p>Elle compl\u00e8te la succession des seigneurs, puisque Vielmanay passa dans d\u2019autres mains que celles des Lamoignon au XVII\u00e8me si\u00e8cle : Maumigny, Bar, Monnot, dans des conditions qui restent \u00a0d&rsquo;ailleurs assez confuses.<\/p>\n<p style=\"text-align: center;\"><a href=\"http:\/\/www.terres-et-seigneurs-en-donziais.fr\/wp-content\/uploads\/2019\/09\/Vielmanay.pdf\" target=\"_blank\" rel=\"noopener\"><em><strong><span style=\"font-size: 18pt;\">Vielmanay<\/span><\/strong><\/em><\/a>\u00a0<em>(V. corr. du 9\/1\/22)<\/em><\/p>\n<p><span style=\"color: #333399;\"><strong><em>Des questions restent pos\u00e9es, qu\u2019il faudra approfondir, avec votre aide bien s\u00fbr.<\/em><\/strong><\/span><\/p>\n<p><a href=\"http:\/\/www.terres-et-seigneurs-en-donziais.fr\/wp-content\/uploads\/2015\/09\/D-enlumin\u00e9-e1443770692908.jpeg\"><img decoding=\"async\" loading=\"lazy\" class=\"alignnone size-full wp-image-1748\" src=\"http:\/\/www.terres-et-seigneurs-en-donziais.fr\/wp-content\/uploads\/2015\/09\/D-enlumin\u00e9-e1443770692908.jpeg\" alt=\"\" width=\"80\" height=\"80\" \/><\/a><\/p>\n","protected":false},"excerpt":{"rendered":"<p>(Illustration : blason des Lamoignon) Vielmanay n\u2019est pas seulement un charmant village, c\u2019est aussi un site religieux de fondation ancienne, entour\u00e9 de plusieurs autres, marquants du Donziais. Il nous faut y revenir pour quelques explications en r\u00e9ponse \u00e0 des questions. Le lieu, travers\u00e9 par un affluent de l&rsquo;Asvins, tirait sans doute son nom d\u2019un riche &hellip; <a href=\"http:\/\/www.terres-et-seigneurs-en-donziais.fr\/?p=6290\" class=\"more-link\">Continuer la lecture de <span class=\"screen-reader-text\">Retour \u00e0 Man-nay<\/span> <span class=\"meta-nav\">&rarr;<\/span><\/a><\/p>\n","protected":false},"author":1,"featured_media":6305,"comment_status":"open","ping_status":"open","sticky":false,"template":"","format":"standard","meta":[],"categories":[424,5],"tags":[888,63,384,889,69,315,60,887,890,598],"_links":{"self":[{"href":"http:\/\/www.terres-et-seigneurs-en-donziais.fr\/index.php?rest_route=\/wp\/v2\/posts\/6290"}],"collection":[{"href":"http:\/\/www.terres-et-seigneurs-en-donziais.fr\/index.php?rest_route=\/wp\/v2\/posts"}],"about":[{"href":"http:\/\/www.terres-et-seigneurs-en-donziais.fr\/index.php?rest_route=\/wp\/v2\/types\/post"}],"author":[{"embeddable":true,"href":"http:\/\/www.terres-et-seigneurs-en-donziais.fr\/index.php?rest_route=\/wp\/v2\/users\/1"}],"replies":[{"embeddable":true,"href":"http:\/\/www.terres-et-seigneurs-en-donziais.fr\/index.php?rest_route=%2Fwp%2Fv2%2Fcomments&post=6290"}],"version-history":[{"count":24,"href":"http:\/\/www.terres-et-seigneurs-en-donziais.fr\/index.php?rest_route=\/wp\/v2\/posts\/6290\/revisions"}],"predecessor-version":[{"id":7721,"href":"http:\/\/www.terres-et-seigneurs-en-donziais.fr\/index.php?rest_route=\/wp\/v2\/posts\/6290\/revisions\/7721"}],"wp:featuredmedia":[{"embeddable":true,"href":"http:\/\/www.terres-et-seigneurs-en-donziais.fr\/index.php?rest_route=\/wp\/v2\/media\/6305"}],"wp:attachment":[{"href":"http:\/\/www.terres-et-seigneurs-en-donziais.fr\/index.php?rest_route=%2Fwp%2Fv2%2Fmedia&parent=6290"}],"wp:term":[{"taxonomy":"category","embeddable":true,"href":"http:\/\/www.terres-et-seigneurs-en-donziais.fr\/index.php?rest_route=%2Fwp%2Fv2%2Fcategories&post=6290"},{"taxonomy":"post_tag","embeddable":true,"href":"http:\/\/www.terres-et-seigneurs-en-donziais.fr\/index.php?rest_route=%2Fwp%2Fv2%2Ftags&post=6290"}],"curies":[{"name":"wp","href":"https:\/\/api.w.org\/{rel}","templated":true}]}}