{"id":5233,"date":"2017-11-18T10:50:20","date_gmt":"2017-11-18T09:50:20","guid":{"rendered":"http:\/\/www.terres-et-seigneurs-en-donziais.fr\/?p=5233"},"modified":"2023-07-27T10:35:17","modified_gmt":"2023-07-27T09:35:17","slug":"donzais-roman","status":"publish","type":"post","link":"http:\/\/www.terres-et-seigneurs-en-donziais.fr\/?p=5233","title":{"rendered":"Donziais roman"},"content":{"rendered":"<p style=\"text-align: center;\"><span style=\"color: #0000cd;\"><em>(Illustration : le tympan de Donzy-le-Pr\u00e9)<\/em><\/span><\/p>\n<p style=\"text-align: justify;\"><span style=\"font-size: 16px;\">M\u00eame s&rsquo;il ne pouvait b\u00e9n\u00e9ficier\u00a0pour lui seul d&rsquo;un volume de\u00a0l\u2019irrempla\u00e7able <a href=\"https:\/\/fr.wikipedia.org\/wiki\/\u00c9ditions_Zodiaque\" target=\"_blank\" rel=\"noopener\"><strong>collection<\/strong> <strong>Zodiaque<\/strong><\/a>, fond\u00e9e par <strong><a href=\"https:\/\/fr.wikipedia.org\/wiki\/Angelico_Surchamp\" target=\"_blank\" rel=\"noopener\">Dom Angelico Surchamp<\/a><\/strong> \u00e0 l&rsquo;abbaye de\u00a0La\u00a0Pierre-qui-Vire, <strong>le\u00a0Donziais est bien pourvu en \u00e9glises romanes<\/strong>. <\/span><\/p>\n<p style=\"text-align: justify;\"><span style=\"font-size: 16px;\">N&rsquo;est-il pas encadr\u00e9 au levant par <a href=\"http:\/\/www.basiliquedevezelay.org\" target=\"_blank\" rel=\"noopener\"><strong>V\u00e9zelay<\/strong><\/a>\u00a0et au couchant par <strong><a href=\"https:\/\/fr.wikipedia.org\/wiki\/La_Charit\u00e9-sur-Loire\" target=\"_blank\" rel=\"noopener\">La Charit\u00e9-sur-Loire<\/a>\u00a0<\/strong>?<\/span><\/p>\n<p style=\"text-align: justify;\"><span style=\"font-size: 16px;\">Dans nos pr\u00e9sentations des anciens monast\u00e8res qui animaient la r\u00e9gion de leurs chants, nous avons \u00e9voqu\u00e9 des monuments romans remarquables,\u00a0dans les sites clunisiens de <a href=\"http:\/\/www.terres-et-seigneurs-en-donziais.fr\/?p=1853\" target=\"_blank\" rel=\"noopener\"><strong>Notre-Dame-du-Pr\u00e9<\/strong><\/a>, \u00e0 Donzy, avec son\u00a0exceptionnel tympan, et de <a href=\"http:\/\/www.terres-et-seigneurs-en-donziais.fr\/?p=1871\" target=\"_blank\" rel=\"noopener\"><strong>Saint-Agnan<\/strong><\/a>\u00a0\u00e0\u00a0Cosne, avec sa belle abside, ; \u00e0\u00a0<a href=\"http:\/\/www.terres-et-seigneurs-en-donziais.fr\/?p=1958\" target=\"_blank\" rel=\"noopener\"><strong>Saint-Verain<\/strong><\/a>, relevant de Saint Germain d&rsquo;Auxerre\u00a0; \u00e0\u00a0<a href=\"http:\/\/www.terres-et-seigneurs-en-donziais.fr\/?p=1865\" target=\"_blank\" rel=\"noopener\"><strong>Saint-Laurent<\/strong><\/a>, l&rsquo;abbaye augustinienne, dont les ruines t\u00e9moignent\u00a0; \u00e0 la Commanderie de <a href=\"http:\/\/www.terres-et-seigneurs-en-donziais.fr\/?p=1882\" target=\"_blank\" rel=\"noopener\"><strong>Villemoison<\/strong><\/a>\u00a0; sans oublier les quelques\u00a0arcades du clo\u00eetre de <a href=\"http:\/\/www.terres-et-seigneurs-en-donziais.fr\/?p=2127\" target=\"_blank\" rel=\"noopener\"><strong>Bourras<\/strong><\/a>, derniers t\u00e9moignages cisterciens,\u00a0 et le chevet du prieur\u00e9 grandmontain de <a href=\"http:\/\/www.terres-et-seigneurs-en-donziais.fr\/?p=1887\" target=\"_blank\" rel=\"noopener\"><strong>Saint-Marc de Fontenay<\/strong><\/a>.<\/span><\/p>\n<p style=\"text-align: justify;\"><span style=\"font-size: 16px;\">Mais de petites \u00e9glises paroissiales, \u00e9mouvantes par leur simplicit\u00e9 et leur grand \u00e2ge, doivent\u00a0aussi retenir notre attention. Leur histoire est souvent mal\u00a0connue, mais le volume \u00ab\u00a0<em><strong>Nivernais-Bourbonnais roman\u00a0<\/strong>\u00bb <\/em>de Zodiaque, l\u2019ouvrage de C. Arnaud sur \u00ab\u00a0<strong><em>Les \u00e9glises de l\u2019ancien dioc\u00e8se d\u2019Auxerre <\/em><\/strong>\u00bb (SSHNY, Auxerre, 2009) et la somme de M. Anfray sur \u00ab\u00a0<strong><em>L\u2019architecture religieuse du Nivernais au Moyen-\u00c2ge \u2013 Les \u00e9glises romanes &#8211;\u00a0\u00bb<\/em><\/strong> (Picard, Paris, 1951), fournissent une excellente documentation.<\/span><\/p>\n<p style=\"text-align: justify;\"><span style=\"font-size: 16px;\">Evoquons ces sanctuaires du XII\u00e8me si\u00e8cle, qui\u00a0ont accueilli les seigneurs qui peuplent ce site\u00a0et parfois leurs s\u00e9pultures, au fil du temps.<\/span><\/p>\n<p style=\"text-align: center;\"><span style=\"font-size: 16px;\">* \u00a0 \u00a0 * \u00a0 \u00a0 *<\/span><\/p>\n<p style=\"text-align: justify;\"><span style=\"font-size: 16px;\">A tout seigneur tout honneur\u00a0: l\u00e0 m\u00eame o\u00f9 commen\u00e7a notre histoire, au village de <strong>Donzy-le-Pr\u00e9<\/strong>, non loin de l\u2019ancien prieur\u00e9, la petite \u00e9glise paroissiale <strong>Saint Martin<\/strong> est l\u00e0, presque intacte, avec sa nef simple.\u00a0Elle a remplac\u00e9 vers 1100 un \u00e9difice qui remontait sans doute aux premiers si\u00e8cles du christianisme (voir l\u2019article sur <a href=\"http:\/\/www.terres-et-seigneurs-en-donziais.fr\/?p=5177\" target=\"_blank\" rel=\"noopener\"><strong>les origines de Donzy<\/strong><\/a>). Elle a \u00e9t\u00e9 agrandie d\u2019un ch\u0153ur plus \u00e9troit au XIII\u00e8me si\u00e8cle.<\/span><\/p>\n<p style=\"text-align: justify;\">\u00a0 \u00a0 \u00a0 \u00a0 \u00a0 \u00a0 \u00a0 \u00a0 \u00a0 \u00a0 \u00a0 \u00a0 \u00a0 \u00a0 \u00a0 \u00a0 \u00a0 \u00a0 \u00a0 \u00a0 \u00a0 \u00a0 \u00a0 \u00a0 \u00a0<a href=\"http:\/\/www.terres-et-seigneurs-en-donziais.fr\/wp-content\/uploads\/2017\/11\/dz-le-pr\u00e9.png\"><img decoding=\"async\" loading=\"lazy\" class=\"alignnone size-medium wp-image-5234\" src=\"http:\/\/www.terres-et-seigneurs-en-donziais.fr\/wp-content\/uploads\/2017\/11\/dz-le-pr\u00e9-300x233.png\" alt=\"\" width=\"300\" height=\"233\" srcset=\"http:\/\/www.terres-et-seigneurs-en-donziais.fr\/wp-content\/uploads\/2017\/11\/dz-le-pr\u00e9-300x233.png 300w, http:\/\/www.terres-et-seigneurs-en-donziais.fr\/wp-content\/uploads\/2017\/11\/dz-le-pr\u00e9.png 301w\" sizes=\"(max-width: 300px) 100vw, 300px\" \/><\/a><\/p>\n<p style=\"text-align: justify;\"><span style=\"font-size: 16px;\">On y entre par un portail avanc\u00e9 en plein cintre dont l\u2019archivolte torique, accompagn\u00e9e d\u2019un rang de perles et de quelques moulures, retombait sur deux colonnettes dont l\u2019une a disparu, et l\u2019autre conserve un chapiteau sculpt\u00e9 d\u2019un aigle.<\/span><\/p>\n<p style=\"text-align: justify;\"><span style=\"font-size: 16px;\">Cette paroisse avait sous sa d\u00e9pendance Donzy-le-Pr\u00e9, Lyot, Bailly, Saint Jean, et les forges de l\u2019Eminence.<\/span><\/p>\n<p style=\"text-align: justify;\"><span style=\"font-size: 16px;\">L\u2019\u00e9glise abrite des s\u00e9pultures, dont la dalle fun\u00e9raire, dress\u00e9e maintenant contre un mur, de <a href=\"http:\/\/www.terres-et-seigneurs-en-donziais.fr\/?p=90\" target=\"_blank\" rel=\"noopener\"><strong>Fran\u00e7oise de La Rivi\u00e8re<\/strong><\/a>, dame de <a href=\"http:\/\/www.terres-et-seigneurs-en-donziais.fr\/?p=41\" target=\"_blank\" rel=\"noopener\"><strong>Favray<\/strong><\/a>, dame d\u2019honneur de la reine Margot (<a href=\"https:\/\/fr.wikipedia.org\/wiki\/Marguerite_de_France_(1553-1615)\" target=\"_blank\" rel=\"noopener\"><strong>Marguerite de Valois<\/strong><\/a>), morte \u00e0 l\u2019\u00e2ge de 20 ans, en 1606. Elle y est figur\u00e9e en tenue de Cour, entour\u00e9e des armes de La Rivi\u00e8re et de Reugny (son mari).<\/span><\/p>\n<p style=\"text-align: center;\"><span style=\"font-size: 16px;\">* \u00a0 \u00a0* \u00a0 \u00a0*<\/span><\/p>\n<p style=\"text-align: justify;\"><span style=\"font-size: 16px;\">A quelques kilom\u00e8tres au sud, le beau village de <strong>Garchy<\/strong> a la chance d\u2019avoir conserv\u00e9 intacte son \u00e9glise romane, compl\u00e8tement restaur\u00e9e.<\/span><\/p>\n<p style=\"text-align: justify;\">\u00a0 \u00a0 \u00a0 \u00a0 \u00a0 \u00a0 \u00a0 \u00a0 \u00a0 \u00a0 \u00a0 \u00a0 \u00a0 \u00a0 \u00a0\u00a0 \u00a0<a href=\"http:\/\/www.terres-et-seigneurs-en-donziais.fr\/wp-content\/uploads\/2017\/11\/garchy.png\"><img decoding=\"async\" loading=\"lazy\" class=\"alignnone size-medium wp-image-5236\" src=\"http:\/\/www.terres-et-seigneurs-en-donziais.fr\/wp-content\/uploads\/2017\/11\/garchy-300x200.png\" alt=\"\" width=\"300\" height=\"200\" srcset=\"http:\/\/www.terres-et-seigneurs-en-donziais.fr\/wp-content\/uploads\/2017\/11\/garchy-300x200.png 300w, http:\/\/www.terres-et-seigneurs-en-donziais.fr\/wp-content\/uploads\/2017\/11\/garchy.png 363w\" sizes=\"(max-width: 300px) 100vw, 300px\" \/><\/a><\/p>\n<p style=\"text-align: justify;\"><span style=\"font-size: 16px;\">Elle avait \u00e9t\u00e9 donn\u00e9e par Humbaud, \u00e9v\u00eaque d\u2019Auxerre (1087-1114) \u00e0 l\u2019\u00e9glise <strong><a href=\"http:\/\/www.bourgogneromane.com\/edifices\/auxerreStE.htm\" target=\"_blank\" rel=\"noopener\">Saint-Eus\u00e8be<\/a> <\/strong>\u00e0 la suite de l\u2019installation d\u2019une communaut\u00e9 de chanoines de <strong>Saint-Laurent<\/strong>, pr\u00e8s de Cosne, au d\u00e9but du XII\u00e8me si\u00e8cle. Une bulle papale de 1147 nous apprend que l\u2019\u00e9v\u00eaque Hugues (Hugues de M\u00e2con, 1137-1151) avait finalement r\u00e9uni Saint-Eus\u00e8be et ses d\u00e9pendances, dont Garchy, \u00e0 l\u2019abbaye augustinienne.<\/span><\/p>\n<p style=\"text-align: justify;\"><span style=\"font-size: 16px;\">Du mobilier et des vestiges antiques ainsi qu\u2019une n\u00e9cropole m\u00e9rovingienne au lieu-dit \u00a0\u00bb\u00a0Le Champ-Blanc \u00ab\u00a0, avec des sarcophages, ont \u00e9t\u00e9 retrouv\u00e9s sur le territoire de la commune, mais il n\u2019y a aucun vestige ant\u00e9rieur \u00e0 la construction actuelle,\u00a0dans l\u2019\u00e9glise.<\/span><\/p>\n<p style=\"text-align: justify;\"><span style=\"font-size: 16px;\">Ce village s\u2019est vraisemblablement install\u00e9 au passage d\u2019un gu\u00e9 sur l\u2019Asvins.\u00a0Nous avons rencontr\u00e9 les seigneurs de Garchy \u2013 o\u00f9 on peut voir les traces d\u2019un petit ch\u00e2teau &#8211; \u00e0 <strong><a href=\"http:\/\/www.terres-et-seigneurs-en-donziais.fr\/?p=245\" target=\"_blank\" rel=\"noopener\">Vieux-Moulin<\/a>, <\/strong>en amont sur la rivi\u00e8re. Le ch\u00e2teau de <strong><a href=\"http:\/\/www.terres-et-seigneurs-en-donziais.fr\/?p=4072\" target=\"_blank\" rel=\"noopener\">La Barre<\/a> <\/strong>est tout proche, ainsi que\u00a0l\u2019ancien fief de <strong><a href=\"http:\/\/www.terres-et-seigneurs-en-donziais.fr\/?p=3223\" target=\"_blank\" rel=\"noopener\">Boisrond<\/a><\/strong>,<strong>\u00a0<\/strong>plus isol\u00e9.<\/span><\/p>\n<p style=\"text-align: center;\"><span style=\"font-size: 16px;\">* \u00a0 \u00a0* \u00a0 \u00a0*<\/span><\/p>\n<p style=\"text-align: justify;\"><span style=\"font-size: 16px;\">L\u2019\u00e9glise paroissiale Saint-Martin de <strong>Myennes<\/strong> appara\u00eet dans les textes \u00e0 partir du milieu du XII\u00e8me si\u00e8cle comme une d\u00e9pendance du Prieur\u00e9 de La Charit\u00e9, qui a sans doute ordonn\u00e9 la reconstruction d\u2019un \u00e9difice plus ancien.\u00a0Divers travaux ont en effet permis de d\u00e9couvrir des \u00e9l\u00e9ments architecturaux et du mobilier d\u2019un habitat gallo-romain.<\/span><\/p>\n<p style=\"text-align: justify;\">\u00a0 \u00a0 \u00a0 \u00a0 \u00a0 \u00a0 \u00a0 \u00a0 \u00a0 \u00a0 \u00a0 \u00a0 \u00a0 \u00a0 \u00a0 \u00a0 \u00a0 \u00a0 \u00a0 \u00a0 \u00a0 \u00a0 \u00a0 \u00a0 \u00a0 \u00a0 \u00a0 \u00a0 \u00a0\u00a0<a href=\"http:\/\/www.terres-et-seigneurs-en-donziais.fr\/wp-content\/uploads\/2017\/11\/my.png\"><img decoding=\"async\" loading=\"lazy\" class=\"alignnone size-medium wp-image-5239\" src=\"http:\/\/www.terres-et-seigneurs-en-donziais.fr\/wp-content\/uploads\/2017\/11\/my-300x224.png\" alt=\"\" width=\"300\" height=\"224\" srcset=\"http:\/\/www.terres-et-seigneurs-en-donziais.fr\/wp-content\/uploads\/2017\/11\/my-300x224.png 300w, http:\/\/www.terres-et-seigneurs-en-donziais.fr\/wp-content\/uploads\/2017\/11\/my.png 467w\" sizes=\"(max-width: 300px) 100vw, 300px\" \/><\/a><\/p>\n<p style=\"text-align: justify;\"><span style=\"font-size: 16px;\">L\u2019\u00e9glise a \u00e9t\u00e9 tr\u00e8s remani\u00e9e \u2013 ajout d\u2019une chapelle seigneuriale au XVI\u00e8me si\u00e8cle \u2013 voir l\u2019article consacr\u00e9 \u00e0 <a href=\"http:\/\/www.terres-et-seigneurs-en-donziais.fr\/?p=126\" target=\"_blank\" rel=\"noopener\"><strong>Myennes<\/strong><\/a> &#8211; et restauration du XIX\u00e8me si\u00e8cle. Mais elle conserve, pour le ch\u0153ur, sa structure romane\u00a0: une abside en h\u00e9micycle pr\u00e9c\u00e9d\u00e9e d\u2019une trav\u00e9e droite, ainsi qu\u2019une fen\u00eatre.<\/span><\/p>\n<p style=\"text-align: center;\"><span style=\"font-size: 16px;\">* \u00a0 \u00a0* \u00a0 \u00a0*<\/span><\/p>\n<p style=\"text-align: justify;\"><span style=\"font-size: 16px;\">On sait seulement qu&rsquo;un lieu de culte existait \u00e0 <a href=\"http:\/\/www.terres-et-seigneurs-en-donziais.fr\/?p=456\" target=\"_blank\" rel=\"noopener\"><strong>Druyes-les-Belles-Fontaines<\/strong><\/a> \u00e0 la fin du VI<sup>e<\/sup>\u00a0si\u00e8cle. L&rsquo;\u00e9glise Saint-Romain &#8211; du nom d&rsquo;un compagnon de Saint-Benoit de Nursie, venu fonder l\u00e0 un monast\u00e8re, transf\u00e9r\u00e9 ensuite \u00e0 <a href=\"http:\/\/www.terres-et-seigneurs-en-donziais.fr\/?p=1868\" target=\"_blank\" rel=\"noopener\"><strong>Andryes<\/strong><\/a> &#8211;\u00a0est un exemple tr\u00e8s pur de roman bourguignon du milieu du XII<sup>e<\/sup>\u00a0si\u00e8cle (sauf la sacristie moderne, qui d\u00e9figure le chevet roman, la chapelle Notre-Dame-de-Piti\u00e9 et la tour fortifi\u00e9e\u00a0\u00e0 l&rsquo;angle de la fa\u00e7ade, qui datent du XV\u00e8me si\u00e8cle).<\/span><\/p>\n<p style=\"text-align: justify;\">\u00a0 \u00a0 \u00a0 \u00a0 \u00a0 \u00a0 \u00a0 \u00a0 \u00a0 \u00a0 \u00a0 \u00a0 \u00a0 \u00a0 \u00a0 \u00a0 \u00a0 \u00a0 \u00a0 \u00a0 \u00a0 \u00a0 \u00a0 \u00a0\u00a0 \u00a0\u00a0<a href=\"http:\/\/www.terres-et-seigneurs-en-donziais.fr\/wp-content\/uploads\/2017\/11\/druy.png\"><img decoding=\"async\" loading=\"lazy\" class=\"alignnone size-medium wp-image-5240\" src=\"http:\/\/www.terres-et-seigneurs-en-donziais.fr\/wp-content\/uploads\/2017\/11\/druy-300x225.png\" alt=\"\" width=\"300\" height=\"225\" srcset=\"http:\/\/www.terres-et-seigneurs-en-donziais.fr\/wp-content\/uploads\/2017\/11\/druy-300x225.png 300w, http:\/\/www.terres-et-seigneurs-en-donziais.fr\/wp-content\/uploads\/2017\/11\/druy.png 439w\" sizes=\"(max-width: 300px) 100vw, 300px\" \/><\/a><\/p>\n<p style=\"text-align: justify;\"><span style=\"font-size: 16px;\">Druyes a eu une certaine importance aux XII\u00e8me et XIII\u00e8me si\u00e8cles\u00a0: <a href=\"https:\/\/www.chateau-de-druyes.com\" target=\"_blank\" rel=\"noopener\"><strong>le ch\u00e2teau de Druyes<\/strong><\/a>\u00a0comptait parmi les r\u00e9sidences des\u00a0comtes de Nevers, qui y entretenaient une garnison et y avaient leur\u00a0propre chapelle, qu&rsquo;on peut toujours y voir. La comtesse <a href=\"http:\/\/www.terres-et-seigneurs-en-donziais.fr\/?p=3949\" target=\"_blank\" rel=\"noopener\"><strong>Mahaut de Courtenay<\/strong><\/a> y fit plusieurs s\u00e9jours et a d\u00fb admirer le travail des sculpteurs des chapiteaux de l\u2019\u00e9glise.<\/span><\/p>\n<p style=\"text-align: justify;\"><span style=\"font-size: 16px;\">Par un tr\u00e8s beau portail en l\u00e9ger retrait, on entre directement dans une nef aveugle de trois trav\u00e9es, couverte en berceau bris\u00e9 et flanqu\u00e9e de collat\u00e9raux. Les chapiteaux de la nef pr\u00e9sentent une simple ornementation v\u00e9g\u00e9tale, ceux du transept, remarquables, sont histori\u00e9s ou pr\u00e9sentent un d\u00e9cor animalier.<\/span><\/p>\n<p style=\"text-align: center;\">* \u00a0 \u00a0* \u00a0 \u00a0*<\/p>\n<p style=\"text-align: justify;\"><span style=\"font-size: 16px;\">L\u2019ancienne \u00e9glise paroissiale de <a href=\"http:\/\/www.terres-et-seigneurs-en-donziais.fr\/?p=110\" target=\"_blank\" rel=\"noopener\"><strong>Corbelin<\/strong><\/a> est plac\u00e9e sous le vocable de Notre-Dame de Septembre. Elle fut b\u00e2tie au XIII\u00e8me si\u00e8cle et servit de chapelle au ch\u00e2teau.<\/span><\/p>\n<p style=\"text-align: justify;\">\u00a0 \u00a0 \u00a0 \u00a0 \u00a0 \u00a0 \u00a0 \u00a0 \u00a0 \u00a0 \u00a0 \u00a0 \u00a0 \u00a0 \u00a0 \u00a0 \u00a0 \u00a0 \u00a0 \u00a0 \u00a0 \u00a0 \u00a0 \u00a0 \u00a0 \u00a0 \u00a0 \u00a0 \u00a0 \u00a0 \u00a0 \u00a0 \u00a0 \u00a0\u00a0<a href=\"http:\/\/www.terres-et-seigneurs-en-donziais.fr\/wp-content\/uploads\/2017\/11\/corb.png\"><img decoding=\"async\" loading=\"lazy\" class=\"alignnone size-medium wp-image-5242\" src=\"http:\/\/www.terres-et-seigneurs-en-donziais.fr\/wp-content\/uploads\/2017\/11\/corb-300x166.png\" alt=\"\" width=\"300\" height=\"166\" srcset=\"http:\/\/www.terres-et-seigneurs-en-donziais.fr\/wp-content\/uploads\/2017\/11\/corb-300x166.png 300w, http:\/\/www.terres-et-seigneurs-en-donziais.fr\/wp-content\/uploads\/2017\/11\/corb.png 420w\" sizes=\"(max-width: 300px) 100vw, 300px\" \/><\/a><\/p>\n<p style=\"text-align: justify;\"><span style=\"font-size: 16px;\">Elle est \u00e0 chevet plat, de type <a href=\"https:\/\/fr.wikipedia.org\/wiki\/Art_cistercien\" target=\"_blank\" rel=\"noopener\"><strong>cistercien<\/strong><\/a>, perc\u00e9 de trois fen\u00eatres en lancette sans meneaux, comprend une nef vo\u00fbt\u00e9e et un clocher carr\u00e9 renforc\u00e9 par de puissants contreforts. Le culte y fut c\u00e9l\u00e9br\u00e9 jusqu\u2019au XVIII\u00e8me si\u00e8cle, mais elle fut ensuite abandonn\u00e9e puis utilis\u00e9e comme b\u00e2timent agricole jusqu\u2019\u00e0 la fin du XXe si\u00e8cle.\u00a0Elle a \u00e9t\u00e9 restaur\u00e9e par la Camosine dans les ann\u00e9es 1990.<\/span><\/p>\n<p style=\"text-align: right;\"><span style=\"color: #0000cd;\"><span style=\"font-size: 16px;\"><strong><em>Bonnes d\u00e9couvertes !<\/em><\/strong><\/span><\/span><\/p>\n<p style=\"text-align: justify;\"><a href=\"http:\/\/www.terres-et-seigneurs-en-donziais.fr\/wp-content\/uploads\/2015\/09\/D-enlumin\u00e9-e1443770692908.jpeg\"><img decoding=\"async\" loading=\"lazy\" class=\"alignnone size-full wp-image-1748\" src=\"http:\/\/www.terres-et-seigneurs-en-donziais.fr\/wp-content\/uploads\/2015\/09\/D-enlumin\u00e9-e1443770692908.jpeg\" alt=\"\" width=\"80\" height=\"80\" \/><\/a><\/p>\n<p>&nbsp;<\/p>\n<p style=\"text-align: justify;\">\n<p style=\"text-align: justify;\">\n","protected":false},"excerpt":{"rendered":"<p>(Illustration : le tympan de Donzy-le-Pr\u00e9) M\u00eame s&rsquo;il ne pouvait b\u00e9n\u00e9ficier\u00a0pour lui seul d&rsquo;un volume de\u00a0l\u2019irrempla\u00e7able collection Zodiaque, fond\u00e9e par Dom Angelico Surchamp \u00e0 l&rsquo;abbaye de\u00a0La\u00a0Pierre-qui-Vire, le\u00a0Donziais est bien pourvu en \u00e9glises romanes. N&rsquo;est-il pas encadr\u00e9 au levant par V\u00e9zelay\u00a0et au couchant par La Charit\u00e9-sur-Loire\u00a0? Dans nos pr\u00e9sentations des anciens monast\u00e8res qui animaient la r\u00e9gion &hellip; <a href=\"http:\/\/www.terres-et-seigneurs-en-donziais.fr\/?p=5233\" class=\"more-link\">Continuer la lecture de <span class=\"screen-reader-text\">Donziais roman<\/span> <span class=\"meta-nav\">&rarr;<\/span><\/a><\/p>\n","protected":false},"author":1,"featured_media":3061,"comment_status":"open","ping_status":"open","sticky":false,"template":"","format":"standard","meta":[],"categories":[1],"tags":[753,339,751,658,277,443,83,341,750,752],"_links":{"self":[{"href":"http:\/\/www.terres-et-seigneurs-en-donziais.fr\/index.php?rest_route=\/wp\/v2\/posts\/5233"}],"collection":[{"href":"http:\/\/www.terres-et-seigneurs-en-donziais.fr\/index.php?rest_route=\/wp\/v2\/posts"}],"about":[{"href":"http:\/\/www.terres-et-seigneurs-en-donziais.fr\/index.php?rest_route=\/wp\/v2\/types\/post"}],"author":[{"embeddable":true,"href":"http:\/\/www.terres-et-seigneurs-en-donziais.fr\/index.php?rest_route=\/wp\/v2\/users\/1"}],"replies":[{"embeddable":true,"href":"http:\/\/www.terres-et-seigneurs-en-donziais.fr\/index.php?rest_route=%2Fwp%2Fv2%2Fcomments&post=5233"}],"version-history":[{"count":37,"href":"http:\/\/www.terres-et-seigneurs-en-donziais.fr\/index.php?rest_route=\/wp\/v2\/posts\/5233\/revisions"}],"predecessor-version":[{"id":8639,"href":"http:\/\/www.terres-et-seigneurs-en-donziais.fr\/index.php?rest_route=\/wp\/v2\/posts\/5233\/revisions\/8639"}],"wp:featuredmedia":[{"embeddable":true,"href":"http:\/\/www.terres-et-seigneurs-en-donziais.fr\/index.php?rest_route=\/wp\/v2\/media\/3061"}],"wp:attachment":[{"href":"http:\/\/www.terres-et-seigneurs-en-donziais.fr\/index.php?rest_route=%2Fwp%2Fv2%2Fmedia&parent=5233"}],"wp:term":[{"taxonomy":"category","embeddable":true,"href":"http:\/\/www.terres-et-seigneurs-en-donziais.fr\/index.php?rest_route=%2Fwp%2Fv2%2Fcategories&post=5233"},{"taxonomy":"post_tag","embeddable":true,"href":"http:\/\/www.terres-et-seigneurs-en-donziais.fr\/index.php?rest_route=%2Fwp%2Fv2%2Ftags&post=5233"}],"curies":[{"name":"wp","href":"https:\/\/api.w.org\/{rel}","templated":true}]}}