{"id":5068,"date":"2017-07-06T09:04:30","date_gmt":"2017-07-06T08:04:30","guid":{"rendered":"http:\/\/www.terres-et-seigneurs-en-donziais.fr\/?p=5068"},"modified":"2021-09-26T16:31:31","modified_gmt":"2021-09-26T15:31:31","slug":"des-landes-mysterieuses-a-bouhy","status":"publish","type":"post","link":"http:\/\/www.terres-et-seigneurs-en-donziais.fr\/?p=5068","title":{"rendered":"Des Landes myst\u00e9rieuses \u00e0 Bouhy&#8230;"},"content":{"rendered":"<p style=\"text-align: justify;\"><span style=\"font-size: 16px;\"><strong>L\u2019ancien fief des Landes de Bouhy para\u00eet n\u2019avoir laiss\u00e9 aucune trace<\/strong>.<\/span><\/p>\n<p style=\"text-align: justify;\"><span style=\"font-size: 16px;\">Il faisait partie de l\u2019ensemble territorial de <strong><a href=\"http:\/\/www.terres-et-seigneurs-en-donziais.fr\/?page_id=531\" target=\"_blank\" rel=\"noopener\">Saint-Verain<\/a><\/strong>, et un des nombreux h\u00e9ritiers de cette baronnie au XV\u00e8me si\u00e8cle, Guillaume d\u2019Argenton, fit hommage au comte de Nevers pour les Landes en 1405.<\/span><\/p>\n<p style=\"text-align: justify;\"><span style=\"font-size: 16px;\">Cette terre \u2013 sur laquelle aucun ch\u00e2teau ou manoir ne para\u00eet avoir \u00e9t\u00e9 construit &#8211; fut acquise en 1488 par Jean de Morogues, qui occupait d\u2019importantes fonctions aupr\u00e8s des comtes et \u00e9tablit par ailleurs sa famille \u00e0 Sauvage (Beaumont-la-Ferri\u00e8re). Elle passa ensuite \u00e0 ses descendants\u00a0: Bochetel, Rochechouart, Chaludet\u2026<\/span><\/p>\n<p style=\"text-align: justify;\"><span style=\"font-size: 16px;\">On perd la trace de sa possession \u00e0 la fin du XVII\u00e8me si\u00e8cle.<\/span><\/p>\n<p style=\"text-align: justify;\"><span style=\"font-size: 16px;\">Aucune trace n\u2019est visible \u00e0 Bouhy, et le lieu m\u00eame des Landes, qu&rsquo;une monographie sur Bouhy situe au sud du village, ne figure sur aucune carte ancienne.<\/span><\/p>\n<p><span style=\"color: #0000cd;\"><span style=\"font-size: 16px;\"><em><strong>A vos biblioth\u00e8ques et tablettes ! Qui pourra nous \u00e9clairer sur la position exacte de ce fief et sur ses derniers d\u00e9tenteurs avant la R\u00e9volution ?<\/strong><\/em><\/span><\/span><\/p>\n<p style=\"text-align: center;\"><a href=\"http:\/\/www.terres-et-seigneurs-en-donziais.fr\/wp-content\/uploads\/2017\/07\/Les-Landes-de-Bouhy.pdf\" target=\"_blank\" rel=\"noopener\"><span style=\"font-size: 18pt;\"><strong><em>\u00a0 Les Landes-<span style=\"font-size: 18pt;\">d<\/span><\/em><\/strong><em><strong>e-Bouhy\u00a0 <\/strong><span style=\"color: #000000; font-size: 14pt;\">(V2 du 26-0-21)<\/span><\/em><\/span><\/a><\/p>\n<p style=\"text-align: center;\"><a href=\"http:\/\/www.terres-et-seigneurs-en-donziais.fr\/wp-content\/uploads\/2015\/09\/D-enlumin\u00e9-e1443770692908.jpeg\"><img decoding=\"async\" loading=\"lazy\" class=\"alignnone size-full wp-image-1748\" style=\"float: left;\" src=\"http:\/\/www.terres-et-seigneurs-en-donziais.fr\/wp-content\/uploads\/2015\/09\/D-enlumin\u00e9-e1443770692908.jpeg\" alt=\"\" width=\"80\" height=\"80\" \/><\/a><\/p>\n<p>&nbsp;<\/p>\n<div>\n<p>&nbsp;<\/p>\n<p>&nbsp;<\/p>\n<p>&nbsp;<\/p>\n<p>&nbsp;<\/p>\n<p>&nbsp;<\/p>\n<p>&nbsp;<\/p>\n<hr align=\"left\" size=\"1\" width=\"33%\" \/>\n<div id=\"ftn1\">\n<p><a title=\"\" href=\"#_ftnref1\" name=\"_ftn1\">[1]<\/a> R\u00e9\u00e9dit\u00e9e par \u00ab\u00a0Le Livre d\u2019Histoire\u00a0\u00bb en 2006<\/p>\n<p>&nbsp;<\/p>\n<p>&nbsp;<\/p>\n<p>&nbsp;<\/p>\n<p>&nbsp;<\/p>\n<p>&nbsp;<\/p>\n<p>&nbsp;<\/p>\n<\/div>\n<\/div>\n","protected":false},"excerpt":{"rendered":"<p>L\u2019ancien fief des Landes de Bouhy para\u00eet n\u2019avoir laiss\u00e9 aucune trace. Il faisait partie de l\u2019ensemble territorial de Saint-Verain, et un des nombreux h\u00e9ritiers de cette baronnie au XV\u00e8me si\u00e8cle, Guillaume d\u2019Argenton, fit hommage au comte de Nevers pour les Landes en 1405. Cette terre \u2013 sur laquelle aucun ch\u00e2teau ou manoir ne para\u00eet avoir &hellip; <a href=\"http:\/\/www.terres-et-seigneurs-en-donziais.fr\/?p=5068\" class=\"more-link\">Continuer la lecture de <span class=\"screen-reader-text\">Des Landes myst\u00e9rieuses \u00e0 Bouhy&#8230;<\/span> <span class=\"meta-nav\">&rarr;<\/span><\/a><\/p>\n","protected":false},"author":1,"featured_media":5071,"comment_status":"open","ping_status":"open","sticky":false,"template":"","format":"standard","meta":[],"categories":[97,303,5],"tags":[729,727,730,279,728,427,175,127],"_links":{"self":[{"href":"http:\/\/www.terres-et-seigneurs-en-donziais.fr\/index.php?rest_route=\/wp\/v2\/posts\/5068"}],"collection":[{"href":"http:\/\/www.terres-et-seigneurs-en-donziais.fr\/index.php?rest_route=\/wp\/v2\/posts"}],"about":[{"href":"http:\/\/www.terres-et-seigneurs-en-donziais.fr\/index.php?rest_route=\/wp\/v2\/types\/post"}],"author":[{"embeddable":true,"href":"http:\/\/www.terres-et-seigneurs-en-donziais.fr\/index.php?rest_route=\/wp\/v2\/users\/1"}],"replies":[{"embeddable":true,"href":"http:\/\/www.terres-et-seigneurs-en-donziais.fr\/index.php?rest_route=%2Fwp%2Fv2%2Fcomments&post=5068"}],"version-history":[{"count":9,"href":"http:\/\/www.terres-et-seigneurs-en-donziais.fr\/index.php?rest_route=\/wp\/v2\/posts\/5068\/revisions"}],"predecessor-version":[{"id":7478,"href":"http:\/\/www.terres-et-seigneurs-en-donziais.fr\/index.php?rest_route=\/wp\/v2\/posts\/5068\/revisions\/7478"}],"wp:featuredmedia":[{"embeddable":true,"href":"http:\/\/www.terres-et-seigneurs-en-donziais.fr\/index.php?rest_route=\/wp\/v2\/media\/5071"}],"wp:attachment":[{"href":"http:\/\/www.terres-et-seigneurs-en-donziais.fr\/index.php?rest_route=%2Fwp%2Fv2%2Fmedia&parent=5068"}],"wp:term":[{"taxonomy":"category","embeddable":true,"href":"http:\/\/www.terres-et-seigneurs-en-donziais.fr\/index.php?rest_route=%2Fwp%2Fv2%2Fcategories&post=5068"},{"taxonomy":"post_tag","embeddable":true,"href":"http:\/\/www.terres-et-seigneurs-en-donziais.fr\/index.php?rest_route=%2Fwp%2Fv2%2Ftags&post=5068"}],"curies":[{"name":"wp","href":"https:\/\/api.w.org\/{rel}","templated":true}]}}