{"id":3976,"date":"2016-05-23T08:56:33","date_gmt":"2016-05-23T07:56:33","guid":{"rendered":"http:\/\/www.terres-et-seigneurs-en-donziais.fr\/?p=3976"},"modified":"2022-02-22T22:43:16","modified_gmt":"2022-02-22T21:43:16","slug":"les-limites-de-lancien-donziais","status":"publish","type":"post","link":"http:\/\/www.terres-et-seigneurs-en-donziais.fr\/?p=3976","title":{"rendered":"Les limites de l&rsquo;ancien Donziais&#8230;"},"content":{"rendered":"<p style=\"text-align: justify;\"><span style=\"font-size: 16px;\"><span style=\"color: #000080;\"><strong>Quelles \u00e9taient les limites de l\u2019ancien Donziais ?<\/strong> Plusieurs internautes se sont interrog\u00e9s \u00e0 juste titre, car nous\u00a0ne livrons\u00a0pas de r\u00e9ponse pr\u00e9cise :\u00a0le nuage des sites \u00e9tudi\u00e9s sur la carte est un peu large et flou&#8230; <\/span><\/span><\/p>\n<p style=\"text-align: justify;\"><span style=\"font-size: 16px;\"><span style=\"color: #000080;\">C\u2019est que la question est complexe : l\u2019histoire\u00a0du syst\u00e8me f\u00e9odal,\u00a0in\u00e9galement document\u00e9e, n\u2019est pas une science exacte, et les origines mal connues de <strong><a href=\"http:\/\/www.terres-et-seigneurs-en-donziais.fr\/?page_id=527\" target=\"_blank\" rel=\"noopener noreferrer\">la baronnie de Donzy<\/a>\u00a0&#8211;\u00a0<\/strong>dont l\u2019existence autonome ne dura pas plus de deux si\u00e8cles &#8211;\u00a0ne sont pas faites\u00a0pour nous aider.<\/span><\/span><\/p>\n<p style=\"text-align: justify;\"><span style=\"font-size: 16px;\"><span style=\"color: #000080;\">Cette baronnie \u00e9tait l\u2019h\u00e9riti\u00e8re d\u2019un ancien fief des comtes de Chalon plut\u00f4t qu\u2019une pure cr\u00e9ation de <a href=\"http:\/\/www.terres-et-seigneurs-en-donziais.fr\/?p=3811\" target=\"_blank\" rel=\"noopener noreferrer\"><strong>l\u2019\u00e9v\u00eaque d&rsquo;Auxerre\u00a0Hugues<\/strong><\/a>\u00a0apr\u00e8s la paix intervenue en Bourgogne en 1015. Ses limites \u00e9taient donc celles de l\u2019influence de ses anciens seigneurs\u00a0et non celles d\u2019un territoire d\u00fbment identifi\u00e9. La hi\u00e9rarchie f\u00e9odale et la transmission h\u00e9r\u00e9ditaire des fiefs \u00e9taient tout juste \u00e9tablies\u00a0et les dominations seigneuriales fluctuaient\u00a0au fil des guerres et des successions. <\/span><\/span><\/p>\n<p style=\"text-align: justify;\"><span style=\"font-size: 16px;\"><span style=\"color: #000080;\">A la fin du XII\u00e8me si\u00e8cle, quand\u00a0le baron Herv\u00e9 devint\u00a0comte de Nevers, Auxerre et Tonnerre par son mariage, les limites des anciennes zones d&rsquo;influence\u00a0s\u2019estomp\u00e8rent un peu plus. Certes la baronnie conserva une existence formelle\u00a0:\u00a0suivant la tradition, on rendait hommage au comte \u00ab <em>\u00e0 cause de Donzy<\/em> \u00bb d\u00e8s lors qu\u2019on y d\u00e9tenait un fief. Elle garda aussi ses institutions propres jusqu\u2019au XVI\u00e8me si\u00e8cle, mais ce n\u2019\u00e9tait plus la m\u00eame chose. <\/span><\/span><span style=\"font-size: 16px;\"><span style=\"color: #000080;\">Son territoire fut structur\u00e9 au d\u00e9but du XIII\u00e8me\u00a0par l\u2019organisation en c<em>h\u00e2tellenies, <\/em>et \u00e9tendu\u00a0vers le nord et l\u2019est. <\/span><\/span><\/p>\n<p style=\"text-align: justify;\"><span style=\"font-size: 16px;\"><span style=\"color: #000080;\"><a href=\"http:\/\/www.terres-et-seigneurs-en-donziais.fr\/?page_id=531\" target=\"_blank\" rel=\"noopener noreferrer\"><strong>La baronnie de Saint-Verain<\/strong><\/a> quant \u00e0 elle\u00a0disparut en tant que telle evrs 1450, se fondant dans le Nivernais\u00a0au terme d\u2019une succession d\u00e9l\u00e9t\u00e8re. <\/span><\/span><\/p>\n<p style=\"text-align: justify;\"><span style=\"font-size: 16px;\"><span style=\"color: #000080;\">De la Loire \u00e0 l\u2019Yonne et \u00e0 l\u2019Arman\u00e7on, on chevauchait donc sur les terres d\u2019un seul et m\u00eame comte et baron, appartenant \u00e0 une grande maison princi\u00e8re. Parall\u00e8llement, l<\/span><\/span><span style=\"font-size: 16px;\"><span style=\"color: #000080;\">a\u00a0suzerainet\u00e9 temporelle de l\u2019\u00e9v\u00eaque d\u2019Auxerre, que le baron de Donzy devait \u00ab\u00a0porter\u00a0\u00bb \u00e0 son entr\u00e9e dans la ville, avec ceux de Toucy et de Saint-Verain et avec le comte, se cantonnait progressivement \u00e0 ces rites anciens, accomplis par des chevaliers dont deux ou trois \u00e9taient d\u00e9sign\u00e9s par la m\u00eame autorit\u00e9. <\/span><\/span><\/p>\n<p style=\"text-align: justify;\"><strong><span style=\"font-size: 16px;\"><span style=\"color: #000080;\">Sur ces bases, le p\u00e9rim\u00e8tre du Donziais peut \u00eatre approch\u00e9 en cercles concentriques \u00e0 partir de la cit\u00e9 et de son ch\u00e2teau. <\/span><\/span><\/strong><\/p>\n<p style=\"text-align: justify;\"><span style=\"font-size: 16px;\"><span style=\"color: #000080;\"><strong>La ch\u00e2tellenie de Donzy<\/strong>, qui co\u00efncide largement avec la vall\u00e9e du Nohain, en \u00e9tait le c\u0153ur. Elle comprenait plus de cinquante fiefs, mais \u00e0 l&rsquo;int\u00e9rieur m\u00eame de\u00a0ce premier cercle\u00a0des influences concurrentes s\u2019exer\u00e7aient : celle des sires de Saint-Verain, qui contr\u00f4laient de nombreuses terres aux environs imm\u00e9diats de Donzy ; celle des comtes de Nevers, qui tenaient les ch\u00e2teaux de Cosne et de Ch\u00e2teauneuf ; celle des clunisiens de La Charit\u00e9 aussi. <\/span><\/span><\/p>\n<p style=\"text-align: justify;\"><span style=\"font-size: 16px;\"><span style=\"color: #000080;\">La baronnie comprit d\u00e8s l\u2019origine, outre Donzy, les ch\u00e2tellenies de <strong>Cosne<\/strong> (12 fiefs), <strong>Entrains<\/strong> (44), <strong>Corvol<\/strong> et\u00a0<strong>Billy<\/strong> (33+24), et <strong>Etais <\/strong>(18), de dimensions in\u00e9gales. Elles en constituaient le deuxi\u00e8me cercle. <\/span><\/span><\/p>\n<p style=\"text-align: justify;\"><span style=\"font-size: 16px;\"><span style=\"color: #000080;\">Apr\u00e8s l&rsquo;union au comt\u00e9 de Nevers (1199) on lui rattacha\u00a0les ch\u00e2tellenies de <strong>Druyes<\/strong>, <strong>Saint-Sauveur<\/strong>, et <strong>Chatel-Censoir<\/strong>, \u00e9largissant ainsi la juridiction baronniale\u00a0vers la Puisaye et la vall\u00e9e de l\u2019Yonne. Mais ces territoires proches de l\u2019Auxerrois\u00a0ne partageaient pas le m\u00eame pass\u00e9 ; ils seront d\u2019ailleurs plac\u00e9s, le moment venu, dans le d\u00e9partement de l\u2019Yonne.<\/span><\/span><\/p>\n<p><span style=\"color: #000080;\">L&rsquo;\u00e9tude sur \u00ab\u00a0<a href=\"https:\/\/gallica.bnf.fr\/ark:\/12148\/bpt6k11620740\/f735.image\" target=\"_blank\" rel=\"noopener noreferrer\"><em><strong>Les limites et la r\u00e9union du Nivernais et du Donziais<\/strong><\/em><\/a>\u00a0\u00bb des savants archivistes et historiens <strong>L\u00e9on Mirot et Albert Bossuat<\/strong> <em>(in : Bulletin de la SNSLSA, 1937)<\/em> confirme ce p\u00e9rim\u00e8tre par r\u00e9f\u00e9rence \u00e0 un long proc\u00e8s achev\u00e9 seulement \u00e0 la fin du XV\u00e8me si\u00e8cle entre l&rsquo;\u00e9v\u00eaque d&rsquo;Auxerre et le comte de Nevers \u00e0 ce sujet.<\/span><\/p>\n<p style=\"text-align: justify;\"><strong><span style=\"font-size: 16px;\"><span style=\"color: #000080;\">Les documents cartographiques sont rares mais globalement explicites. <\/span><\/span><\/strong><\/p>\n<p style=\"text-align: justify;\"><span style=\"font-size: 16px;\"><span style=\"color: #000080;\"><a href=\"http:\/\/www.terres-et-seigneurs-en-donziais.fr\/?p=3563\" target=\"_blank\" rel=\"noopener noreferrer\"><strong>Marolles<\/strong> <\/a>pr\u00e9sente dans son <strong><em>Inventaire<\/em><\/strong> une \u00ab\u00a0<em>Carte du Nivernois\u00a0\u00bb<\/em> sous l\u2019Ancien R\u00e9gime. Elle ne d\u00e9limite pas pr\u00e9cis\u00e9ment le <em>Donziois<\/em>, mais fait appara\u00eetre les paroisses composant les diff\u00e9rentes ch\u00e2tellenies \u00e9voqu\u00e9es ci-dessus. <\/span><\/span><\/p>\n<p style=\"text-align: justify;\"><span style=\"font-size: 16px;\"><span style=\"color: #000080;\"><strong>Challe<\/strong> dans son <strong><em>Histoire de l\u2019Auxerrois<\/em><\/strong>, donne une \u00ab\u00a0<em>Carte du comt\u00e9 d\u2019Auxerre, tel qu\u2019il subsista jusqu\u2019en 1790&Prime;,\u00a0<\/em>dont on peut d\u00e9duire les limites orientales du Donziais. Ces deux cartes s\u2019ajustent \u00e0 peu pr\u00e8s. <\/span><\/span><\/p>\n<p style=\"text-align: justify;\"><span style=\"font-size: 16px;\"><span style=\"color: #000080;\">D\u00e8s lors des certitudes s\u2019imposent : le Donziais m\u00e9di\u00e9val \u00e9tait bien constitu\u00e9 des ch\u00e2tellenies \u00e9voqu\u00e9es ci-dessus ; mais quelques ambigu\u00eft\u00e9s demeurent. <\/span><\/span><\/p>\n<p style=\"text-align: justify;\"><span style=\"font-size: 16px;\"><span style=\"color: #000080;\">On ne peut y inclure la ch\u00e2tellenie de <strong>Saint-Verain<\/strong>, qui succ\u00e9da \u00e0 l\u2019ancienne baronnie \u00e0 sa disparition. Nous l\u2019\u00e9voquons donc comme une \u00ab\u00a0seigneurie voisine\u00a0\u00bb, avec les fiefs qui lui \u00e9taient rattach\u00e9s,\u00a0mais une\u00a0grande proximit\u00e9\u00a0pr\u00e9valait entre ces franges\u00a0occidentales de l\u2019ancien dioc\u00e8se d\u2019Auxerre, d&rsquo;o\u00f9 notre int\u00e9r\u00eat. <\/span><\/span><\/p>\n<p style=\"text-align: justify;\"><span style=\"font-size: 16px;\"><span style=\"color: #000080;\">Le cas de <a href=\"http:\/\/www.terres-et-seigneurs-en-donziais.fr\/?p=3911\" target=\"_blank\" rel=\"noopener noreferrer\"><strong>Cosne<\/strong><\/a> est complexe : la ville elle-m\u00eame et sa ch\u00e2tellenie \u00e9taient partie int\u00e9grante de la baronnie de Donzy et relevaient dont de l\u2019\u00e9v\u00eaque d&rsquo;Auxerre, qui y avait un palais en ville et un ch\u00e2teau \u00e0 Villechaud. La garde du ch\u00e2teau fut toutefois confi\u00e9e d\u00e8s le XII\u00e8me si\u00e8cle au comte de Nevers, mieux arm\u00e9 pour l&rsquo;exercer, qui y nommait des officiers. Les comtes d\u00e9velopp\u00e8rent au fils du temps une conception extensive de cette mission, remettant en cause r\u00e9guli\u00e8rement la suzerainet\u00e9 de l&rsquo;\u00e9v\u00eaque, auquel cependant le Parlement donna toujours raison.<\/span><\/span><\/p>\n<p style=\"text-align: justify;\"><span style=\"font-size: 16px;\"><span style=\"color: #000080;\">Le sort de\u00a0<strong>Chateauneuf-Val-de-Bargis<\/strong>, que le proc\u00e8s \u00e9voqu\u00e9 par Mirot et Bossuat avait finalement plac\u00e9 en Donziais, \u00e9tait sp\u00e9cifique, mais nous avons inclus cette ch\u00e2tellenie dans notre p\u00e9rim\u00e8tre sur ces bases. Le ch\u00e2teau quant \u00e0 lui \u00e9tait confi\u00e9 \u00e0 la garde du comte de Nevers, comme Cosne, Donzy et Entrains, et l&rsquo;\u00e9v\u00eaque y avait conserv\u00e9 simplement un droit de g\u00eete, mais il semble qu&rsquo;il ait \u00e9t\u00e9 d\u00e9truit tr\u00e8s t\u00f4t. Il n&rsquo;en demeure pas moins que cette appartenance a donn\u00e9 lieu \u00e0 de longs d\u00e9bats que nous \u00e9voquons dans un article ad-hoc : <a href=\"http:\/\/www.terres-et-seigneurs-en-donziais.fr\/?p=7775\" target=\"_blank\" rel=\"noopener\"><strong><em>Chateauneuf-Val-de-Bargis, en Donziais ?<\/em><\/strong><\/a><\/span><\/span><\/p>\n<p style=\"text-align: justify;\"><span style=\"font-size: 16px;\"><span style=\"color: #000080;\">Pour <a href=\"http:\/\/www.terres-et-seigneurs-en-donziais.fr\/?p=3392\" target=\"_blank\" rel=\"noopener noreferrer\"><strong>Chatel-Censoir<\/strong><\/a> c\u2019\u00e9tait diff\u00e9rent : la cit\u00e9 avait un caract\u00e8re patrimonial pour les barons de Donzy, et la ch\u00e2tellenie avait \u00e9t\u00e9 officiellement rattach\u00e9e \u00e0 la baronnie. Mais elle \u00e9tait proche de l\u2019Auxerrois\u00a0o\u00f9 Challe place certains de ses fiefs. Nous les avons pris malgr\u00e9 tout en consid\u00e9ration.<\/span><\/span><\/p>\n<p style=\"text-align: justify;\"><span style=\"font-size: 16px;\"><span style=\"color: #0000cd;\"><em><strong>Vous l\u2019avez compris, notre\u00a0envie de faire partager notre int\u00e9r\u00eat pour des sites remarquables et proches l&#8217;emporte. Nous avons donc opt\u00e9 pour une conception large de l\u2019ancien Donziais. Encore fallait-il l\u2019indiquer clairement&#8230;et le cas \u00e9ch\u00e9ant en d\u00e9battre.<\/strong><\/em><\/span><\/span><\/p>\n<p style=\"text-align: justify;\"><a href=\"http:\/\/www.terres-et-seigneurs-en-donziais.fr\/wp-content\/uploads\/2015\/09\/D-enlumin\u00e9-e1443770692908.jpeg\"><img decoding=\"async\" loading=\"lazy\" class=\"alignnone size-full wp-image-1748\" src=\"http:\/\/www.terres-et-seigneurs-en-donziais.fr\/wp-content\/uploads\/2015\/09\/D-enlumin\u00e9-e1443770692908.jpeg\" alt=\"D enlumin\u00e9\" width=\"80\" height=\"80\" \/><\/a><\/p>\n","protected":false},"excerpt":{"rendered":"<p>Quelles \u00e9taient les limites de l\u2019ancien Donziais ? Plusieurs internautes se sont interrog\u00e9s \u00e0 juste titre, car nous\u00a0ne livrons\u00a0pas de r\u00e9ponse pr\u00e9cise :\u00a0le nuage des sites \u00e9tudi\u00e9s sur la carte est un peu large et flou&#8230; C\u2019est que la question est complexe : l\u2019histoire\u00a0du syst\u00e8me f\u00e9odal,\u00a0in\u00e9galement document\u00e9e, n\u2019est pas une science exacte, et les origines &hellip; <a href=\"http:\/\/www.terres-et-seigneurs-en-donziais.fr\/?p=3976\" class=\"more-link\">Continuer la lecture de <span class=\"screen-reader-text\">Les limites de l&rsquo;ancien Donziais&#8230;<\/span> <span class=\"meta-nav\">&rarr;<\/span><\/a><\/p>\n","protected":false},"author":1,"featured_media":3992,"comment_status":"open","ping_status":"open","sticky":false,"template":"","format":"standard","meta":[],"categories":[1],"tags":[584,586,585,588,587],"_links":{"self":[{"href":"http:\/\/www.terres-et-seigneurs-en-donziais.fr\/index.php?rest_route=\/wp\/v2\/posts\/3976"}],"collection":[{"href":"http:\/\/www.terres-et-seigneurs-en-donziais.fr\/index.php?rest_route=\/wp\/v2\/posts"}],"about":[{"href":"http:\/\/www.terres-et-seigneurs-en-donziais.fr\/index.php?rest_route=\/wp\/v2\/types\/post"}],"author":[{"embeddable":true,"href":"http:\/\/www.terres-et-seigneurs-en-donziais.fr\/index.php?rest_route=\/wp\/v2\/users\/1"}],"replies":[{"embeddable":true,"href":"http:\/\/www.terres-et-seigneurs-en-donziais.fr\/index.php?rest_route=%2Fwp%2Fv2%2Fcomments&post=3976"}],"version-history":[{"count":29,"href":"http:\/\/www.terres-et-seigneurs-en-donziais.fr\/index.php?rest_route=\/wp\/v2\/posts\/3976\/revisions"}],"predecessor-version":[{"id":7980,"href":"http:\/\/www.terres-et-seigneurs-en-donziais.fr\/index.php?rest_route=\/wp\/v2\/posts\/3976\/revisions\/7980"}],"wp:featuredmedia":[{"embeddable":true,"href":"http:\/\/www.terres-et-seigneurs-en-donziais.fr\/index.php?rest_route=\/wp\/v2\/media\/3992"}],"wp:attachment":[{"href":"http:\/\/www.terres-et-seigneurs-en-donziais.fr\/index.php?rest_route=%2Fwp%2Fv2%2Fmedia&parent=3976"}],"wp:term":[{"taxonomy":"category","embeddable":true,"href":"http:\/\/www.terres-et-seigneurs-en-donziais.fr\/index.php?rest_route=%2Fwp%2Fv2%2Fcategories&post=3976"},{"taxonomy":"post_tag","embeddable":true,"href":"http:\/\/www.terres-et-seigneurs-en-donziais.fr\/index.php?rest_route=%2Fwp%2Fv2%2Ftags&post=3976"}],"curies":[{"name":"wp","href":"https:\/\/api.w.org\/{rel}","templated":true}]}}