{"id":3679,"date":"2016-02-24T11:29:21","date_gmt":"2016-02-24T10:29:21","guid":{"rendered":"http:\/\/www.terres-et-seigneurs-en-donziais.fr\/?p=3679"},"modified":"2019-12-23T09:50:25","modified_gmt":"2019-12-23T08:50:25","slug":"donzy-et-la-terre-sainte","status":"publish","type":"post","link":"http:\/\/www.terres-et-seigneurs-en-donziais.fr\/?p=3679","title":{"rendered":"Donzy et la Terre Sainte"},"content":{"rendered":"<p style=\"text-align: center;\"><span style=\"color: #0000cd;\"><em>(Illustration : Versailles, salles des croisades, \u00e9poque de Louis-Philippe)<\/em><\/span><\/p>\n<p style=\"text-align: justify;\"><span style=\"color: #4b0082;\"><span style=\"font-size: 16px;\">Les armoiries de Donzy figurent dans\u00a0la cinqui\u00e8me <strong><a href=\"http:\/\/www.museehistoiredefrance.fr\/index.php?option=com_musee&amp;cid=11&amp;view=detail&amp;ssid=ms_croisades\" target=\"_blank\" rel=\"noopener noreferrer\"><em>Salle des Croisades<\/em><\/a><\/strong>\u00a0du ch\u00e2teau de Versailles, en l\u2019honneur de Geoffroy III, baron de Donzy et comte de Chalon, seigneur de Saint-Aignan et de Chatel-Censoir, qui prit part \u00e0 cette \u00e9pop\u00e9e d\u00e8s ses d\u00e9buts. Il fut en effet parmi ceux qui r\u00e9pondirent \u00e0 l\u2019appel lanc\u00e9 \u00e0 Clermont par le Pape <strong><a href=\"https:\/\/fr.wikipedia.org\/wiki\/Urbain_II\" target=\"_blank\" rel=\"noopener noreferrer\">Urbain II<\/a><\/strong>, le 27 novembre 1095, \u00e0 l\u2019origine de <a href=\"https:\/\/fr.wikipedia.org\/wiki\/Premi\u00e8re_croisade\" target=\"_blank\" rel=\"noopener noreferrer\"><strong>la premi\u00e8re croisade (1096-1099)<\/strong><\/a>.<\/span><\/span><\/p>\n<p style=\"text-align: justify;\">\u00a0 \u00a0 \u00a0 \u00a0 \u00a0 \u00a0 \u00a0 \u00a0 \u00a0 \u00a0 \u00a0 \u00a0 \u00a0 \u00a0 \u00a0 \u00a0 \u00a0 \u00a0 \u00a0 \u00a0 \u00a0 \u00a0 \u00a0 \u00a0 \u00a0 \u00a0 \u00a0\u00a0<a href=\"http:\/\/www.terres-et-seigneurs-en-donziais.fr\/wp-content\/uploads\/2016\/02\/Clermontconcile-e1456312116630.jpg\"><img decoding=\"async\" loading=\"lazy\" class=\"alignnone size-medium wp-image-3703\" src=\"http:\/\/www.terres-et-seigneurs-en-donziais.fr\/wp-content\/uploads\/2016\/02\/Clermontconcile-300x281.jpg\" alt=\"Clermontconcile\" width=\"300\" height=\"281\" \/><\/a><\/p>\n<p style=\"text-align: justify;\"><span style=\"color: #4b0082;\"><span style=\"font-size: 16px;\">Il s\u2019agissait de r\u00e9tablir l\u2019acc\u00e8s des chr\u00e9tiens \u00e0 J\u00e9rusalem, que les Turcs, bient\u00f4t supplant\u00e9s par les Fatimides, leur avaient interdit, et de r\u00e9pondre \u00e0 l\u2019appel de <strong><a href=\"https:\/\/fr.wikipedia.org\/wiki\/Alexis_Ier_Comn\u00e8ne\" target=\"_blank\" rel=\"noopener noreferrer\">l\u2019empereur byzantin Alexis Comn\u00e8ne<\/a><\/strong>.<\/span><\/span><\/p>\n<p style=\"text-align: justify;\">\u00a0 \u00a0 \u00a0 \u00a0 \u00a0 \u00a0 \u00a0 \u00a0 \u00a0 \u00a0 \u00a0 \u00a0 \u00a0 \u00a0 \u00a0 \u00a0 \u00a0 \u00a0 \u00a0 \u00a0 \u00a0 \u00a0 \u00a0 \u00a0 \u00a0 \u00a0 \u00a0 \u00a0 \u00a0 \u00a0 \u00a0 \u00a0 \u00a0 \u00a0 \u00a0 \u00a0 \u00a0 \u00a0 \u00a0\u00a0 \u00a0 \u00a0 \u00a0<a href=\"http:\/\/www.terres-et-seigneurs-en-donziais.fr\/wp-content\/uploads\/2016\/02\/alexios-Ier-Komnenos-1048-1118-002-e1456312279275.jpg\"><img decoding=\"async\" loading=\"lazy\" class=\"alignnone size-full wp-image-3704\" src=\"http:\/\/www.terres-et-seigneurs-en-donziais.fr\/wp-content\/uploads\/2016\/02\/alexios-Ier-Komnenos-1048-1118-002-e1456312279275.jpg\" alt=\"alexios-Ier-Komnenos-1048-1118-002\" width=\"100\" height=\"168\" \/><\/a><\/p>\n<p style=\"text-align: justify;\"><span style=\"color: #4b0082;\"><span style=\"font-size: 16px;\">Pour accomplir cette mission Geoffroy\u00a0dut c\u00e9der sa part du <strong><a href=\"http:\/\/gilles.maillet.free.fr\/histoire\/recit_bourgogne\/recit_comte_chalon.htm\" target=\"_blank\" rel=\"noopener noreferrer\">comt\u00e9 de Chalon<\/a><\/strong> \u00e0 son oncle Savaric de Vergy, et mettre ainsi fin \u00e0 ce lien ancestral avec sa dynastie bourguignonne.\u00a0<\/span><\/span><\/p>\n<p style=\"text-align: justify;\"><span style=\"color: #4b0082;\"><span style=\"font-size: 16px;\">Fut-il \u00e0 la prise de J\u00e9rusalem en 1099, aux c\u00f4t\u00e9s de <strong><a href=\"https:\/\/fr.wikipedia.org\/wiki\/Godefroy_de_Bouillon\">Godefroy de Bouillon<\/a><\/strong>\u00a0? Trouva-t-il la mort en Terre Sainte comme certains auteurs l\u2019avancent, o\u00f9 prit-il effectivement l\u2019habit de Cluny \u00e0 son retour\u00a0?\u00a0<\/span><\/span><span style=\"color: #4b0082;\"><span style=\"font-size: 16px;\">Avec quels vassaux du Donziais, chevaliers, \u00e9cuyers et serviteurs, avait-il accompli cette exp\u00e9dition\u00a0?\u00a0<\/span><\/span><span style=\"color: #4b0082;\"><span style=\"font-size: 16px;\">Les textes restent silencieux, mais Geoffroy avait en tout cas devanc\u00e9 son voisin et rival le <strong><a href=\"http:\/\/www.terres-et-seigneurs-en-donziais.fr\/wp-content\/uploads\/2015\/05\/Comtes-originels-de-Nevers.pdf\" target=\"_blank\" rel=\"noopener noreferrer\">comte de Nevers, Guillaume II<\/a><\/strong>, qui ne put rejoindre l\u2019arm\u00e9e des crois\u00e9s avec son fr\u00e8re Robert et quinze mille hommes dit-on, qu\u2019en 1100, car il \u00e9tait auparavant mineur.<\/span><\/span><\/p>\n<p style=\"text-align: justify;\">\u00a0 \u00a0 \u00a0 \u00a0 \u00a0 \u00a0 \u00a0 \u00a0 \u00a0 \u00a0 \u00a0 \u00a0 \u00a0 \u00a0 \u00a0 \u00a0 \u00a0 \u00a0 \u00a0 \u00a0 \u00a0 \u00a0 \u00a0 \u00a0 \u00a0 \u00a0 \u00a0<a href=\"http:\/\/www.terres-et-seigneurs-en-donziais.fr\/wp-content\/uploads\/2016\/02\/Prise-de-Jerusalem.jpg\"><img decoding=\"async\" loading=\"lazy\" class=\"alignnone size-medium wp-image-3707\" src=\"http:\/\/www.terres-et-seigneurs-en-donziais.fr\/wp-content\/uploads\/2016\/02\/Prise-de-Jerusalem-300x172.jpg\" alt=\"Prise-de-Jerusalem\" width=\"300\" height=\"172\" srcset=\"http:\/\/www.terres-et-seigneurs-en-donziais.fr\/wp-content\/uploads\/2016\/02\/Prise-de-Jerusalem-300x172.jpg 300w, http:\/\/www.terres-et-seigneurs-en-donziais.fr\/wp-content\/uploads\/2016\/02\/Prise-de-Jerusalem.jpg 500w\" sizes=\"(max-width: 300px) 100vw, 300px\" \/><\/a><\/p>\n<p style=\"text-align: justify;\"><span style=\"color: #4b0082;\"><span style=\"font-size: 16px;\">Les <strong><a href=\"http:\/\/www.terres-et-seigneurs-en-donziais.fr\/wp-content\/uploads\/2015\/05\/Baronnie-de-Toucy.pdf\" target=\"_blank\" rel=\"noopener noreferrer\">barons de Toucy<\/a><\/strong>, seigneurs de Puisaye, Ythier II et son fr\u00e8re Narjot faisaient partie de cette exp\u00e9dition. Il y\u00a0trouv\u00e8rent la mort en 1100, les premiers d\u2019une longue s\u00e9rie\u00a0: Ythier IV en 1147, Narjot II en 1192 \u00e0 Acre, Ythier V en 1218 \u00e0 Damiette, Jean en 1250 \u00e0 Mansourah.<\/span><\/span><\/p>\n<p style=\"text-align: justify;\"><span style=\"color: #4b0082;\"><span style=\"font-size: 16px;\">Pour <strong><a href=\"https:\/\/fr.wikipedia.org\/wiki\/Deuxi\u00e8me_croisade\" target=\"_blank\" rel=\"noopener noreferrer\">la deuxi\u00e8me croisade<\/a>, pr\u00each\u00e9e par <a href=\"https:\/\/fr.wikipedia.org\/wiki\/Bernard_de_Clairvaux\" target=\"_blank\" rel=\"noopener noreferrer\">Bernard de Clairvaux<\/a> en 1146<\/strong>, les textes ne mentionnent pas la pr\u00e9sence d\u2019un baron de Donzy, pourtant si proche de V\u00e9zelay d&rsquo;o\u00f9 le Saint avait parl\u00e9. Guillaume III de Nevers et son fr\u00e8re Robert, comte de Tonnerre, y figuraient bien quant \u00e0 eux, ainsi que <strong><a href=\"https:\/\/fr.wikipedia.org\/wiki\/Pierre_Ier_de_Courtenay\" target=\"_blank\" rel=\"noopener noreferrer\">Pierre de France, sire de Courtenay<\/a><\/strong>, dont le fils fut plus tard comte de Nevers.<\/span><\/span><\/p>\n<p style=\"text-align: justify;\">\u00a0 \u00a0 \u00a0 \u00a0 \u00a0 \u00a0 \u00a0 \u00a0 \u00a0 \u00a0 \u00a0 \u00a0 \u00a0 \u00a0 \u00a0 \u00a0 \u00a0 \u00a0 \u00a0 \u00a0 \u00a0 \u00a0 \u00a0 \u00a0 \u00a0 \u00a0 \u00a0 \u00a0 \u00a0 \u00a0 \u00a0 \u00a0 \u00a0<a href=\"http:\/\/www.terres-et-seigneurs-en-donziais.fr\/wp-content\/uploads\/2016\/02\/220px-Saint-Bernard_pr\u00eachant_la_2e_croisade_\u00e0_V\u00e9zelay_en_1146.jpg\"><img decoding=\"async\" loading=\"lazy\" class=\"alignnone size-medium wp-image-3709\" src=\"http:\/\/www.terres-et-seigneurs-en-donziais.fr\/wp-content\/uploads\/2016\/02\/220px-Saint-Bernard_pr\u00eachant_la_2e_croisade_\u00e0_V\u00e9zelay_en_1146-219x300.jpg\" alt=\"220px-Saint-Bernard_pr\u00eachant_la_2e_croisade,_\u00e0_V\u00e9zelay,_en_1146\" width=\"219\" height=\"300\" srcset=\"http:\/\/www.terres-et-seigneurs-en-donziais.fr\/wp-content\/uploads\/2016\/02\/220px-Saint-Bernard_pr\u00eachant_la_2e_croisade_\u00e0_V\u00e9zelay_en_1146-219x300.jpg 219w, http:\/\/www.terres-et-seigneurs-en-donziais.fr\/wp-content\/uploads\/2016\/02\/220px-Saint-Bernard_pr\u00eachant_la_2e_croisade_\u00e0_V\u00e9zelay_en_1146.jpg 220w\" sizes=\"(max-width: 219px) 100vw, 219px\" \/><\/a><\/p>\n<p style=\"text-align: justify;\"><span style=\"color: #4b0082;\"><span style=\"font-size: 16px;\"><strong><a href=\"http:\/\/www.terres-et-seigneurs-en-donziais.fr\/?page_id=531\" target=\"_blank\" rel=\"noopener noreferrer\">Geoffroy de Saint-Verain<\/a><\/strong> partit quant \u00e0 lui en avant-garde de <strong><a href=\"https:\/\/fr.wikipedia.org\/wiki\/Troisi\u00e8me_croisade\" target=\"_blank\" rel=\"noopener noreferrer\">la troisi\u00e8me croisade en 1188<\/a> <\/strong>\u00e0 la demande du comte de Nevers, apr\u00e8s avoir octroy\u00e9 des lib\u00e9ralit\u00e9s aux abbayes auxerroises de Reigny et de Crisenon, ainsi qu\u2019\u00e0 la <strong><a href=\"http:\/\/www.terres-et-seigneurs-en-donziais.fr\/?p=1882\" target=\"_blank\" rel=\"noopener noreferrer\">Commanderie de Villemoison<\/a><\/strong>. Il entamait lui aussi une longue s\u00e9rie\u00a0: autour de Saint-Verain, les noms de Palestine donn\u00e9s \u00e0 diff\u00e9rents lieux\u00a0&#8211; comme <strong><a href=\"http:\/\/www.terres-et-seigneurs-en-donziais.fr\/?p=3554\" target=\"_blank\" rel=\"noopener noreferrer\">J\u00e9rusalem<\/a><\/strong> &#8211; conservent la m\u00e9moire\u00a0de cet engagement.<\/span><\/span><\/p>\n<p style=\"text-align: justify;\"><span style=\"color: #4b0082;\"><span style=\"font-size: 16px;\"><a href=\"http:\/\/www.terres-et-seigneurs-en-donziais.fr\/?p=6559\" target=\"_blank\" rel=\"noopener noreferrer\"><strong>Trois des fils du baron de Donzy Herv\u00e9 III<\/strong><\/a> prirent part \u00e0 cette exp\u00e9dition et \u00e0 la suivante. Ils y laiss\u00e8rent la vie : <strong>Guillaume de Gien<\/strong>, l&rsquo;a\u00een\u00e9, qui fut baron trois ans avant de trouver la mort \u00e0 Acre en 1191 ; \u00a0<strong>Renaud de Montmirail<\/strong>, le cinqui\u00e8me, et <strong>Bernard<\/strong>, le dernier, tu\u00e9s tous deux en 1205 apr\u00e8s le si\u00e8ge d&rsquo;<a href=\"https:\/\/fr.wikipedia.org\/wiki\/Edirne\" target=\"_blank\" rel=\"noopener noreferrer\"><strong>Andrinople<\/strong><\/a>.<\/span><\/span><\/p>\n<p style=\"text-align: justify;\"><span style=\"color: #4b0082;\"><span style=\"font-size: 16px;\">Tout au long du XIII\u00e8me si\u00e8cle enfin, les grands comtes de Nevers, barons de Donzy, s\u2019illustr\u00e8rent en Terre Sainte\u00a0: ainsi <strong><a href=\"https:\/\/fr.wikipedia.org\/wiki\/Archambaud_IX_de_Bourbon\" target=\"_blank\" rel=\"noopener noreferrer\">Archambaud IX de Bourbon<\/a><\/strong>, mort en 1249 \u00e0 Chypre\u00a0; <strong><a href=\"https:\/\/fr.wikipedia.org\/wiki\/Eudes_de_Bourgogne_(1231-1266)\" target=\"_blank\" rel=\"noopener noreferrer\">Eudes de Bourgogne<\/a><\/strong>, en 1269 \u00e0 Acre\u00a0; ou encore <strong><a href=\"https:\/\/fr.wikipedia.org\/wiki\/Jean_Tristan_de_France\" target=\"_blank\" rel=\"noopener noreferrer\">Jean-Tristan de France<\/a><\/strong>, premier \u00e9poux de Yolande de Bourgogne, fils de Saint-Louis, en 1270 \u00e0 Damiette.<\/span><\/span><\/p>\n<p style=\"text-align: justify;\"><span style=\"color: #4b0082;\"><span style=\"font-size: 16px;\">Peu mentionn\u00e9s par les Chroniques, mais bien pr\u00e9sents aux c\u00f4t\u00e9s des princes et des\u00a0rois, les seigneurs de Donzy ont apport\u00e9 leur contribution \u00e0 cette vaste entreprise et la pr\u00e9sence de l&rsquo;\u00e9cu <em>d&rsquo;azur\u00a0aux pommes de pins d&rsquo;or\u00a0<\/em>\u00e0 Versailles, n&rsquo;est que justice.<\/span><\/span><\/p>\n<p style=\"text-align: justify;\"><a href=\"http:\/\/www.terres-et-seigneurs-en-donziais.fr\/wp-content\/uploads\/2015\/09\/D-enlumin\u00e9-e1443770692908.jpeg\"><img decoding=\"async\" loading=\"lazy\" class=\"alignnone size-full wp-image-1748\" src=\"http:\/\/www.terres-et-seigneurs-en-donziais.fr\/wp-content\/uploads\/2015\/09\/D-enlumin\u00e9-e1443770692908.jpeg\" alt=\"D enlumin\u00e9\" width=\"80\" height=\"80\" \/><\/a><\/p>\n","protected":false},"excerpt":{"rendered":"<p>(Illustration : Versailles, salles des croisades, \u00e9poque de Louis-Philippe) Les armoiries de Donzy figurent dans\u00a0la cinqui\u00e8me Salle des Croisades\u00a0du ch\u00e2teau de Versailles, en l\u2019honneur de Geoffroy III, baron de Donzy et comte de Chalon, seigneur de Saint-Aignan et de Chatel-Censoir, qui prit part \u00e0 cette \u00e9pop\u00e9e d\u00e8s ses d\u00e9buts. Il fut en effet parmi ceux &hellip; <a href=\"http:\/\/www.terres-et-seigneurs-en-donziais.fr\/?p=3679\" class=\"more-link\">Continuer la lecture de <span class=\"screen-reader-text\">Donzy et la Terre Sainte<\/span> <span class=\"meta-nav\">&rarr;<\/span><\/a><\/p>\n","protected":false},"author":1,"featured_media":3683,"comment_status":"open","ping_status":"open","sticky":false,"template":"","format":"standard","meta":[],"categories":[1],"tags":[519,517,523,518,349,520,522,521],"_links":{"self":[{"href":"http:\/\/www.terres-et-seigneurs-en-donziais.fr\/index.php?rest_route=\/wp\/v2\/posts\/3679"}],"collection":[{"href":"http:\/\/www.terres-et-seigneurs-en-donziais.fr\/index.php?rest_route=\/wp\/v2\/posts"}],"about":[{"href":"http:\/\/www.terres-et-seigneurs-en-donziais.fr\/index.php?rest_route=\/wp\/v2\/types\/post"}],"author":[{"embeddable":true,"href":"http:\/\/www.terres-et-seigneurs-en-donziais.fr\/index.php?rest_route=\/wp\/v2\/users\/1"}],"replies":[{"embeddable":true,"href":"http:\/\/www.terres-et-seigneurs-en-donziais.fr\/index.php?rest_route=%2Fwp%2Fv2%2Fcomments&post=3679"}],"version-history":[{"count":38,"href":"http:\/\/www.terres-et-seigneurs-en-donziais.fr\/index.php?rest_route=\/wp\/v2\/posts\/3679\/revisions"}],"predecessor-version":[{"id":6571,"href":"http:\/\/www.terres-et-seigneurs-en-donziais.fr\/index.php?rest_route=\/wp\/v2\/posts\/3679\/revisions\/6571"}],"wp:featuredmedia":[{"embeddable":true,"href":"http:\/\/www.terres-et-seigneurs-en-donziais.fr\/index.php?rest_route=\/wp\/v2\/media\/3683"}],"wp:attachment":[{"href":"http:\/\/www.terres-et-seigneurs-en-donziais.fr\/index.php?rest_route=%2Fwp%2Fv2%2Fmedia&parent=3679"}],"wp:term":[{"taxonomy":"category","embeddable":true,"href":"http:\/\/www.terres-et-seigneurs-en-donziais.fr\/index.php?rest_route=%2Fwp%2Fv2%2Fcategories&post=3679"},{"taxonomy":"post_tag","embeddable":true,"href":"http:\/\/www.terres-et-seigneurs-en-donziais.fr\/index.php?rest_route=%2Fwp%2Fv2%2Ftags&post=3679"}],"curies":[{"name":"wp","href":"https:\/\/api.w.org\/{rel}","templated":true}]}}