{"id":3590,"date":"2016-01-27T10:05:04","date_gmt":"2016-01-27T09:05:04","guid":{"rendered":"http:\/\/www.terres-et-seigneurs-en-donziais.fr\/?p=3590"},"modified":"2024-03-13T18:41:18","modified_gmt":"2024-03-13T17:41:18","slug":"montbenoit-a-pougny","status":"publish","type":"post","link":"http:\/\/www.terres-et-seigneurs-en-donziais.fr\/?p=3590","title":{"rendered":"Montbeno\u00eet, \u00e0 Pougny"},"content":{"rendered":"<p style=\"text-align: justify;\"><span style=\"font-size: 16px;\"><strong>Le fief de Montbeno\u00eet, \u00e0 Pougny,\u00a0<\/strong>est rep\u00e9r\u00e9 depuis le XV\u00e8me si\u00e8cle, d\u00e9tenu par les Buxi\u00e8re, \u00e9galement seigneurs du Jarrier \u00e0 la Celle-sur-Loire.<\/span><\/p>\n<p style=\"text-align: justify;\"><span style=\"font-size: 16px;\">Cette famille de Buxi\u00e8re (ou Buxi\u00e8re, ou de La Buxi\u00e8re\u2026) venue du Berry en Nivernais, dont l\u2019origine r\u00e9put\u00e9e cosnoise ou donziaise\u00a0n\u2019est pas v\u00e9ritablement identifi\u00e9e (cf.\u00a0Villenaut), pourrait \u00eatre de la m\u00eame souche que les sires de La Bussi\u00e8re, tr\u00e8s implant\u00e9s en Puisaye\u00a0<strong><em>(voir notices\u00a0: <a href=\"http:\/\/www.terres-et-seigneurs-en-donziais.fr\/?p=1532\" target=\"_blank\" rel=\"noopener\">La Bru\u00e8re<\/a>, <a href=\"http:\/\/www.terres-et-seigneurs-en-donziais.fr\/?p=78\" target=\"_blank\" rel=\"noopener\">Guerchy<\/a> et <a href=\"http:\/\/www.terres-et-seigneurs-en-donziais.fr\/?p=94\" target=\"_blank\" rel=\"noopener\">La Bussi\u00e8re<\/a>, \u00e0 Treigny).<\/em><\/strong><\/span><\/p>\n<p style=\"text-align: justify;\"><span style=\"font-size: 16px;\">On ne voit aucune trace castrale dans le village de Montbeno\u00eet, situ\u00e9 sur une hauteur et\u00a0entour\u00e9 aujourd\u2019hui de vignobles.<\/span><\/p>\n<p style=\"text-align: justify;\"><span style=\"font-size: 16px;\">Un modeste\u00a0<strong>prieur\u00e9 b\u00e9n\u00e9dictin <\/strong>a exist\u00e9 \u00e0 Montbenoit, dot\u00e9 d&rsquo;un petit domaine foncier, aujourd&rsquo;hui disparu. D&rsquo;apr\u00e8s des recherches effectu\u00e9es par A. Boucher-Baudard, il aurait \u00e9t\u00e9 situ\u00e9 non loin de la gentilhommi\u00e8re de la fin du XVIII\u00e8me si\u00e8cle, dans le village. Un chemin aujourd&rsquo;hui effac\u00e9 conduisait du prieur\u00e9 \u00e0 l&rsquo;\u00e9glise de Pougny. Il est probable que ses terres furent acquise par les seigneurs la\u00efcs.<\/span><\/p>\n<p style=\"text-align: justify;\"><span style=\"font-size: 16px;\">Le fief de Montbenoit passe par alliance aux Ch\u00e9ry et aux Troussebois, avant d\u2019\u00eatre vendu aux Frappier (devenus Frappier de Montbeno\u00eet), originaires\u00a0de Donzy, vers 1600, qui le conservent jusqu\u2019\u00e0 la R\u00e9volution.<\/span><\/p>\n<p style=\"text-align: justify;\"><span style=\"color: #0000cd;\"><strong><em><span style=\"font-size: 16px;\">Voyez ci-dessous la notice d\u00e9taill\u00e9e, qu&rsquo;il faudrait compl\u00e9ter pour les origines, certainement plus anciennes, de ce fief.<\/span><\/em><\/strong><\/span><\/p>\n<p style=\"text-align: center;\"><span style=\"font-size: 18pt;\"><em><strong><a href=\"http:\/\/www.terres-et-seigneurs-en-donziais.fr\/wp-content\/uploads\/2016\/01\/Montbenoit-.pdf\" target=\"_blank\" rel=\"noopener\">Montbeno\u00eet <\/a><\/strong><\/em><\/span><em>(V3 du 23\/12\/21)<\/em><\/p>\n<p><a href=\"http:\/\/www.terres-et-seigneurs-en-donziais.fr\/wp-content\/uploads\/2015\/09\/D-enlumin\u00e9-e1443770692908.jpeg\"><img decoding=\"async\" loading=\"lazy\" class=\"alignnone size-full wp-image-1748\" src=\"http:\/\/www.terres-et-seigneurs-en-donziais.fr\/wp-content\/uploads\/2015\/09\/D-enlumin\u00e9-e1443770692908.jpeg\" alt=\"D enlumin\u00e9\" width=\"80\" height=\"80\" \/><\/a><\/p>\n<p style=\"text-align: justify;\">\n","protected":false},"excerpt":{"rendered":"<p>Le fief de Montbeno\u00eet, \u00e0 Pougny,\u00a0est rep\u00e9r\u00e9 depuis le XV\u00e8me si\u00e8cle, d\u00e9tenu par les Buxi\u00e8re, \u00e9galement seigneurs du Jarrier \u00e0 la Celle-sur-Loire. Cette famille de Buxi\u00e8re (ou Buxi\u00e8re, ou de La Buxi\u00e8re\u2026) venue du Berry en Nivernais, dont l\u2019origine r\u00e9put\u00e9e cosnoise ou donziaise\u00a0n\u2019est pas v\u00e9ritablement identifi\u00e9e (cf.\u00a0Villenaut), pourrait \u00eatre de la m\u00eame souche que les &hellip; <a href=\"http:\/\/www.terres-et-seigneurs-en-donziais.fr\/?p=3590\" class=\"more-link\">Continuer la lecture de <span class=\"screen-reader-text\">Montbeno\u00eet, \u00e0 Pougny<\/span> <span class=\"meta-nav\">&rarr;<\/span><\/a><\/p>\n","protected":false},"author":1,"featured_media":3220,"comment_status":"open","ping_status":"open","sticky":false,"template":"","format":"standard","meta":[],"categories":[11,5,42],"tags":[503,506,211,124,158,505],"_links":{"self":[{"href":"http:\/\/www.terres-et-seigneurs-en-donziais.fr\/index.php?rest_route=\/wp\/v2\/posts\/3590"}],"collection":[{"href":"http:\/\/www.terres-et-seigneurs-en-donziais.fr\/index.php?rest_route=\/wp\/v2\/posts"}],"about":[{"href":"http:\/\/www.terres-et-seigneurs-en-donziais.fr\/index.php?rest_route=\/wp\/v2\/types\/post"}],"author":[{"embeddable":true,"href":"http:\/\/www.terres-et-seigneurs-en-donziais.fr\/index.php?rest_route=\/wp\/v2\/users\/1"}],"replies":[{"embeddable":true,"href":"http:\/\/www.terres-et-seigneurs-en-donziais.fr\/index.php?rest_route=%2Fwp%2Fv2%2Fcomments&post=3590"}],"version-history":[{"count":15,"href":"http:\/\/www.terres-et-seigneurs-en-donziais.fr\/index.php?rest_route=\/wp\/v2\/posts\/3590\/revisions"}],"predecessor-version":[{"id":9107,"href":"http:\/\/www.terres-et-seigneurs-en-donziais.fr\/index.php?rest_route=\/wp\/v2\/posts\/3590\/revisions\/9107"}],"wp:featuredmedia":[{"embeddable":true,"href":"http:\/\/www.terres-et-seigneurs-en-donziais.fr\/index.php?rest_route=\/wp\/v2\/media\/3220"}],"wp:attachment":[{"href":"http:\/\/www.terres-et-seigneurs-en-donziais.fr\/index.php?rest_route=%2Fwp%2Fv2%2Fmedia&parent=3590"}],"wp:term":[{"taxonomy":"category","embeddable":true,"href":"http:\/\/www.terres-et-seigneurs-en-donziais.fr\/index.php?rest_route=%2Fwp%2Fv2%2Fcategories&post=3590"},{"taxonomy":"post_tag","embeddable":true,"href":"http:\/\/www.terres-et-seigneurs-en-donziais.fr\/index.php?rest_route=%2Fwp%2Fv2%2Ftags&post=3590"}],"curies":[{"name":"wp","href":"https:\/\/api.w.org\/{rel}","templated":true}]}}