{"id":218,"date":"2015-04-10T12:39:26","date_gmt":"2015-04-10T11:39:26","guid":{"rendered":"http:\/\/www.terres-et-seigneurs-en-donziais.fr\/?p=218"},"modified":"2024-10-01T08:51:07","modified_gmt":"2024-10-01T07:51:07","slug":"bellary","status":"publish","type":"post","link":"http:\/\/www.terres-et-seigneurs-en-donziais.fr\/?p=218","title":{"rendered":"Bellary, chartreuse de la for\u00eat"},"content":{"rendered":"<p style=\"text-align: center;\"><span style=\"color: #0000ff;\"><em>(En illustration : moines chartreux)<\/em><\/span><\/p>\n<p style=\"text-align: justify;\"><span style=\"color: #006400;\"><span style=\"font-size: 16px;\">Les restes imposants de <strong>la Chartreuse de Bellary<\/strong>, \u00e0 Ch\u00e2teauneuf, en bordure de la grande for\u00eat, t\u00e9moignent de ce que fut cette fondation au moyen-\u00e2ge.\u00a0<\/span><\/span><\/p>\n<p style=\"text-align: justify;\"><span style=\"color: #006400;\"><span style=\"font-size: 16px;\">La Chartreuse fut fond\u00e9e par Herv\u00e9 IV de Donzy et Mahaut de Courtenay sa femme\u00a0en 1209, en m\u00eame temps que <strong><a href=\"http:\/\/www.terres-et-seigneurs-en-donziais.fr\/?p=1849\" target=\"_blank\" rel=\"noopener\">l&rsquo;Epeau \u00e0 Donzy<\/a><\/strong> et <a href=\"http:\/\/www.terres-et-seigneurs-en-donziais.fr\/?p=4346\" target=\"_blank\" rel=\"noopener\"><strong>Coche<\/strong> <\/a>toute proche, \u00e0 Vielmanay. La donation fut confirm\u00e9e par une charte de Mahaut, devenue veuve,\u00a0en 1222. Des moines de <strong><a href=\"https:\/\/fr.wikipedia.org\/wiki\/Grande_Chartreuse\" target=\"_blank\" rel=\"noopener\">la Grande Chartreuse<\/a><\/strong> compos\u00e8rent la premi\u00e8re communaut\u00e9.\u00a0<\/span><\/span><\/p>\n<p style=\"text-align: justify;\"><span style=\"color: #006400;\"><span style=\"font-size: 16px;\">D\u00e8s lors elle connut un\u00a0grand d\u00e9veloppement et plus de trois si\u00e8cles de silence, de pri\u00e8re et de travaux agricoles, donn\u00e8rent une \u00e2me \u00e0 ces solitudes environn\u00e9es de bois.<\/span><\/span><\/p>\n<p style=\"text-align: justify;\"><span style=\"color: #006400;\"><span style=\"font-size: 16px;\">Mais Bellary, comme tous les \u00e9tablissements monastiques de la r\u00e9gion tomba sous la vindicte des huguenots qui y firent de grandes destructions, et elle ne fut que modestement restaur\u00e9e au d\u00e9but u XVII\u00e8me si\u00e8cle.\u00a0<\/span><\/span><\/p>\n<p style=\"text-align: justify;\"><span style=\"color: #006400;\"><span style=\"font-size: 16px;\">La R\u00e9volution et ses exc\u00e8s la trouv\u00e8rent peupl\u00e9e seule<\/span><\/span><span style=\"color: #006400;\"><span style=\"font-size: 16px;\">ment d&rsquo;un prieur et de quelques\u00a0moines, dont certains acquis aux id\u00e9es nouvelles. Ils furent dispers\u00e9s, les b\u00e2timents pill\u00e9s et les biens &#8211; terres, for\u00eats, moulins &#8211; vendus.<\/span><\/span><\/p>\n<p style=\"text-align: justify;\"><span style=\"color: #006400;\"><span style=\"font-size: 16px;\">Le site <strong><a href=\"http:\/\/cahiersduvaldebargis.free.fr\/bellary.htm\" target=\"_blank\" rel=\"noopener\">Cahiers-du-Val-de-Bargis<\/a><\/strong>, consacre \u00e0 Bellary des pages tr\u00e8s document\u00e9es et bien illustr\u00e9es.<\/span><\/span><\/p>\n<p style=\"text-align: justify;\"><span style=\"color: #0000ff;\"><strong><span style=\"font-size: 16px;\">Voyez ci-dessous une notice qui reprend, pour d\u00e9crire l&rsquo;histoire de Bellary, l&rsquo;essentiel\u00a0de l&rsquo;\u00e9tude que lui a consacr\u00e9e l&rsquo;abb\u00e9 L. Charrault, historien de Chateauneuf.\u00a0<\/span><\/strong><\/span><\/p>\n<p style=\"text-align: center;\"><span style=\"font-size: 24px;\"><strong><em><a href=\"http:\/\/www.terres-et-seigneurs-en-donziais.fr\/wp-content\/uploads\/2015\/04\/Chartreuse-de-Bellary1.pdf\" target=\"_blank\" rel=\"noopener\">Chartreuse de Bellary<\/a><\/em><\/strong><\/span><\/p>\n<p style=\"text-align: justify;\"><a href=\"http:\/\/www.terres-et-seigneurs-en-donziais.fr\/wp-content\/uploads\/2015\/09\/D-enlumin\u00e9-e1443770692908.jpeg\"><img decoding=\"async\" loading=\"lazy\" class=\"alignnone size-full wp-image-1748\" src=\"http:\/\/www.terres-et-seigneurs-en-donziais.fr\/wp-content\/uploads\/2015\/09\/D-enlumin\u00e9-e1443770692908.jpeg\" alt=\"D enlumin\u00e9\" width=\"80\" height=\"80\" \/><\/a><\/p>\n","protected":false},"excerpt":{"rendered":"<p>(En illustration : moines chartreux) Les restes imposants de la Chartreuse de Bellary, \u00e0 Ch\u00e2teauneuf, en bordure de la grande for\u00eat, t\u00e9moignent de ce que fut cette fondation au moyen-\u00e2ge.\u00a0 La Chartreuse fut fond\u00e9e par Herv\u00e9 IV de Donzy et Mahaut de Courtenay sa femme\u00a0en 1209, en m\u00eame temps que l&rsquo;Epeau \u00e0 Donzy et Coche &hellip; <a href=\"http:\/\/www.terres-et-seigneurs-en-donziais.fr\/?p=218\" class=\"more-link\">Continuer la lecture de <span class=\"screen-reader-text\">Bellary, chartreuse de la for\u00eat<\/span> <span class=\"meta-nav\">&rarr;<\/span><\/a><\/p>\n","protected":false},"author":1,"featured_media":3219,"comment_status":"open","ping_status":"open","sticky":false,"template":"","format":"standard","meta":[],"categories":[8,5],"tags":[364,211,365,216,349,215,400,217,144],"_links":{"self":[{"href":"http:\/\/www.terres-et-seigneurs-en-donziais.fr\/index.php?rest_route=\/wp\/v2\/posts\/218"}],"collection":[{"href":"http:\/\/www.terres-et-seigneurs-en-donziais.fr\/index.php?rest_route=\/wp\/v2\/posts"}],"about":[{"href":"http:\/\/www.terres-et-seigneurs-en-donziais.fr\/index.php?rest_route=\/wp\/v2\/types\/post"}],"author":[{"embeddable":true,"href":"http:\/\/www.terres-et-seigneurs-en-donziais.fr\/index.php?rest_route=\/wp\/v2\/users\/1"}],"replies":[{"embeddable":true,"href":"http:\/\/www.terres-et-seigneurs-en-donziais.fr\/index.php?rest_route=%2Fwp%2Fv2%2Fcomments&post=218"}],"version-history":[{"count":30,"href":"http:\/\/www.terres-et-seigneurs-en-donziais.fr\/index.php?rest_route=\/wp\/v2\/posts\/218\/revisions"}],"predecessor-version":[{"id":9214,"href":"http:\/\/www.terres-et-seigneurs-en-donziais.fr\/index.php?rest_route=\/wp\/v2\/posts\/218\/revisions\/9214"}],"wp:featuredmedia":[{"embeddable":true,"href":"http:\/\/www.terres-et-seigneurs-en-donziais.fr\/index.php?rest_route=\/wp\/v2\/media\/3219"}],"wp:attachment":[{"href":"http:\/\/www.terres-et-seigneurs-en-donziais.fr\/index.php?rest_route=%2Fwp%2Fv2%2Fmedia&parent=218"}],"wp:term":[{"taxonomy":"category","embeddable":true,"href":"http:\/\/www.terres-et-seigneurs-en-donziais.fr\/index.php?rest_route=%2Fwp%2Fv2%2Fcategories&post=218"},{"taxonomy":"post_tag","embeddable":true,"href":"http:\/\/www.terres-et-seigneurs-en-donziais.fr\/index.php?rest_route=%2Fwp%2Fv2%2Ftags&post=218"}],"curies":[{"name":"wp","href":"https:\/\/api.w.org\/{rel}","templated":true}]}}