{"id":1515,"date":"2015-08-12T06:14:07","date_gmt":"2015-08-12T05:14:07","guid":{"rendered":"http:\/\/www.terres-et-seigneurs-en-donziais.fr\/?p=1515"},"modified":"2021-10-02T11:12:25","modified_gmt":"2021-10-02T10:12:25","slug":"bretignelles-pougny","status":"publish","type":"post","link":"http:\/\/www.terres-et-seigneurs-en-donziais.fr\/?p=1515","title":{"rendered":"Br\u00e9tignelles"},"content":{"rendered":"<p style=\"text-align: center;\"><span style=\"color: #0000ff;\"><em><span style=\"font-size: 14px;\">(Illustration : le manoir-ferme de Br\u00e9tignelles)<\/span><\/em><\/span><\/p>\n<p style=\"text-align: justify;\"><span style=\"font-size: 16px;\"><strong>Br\u00e9tignelles<\/strong> \u00e9tait un fief ancien, \u00e0 Pougny, que les Vaillant de Gu\u00e9lis\u00a0conserv\u00e8rent trois si\u00e8cles durant\u00a0apr\u00e8s l&rsquo;avoir acquis\u00a0sans doute au XVI\u00e8 si\u00e8cle. Il para\u00eet avoir relev\u00e9\u00a0\u00e0 l&rsquo;origine de <a href=\"http:\/\/www.terres-et-seigneurs-en-donziais.fr\/?p=88\" target=\"_blank\" rel=\"noopener\"><strong>La Motte-Josserand<\/strong><\/a>, et fit un temps partie\u00a0des biens du <a href=\"http:\/\/www.terres-et-seigneurs-en-donziais.fr\/?p=1853\" target=\"_blank\" rel=\"noopener\"><strong>Prieur\u00e9 N.-D. du Pr\u00e9<\/strong><\/a>. <\/span><\/p>\n<p style=\"text-align: justify;\"><span style=\"font-size: 16px;\">Il passa aux <strong><a href=\"http:\/\/racineshistoire.free.fr\/LGN\/PDF\/Lamoignon.pdf\" target=\"_blank\" rel=\"noopener\">Lamoignon<\/a>,<\/strong> une famille \u00e9minemment donziaise,\u00a0par l\u2019alliance d\u2019Alixan\u00a0de la Tournelle &#8211; d&rsquo;une famille originaire du Morvan (<strong><a href=\"http:\/\/www.patrimoinedumorvan.org\/inventaire-historique\/edifices-religieux-et-chateaux-chateaux\/chateau-fort-motte-maison-forte-9\" target=\"_blank\" rel=\"noopener\">Arleuf<\/a><\/strong>) &#8211;\u00a0puis aux d\u2019Armes, <strong>sgr de <a href=\"http:\/\/www.terres-et-seigneurs-en-donziais.fr\/?p=82\" target=\"_blank\" rel=\"noopener\">Vergers<\/a> <em>(voir cette fiche).<\/em><\/strong><\/span><\/p>\n<p style=\"text-align: justify;\"><span style=\"font-size: 16px;\">Le vieux manoir subsiste, assez d\u00e9grad\u00e9, au coeur d&rsquo;un domaine agricole.<\/span><\/p>\n<p style=\"text-align: justify;\"><span style=\"font-size: 16px;\">Br\u00e9tignelles para\u00eet avoir eu un destin f\u00e9odal associ\u00e9 en grande partie \u00e0 celui de <strong><a href=\"http:\/\/www.terres-et-seigneurs-en-donziais.fr\/?p=134\" target=\"_blank\" rel=\"noopener\">Villargeau<\/a><\/strong> voisin.<\/span><\/p>\n<p style=\"text-align: justify;\"><span style=\"color: #0000ff;\"><strong><span style=\"font-size: 16px;\">Voyez ci-dessous une notice<\/span><\/strong><strong><span style=\"font-size: 16px;\">, qui reste toutefois \u00e0 compl\u00e9ter :<\/span><\/strong><\/span><\/p>\n<p style=\"text-align: center;\"><strong><em><span style=\"font-size: 22px;\"><a href=\"http:\/\/www.terres-et-seigneurs-en-donziais.fr\/wp-content\/uploads\/2015\/08\/Bre\u0301tignelles-.pdf\" target=\"_blank\" rel=\"noopener\">Bre\u0301tignelles<\/a>\u00a0<\/span><\/em><\/strong><span style=\"font-size: 18px;\"><em>(V9 du 2\/10\/21)<\/em><\/span><\/p>\n<p><a href=\"http:\/\/www.terres-et-seigneurs-en-donziais.fr\/wp-content\/uploads\/2015\/09\/D-enlumin\u00e9-e1443770692908.jpeg\"><img decoding=\"async\" loading=\"lazy\" class=\"alignnone size-full wp-image-1748\" src=\"http:\/\/www.terres-et-seigneurs-en-donziais.fr\/wp-content\/uploads\/2015\/09\/D-enlumin\u00e9-e1443770692908.jpeg\" alt=\"D enlumin\u00e9\" width=\"80\" height=\"80\" \/><\/a><\/p>\n","protected":false},"excerpt":{"rendered":"<p>(Illustration : le manoir-ferme de Br\u00e9tignelles) Br\u00e9tignelles \u00e9tait un fief ancien, \u00e0 Pougny, que les Vaillant de Gu\u00e9lis\u00a0conserv\u00e8rent trois si\u00e8cles durant\u00a0apr\u00e8s l&rsquo;avoir acquis\u00a0sans doute au XVI\u00e8 si\u00e8cle. Il para\u00eet avoir relev\u00e9\u00a0\u00e0 l&rsquo;origine de La Motte-Josserand, et fit un temps partie\u00a0des biens du Prieur\u00e9 N.-D. du Pr\u00e9. Il passa aux Lamoignon, une famille \u00e9minemment donziaise,\u00a0par l\u2019alliance &hellip; <a href=\"http:\/\/www.terres-et-seigneurs-en-donziais.fr\/?p=1515\" class=\"more-link\">Continuer la lecture de <span class=\"screen-reader-text\">Br\u00e9tignelles<\/span> <span class=\"meta-nav\">&rarr;<\/span><\/a><\/p>\n","protected":false},"author":1,"featured_media":1609,"comment_status":"open","ping_status":"open","sticky":false,"template":"","format":"standard","meta":[],"categories":[11,5,42],"tags":[58,211,157,69,400,158,156],"_links":{"self":[{"href":"http:\/\/www.terres-et-seigneurs-en-donziais.fr\/index.php?rest_route=\/wp\/v2\/posts\/1515"}],"collection":[{"href":"http:\/\/www.terres-et-seigneurs-en-donziais.fr\/index.php?rest_route=\/wp\/v2\/posts"}],"about":[{"href":"http:\/\/www.terres-et-seigneurs-en-donziais.fr\/index.php?rest_route=\/wp\/v2\/types\/post"}],"author":[{"embeddable":true,"href":"http:\/\/www.terres-et-seigneurs-en-donziais.fr\/index.php?rest_route=\/wp\/v2\/users\/1"}],"replies":[{"embeddable":true,"href":"http:\/\/www.terres-et-seigneurs-en-donziais.fr\/index.php?rest_route=%2Fwp%2Fv2%2Fcomments&post=1515"}],"version-history":[{"count":33,"href":"http:\/\/www.terres-et-seigneurs-en-donziais.fr\/index.php?rest_route=\/wp\/v2\/posts\/1515\/revisions"}],"predecessor-version":[{"id":7495,"href":"http:\/\/www.terres-et-seigneurs-en-donziais.fr\/index.php?rest_route=\/wp\/v2\/posts\/1515\/revisions\/7495"}],"wp:featuredmedia":[{"embeddable":true,"href":"http:\/\/www.terres-et-seigneurs-en-donziais.fr\/index.php?rest_route=\/wp\/v2\/media\/1609"}],"wp:attachment":[{"href":"http:\/\/www.terres-et-seigneurs-en-donziais.fr\/index.php?rest_route=%2Fwp%2Fv2%2Fmedia&parent=1515"}],"wp:term":[{"taxonomy":"category","embeddable":true,"href":"http:\/\/www.terres-et-seigneurs-en-donziais.fr\/index.php?rest_route=%2Fwp%2Fv2%2Fcategories&post=1515"},{"taxonomy":"post_tag","embeddable":true,"href":"http:\/\/www.terres-et-seigneurs-en-donziais.fr\/index.php?rest_route=%2Fwp%2Fv2%2Ftags&post=1515"}],"curies":[{"name":"wp","href":"https:\/\/api.w.org\/{rel}","templated":true}]}}