{"id":132,"date":"2015-04-06T17:54:24","date_gmt":"2015-04-06T16:54:24","guid":{"rendered":"http:\/\/www.terres-et-seigneurs-en-donziais.fr\/?p=132"},"modified":"2024-10-01T08:47:02","modified_gmt":"2024-10-01T07:47:02","slug":"tracy","status":"publish","type":"post","link":"http:\/\/www.terres-et-seigneurs-en-donziais.fr\/?p=132","title":{"rendered":"Tracy, au coeur du vignoble"},"content":{"rendered":"<p style=\"text-align: center;\"><span style=\"color: #0000ff;\"><span style=\"font-size: 14px;\"><em>(Illustration : ch\u00e2teau et vignoble de Tracy)<\/em><\/span><\/span><\/p>\n<p style=\"text-align: justify;\"><span style=\"font-size: 16px;\">Prolongeant vers le nord les coteaux du <strong><a href=\"http:\/\/www.pouilly-fume.com\/pouilly.html\" target=\"_blank\" rel=\"noopener noreferrer\">vignoble de Pouilly-sur-Loire<\/a><\/strong>, ceux de <strong>Tracy<\/strong> descendent vers le fleuve. Mais\u00a0du ch\u00e2teau f\u00e9odal qui, entre les tours de Cosne et celles de La Charit\u00e9, gardait les rives de la Loire, il ne reste que les souterrains. Le comportement de son seigneur n\u2019est s\u00fbrement pas \u00e9tranger \u00e0 sa disparition :\u00a0il avait pactis\u00e9\u00a0avec les anglais au d\u00e9but de la Guerre de Cent Ans.<\/span><\/p>\n<p style=\"text-align: justify;\"><span style=\"font-size: 16px;\">Au XV\u00e8me si\u00e8cle fief de Tracy est aux mains des Corquilleray dont un repr\u00e9sentant, Guillaume, est Pr\u00e9v\u00f4t des mar\u00e9chaux en 1489. Au si\u00e8cle suivant, sa fille l\u2019apporte en mariage \u00e0 Michel des Rivauldes qui, en 1571, est l\u2019un des cent gentilshommes de la maison du roi Henri III.\u00a0Aux environs de 1580, Tracy passe \u00e0 Fran\u00e7oise de Bar (sur cette famille voir \u00ab\u00a0<strong><a href=\"https:\/\/books.google.fr\/books?id=OCQH2OfZ1HEC&amp;pg=PA764&amp;lpg=PA764&amp;dq=famille+de+bar+berry&amp;source=bl&amp;ots=sVIkuFKVbD&amp;sig=GL66b5yFKoc5XdeIYlzN-5ZugzE&amp;hl=fr&amp;sa=X&amp;ei=A2-RVdCxM4qzUayJoIAL&amp;ved=0CC0Q6AEwBA#v=onepage&amp;q=famille%20de%20bar%20berry&amp;f=false\" target=\"_blank\" rel=\"noopener noreferrer\">Histoire du Berry<\/a><\/strong>\u00a0\u00bb de La Thaumassi\u00e8re), dont le p\u00e8re, seigneur de <a href=\"https:\/\/chateaudeburanlure.com\/\" target=\"_blank\" rel=\"noopener\"><strong>Buranlure<\/strong><\/a>, en Sancerrois, \u00e9tait gouverneur et ma\u00eetre des eaux et for\u00eats du comt\u00e9 de Sancerre. Devenue veuve une seconde fois, elle\u00a0choisit son mari,\u00a0<strong>Fran\u00e7ois Stutt<\/strong>, parmi les gentilshommes de la garde du roi\u00a0;\u00a0successivement attach\u00e9 aux rois Henri III puis Henri IV.<\/span><\/p>\n<p style=\"text-align: justify;\"><span style=\"font-size: 16px;\">Par ce mariage le fief de Tracy passa aux mains de cette famille \u00e9cossaise dont les anc\u00eatres, apparent\u00e9s \u00e0 la famille royale d\u2019Ecosse, suivirent les Stuart lorsqu\u2019ils vinrent au secours du dauphin pour bouter hors les anglais. Walter Stutt en 1419, puis en 1427 ses quatre fils combattirent sous les ordres de <strong><a href=\"http:\/\/fr.wikipedia.org\/wiki\/John_Stuart_(3e_comte_de_Buchan)\" target=\"_blank\" rel=\"noopener noreferrer\">John\u00a0Stuart, Conn\u00e9table de France<\/a><\/strong>.\u00a0Ils appartenaient aux vingt-cinq archers de la <strong><a href=\"http:\/\/fr.wikipedia.org\/wiki\/Garde_\u00e9cossaise_(France)\" target=\"_blank\" rel=\"noopener noreferrer\">garde \u00e9cossaise du corps du roi<\/a><\/strong>, r\u00e9put\u00e9s pour leurs costumes et leurs parures qui \u00e9taient d\u2019une telle richesse qu\u2019on les appelait les Orfavriers.<\/span><\/p>\n<p style=\"text-align: justify;\"><span style=\"font-size: 16px;\">En r\u00e9compense de ses services et de sa fid\u00e9lit\u00e9, Charles VII avait fait don en 1445 \u00e0 Walter Stutt du <strong><a href=\"http:\/\/patrimoine-de-france.com\/loiret\/beaulieu-sur-loire\/chateau-d-assay-2.php\" target=\"_blank\" rel=\"noopener noreferrer\">fief d\u2019Assay (\u00e0 Beaulieu-sur-Loire)<\/a><\/strong>. Pour sa part Louis XI accorda une \u00ab\u00a0charte de naturalit\u00e9\u00a0\u00bb \u00e0 Thomas Stutt, dont Fran\u00e7ois \u00e9tait le descendant.\u00a0Les droits des Stutt ayant \u00e9t\u00e9 contest\u00e9s, la paix revenue, ils furent confirm\u00e9s par un arr\u00eat du Grand Conseil tenu \u00e0 Bourges en 1489. A\u00a0la suite de\u00a0 cette d\u00e9cision,\u00a0les Stutt prirent la devise\u00a0: \u00ab\u00a0<em>Don bien acquis<\/em>\u00a0\u00bb, qui figure encore sur le porche du ch\u00e2teau.<\/span><\/p>\n<p style=\"text-align: justify;\"><span style=\"font-size: 16px;\">Depuis cette \u00e9poque, Tracy est toujours demeur\u00e9 dans cette famille. <\/span><span style=\"font-size: 16px;\">Suivant la tradition leurs repr\u00e9sentants firent carri\u00e8re dans les armes et plusieurs d\u2019entre eux connurent une certaine c\u00e9l\u00e9brit\u00e9, et notamment\u00a0<strong><a href=\"http:\/\/fr.wikipedia.org\/wiki\/Antoine_Destutt_de_Tracy\" target=\"_blank\" rel=\"noopener noreferrer\">Antoine d&rsquo;Estutt de Tracy<\/a><\/strong>, qui d\u00e9buta dans les mousquetaires en 1770 et devint mar\u00e9chal de camp en 1792. D\u00e9put\u00e9 de la noblesse de la s\u00e9n\u00e9chauss\u00e9e du Bourbonnais aux Etats g\u00e9n\u00e9raux de 1789, acquis aux id\u00e9es lib\u00e9rales, il fut du nombre des gentilshommes qui se r\u00e9unirent aux repr\u00e9sentants du tiers-\u00e9tat.\u00a0Arr\u00eat\u00e9 sous la Terreur en 1793, emprisonn\u00e9 aux Carmes, il fut lib\u00e9r\u00e9 \u00e0 Thermidor. Disciple de Buffon et de Lavoisier, il fut ensuite celui de Condillac\u00a0; on lui doit un <a href=\"https:\/\/books.google.fr\/books?id=7V6LSFvo9CcC&amp;pg=PA54&amp;lpg=PA54&amp;dq=%22essai+sur+le+g\u00e9nie+et+les+ouvrages+de+montesquieu%22&amp;source=bl&amp;ots=1-Lj-CdndN&amp;sig=57_J1bBkhULE4MBJXli29dxCnL0&amp;hl=fr&amp;sa=X&amp;ved=0CCYQ6AEwAWoVChMI1r2C7t6MxgIVQrkUCh2JoABi#v=onepage&amp;q=%22essai%20sur%20le%20g\u00e9nie%20et%20les%20ouvrages%20de%20montesquieu%22&amp;f=false\" target=\"_blank\" rel=\"noopener noreferrer\"><strong>\u00ab\u00a0<em>Essai sur le g\u00e9nie et les ouvrages de Montesquieu\u00a0<\/em>\u00bb<\/strong>.<\/a> Entr\u00e9 \u00e0 l\u2019Acad\u00e9mie fran\u00e7aise en 1808, membre du S\u00e9nat sous Napol\u00e9on Ier, puis de la Chambre des Pairs en 1815, il fut unanimement aim\u00e9 pour sa g\u00e9n\u00e9rosit\u00e9 et l\u2019\u00e9l\u00e9vation de son esprit.<\/span><\/p>\n<p style=\"text-align: justify;\"><span style=\"font-size: 16px;\">Son fils <strong><a href=\"http:\/\/fr.wikipedia.org\/wiki\/Victor_Destutt_de_Tracy\" target=\"_blank\" rel=\"noopener noreferrer\">Victor d&rsquo;Estutt de Tracy<\/a><\/strong>, apr\u00e8s avoir particip\u00e9 aux campagnes napol\u00e9onniennes, lui aussi d\u2019esprit lib\u00e9ral, ministre de la Marine en 1848, avait \u00e9pous\u00e9, en 1816 <strong><a href=\"http:\/\/www.chateaudeparay.com\/historique\/\" target=\"_blank\" rel=\"noopener noreferrer\">Sarah Newton<\/a><\/strong>, petite-ni\u00e8ce du c\u00e9l\u00e8bre physicien, \u00e0 laquelle on doit \u00e9galement une \u0153uvre litt\u00e9raire.<\/span><\/p>\n<p style=\"text-align: justify;\">\u00a0 \u00a0 \u00a0 \u00a0 \u00a0 \u00a0 \u00a0 \u00a0 \u00a0 \u00a0 \u00a0 \u00a0 \u00a0 \u00a0 \u00a0 \u00a0 \u00a0 \u00a0 \u00a0 \u00a0 \u00a0 \u00a0 \u00a0 \u00a0 \u00a0\u00a0<a href=\"http:\/\/www.terres-et-seigneurs-en-donziais.fr\/wp-content\/uploads\/2015\/04\/1327169825historique-e1434201431163.jpg\"><img decoding=\"async\" loading=\"lazy\" class=\"alignnone size-medium wp-image-995\" src=\"http:\/\/www.terres-et-seigneurs-en-donziais.fr\/wp-content\/uploads\/2015\/04\/1327169825historique-e1434201431163-300x162.jpg\" alt=\"1327169825historique\" width=\"300\" height=\"162\" srcset=\"http:\/\/www.terres-et-seigneurs-en-donziais.fr\/wp-content\/uploads\/2015\/04\/1327169825historique-e1434201431163-300x162.jpg 300w, http:\/\/www.terres-et-seigneurs-en-donziais.fr\/wp-content\/uploads\/2015\/04\/1327169825historique-e1434201431163.jpg 561w\" sizes=\"(max-width: 300px) 100vw, 300px\" \/><\/a><\/p>\n<p style=\"text-align: justify;\">\u00a0 \u00a0 \u00a0 \u00a0 \u00a0 \u00a0 \u00a0 \u00a0 \u00a0 \u00a0 \u00a0 \u00a0 \u00a0 \u00a0 \u00a0 \u00a0 \u00a0 \u00a0 \u00a0 \u00a0 \u00a0 \u00a0 \u00a0 \u00a0 \u00a0 \u00a0 \u00a0 \u00a0 \u00a0 \u00a0 \u00a0<em>Sarah Newton,\u00a0ctesse d&rsquo;Estutt de Tracy<\/em><\/p>\n<p style=\"text-align: justify;\"><span style=\"font-size: 16px;\">Le ch\u00e2teau de Tracy a \u00e9t\u00e9 construit au XV\u00e8me si\u00e8cle pr\u00e8s de l\u2019emplacement d\u2019une demeure plus ancienne dont il ne reste que les souterrains. Remani\u00e9 au XVI\u00e8me si\u00e8cle, ce nouveau ch\u00e2teau a \u00e9t\u00e9 en partie reconstruit au XIX\u00e8me. Il est toujours \u00e0 la t\u00eate d&rsquo;un prestigieux vignoble (voyez le site du <strong><a href=\"http:\/\/chateau-de-tracy.com\/grands-vins\/chateau-de-pouilly\/\" target=\"_blank\" rel=\"noopener noreferrer\">Chateau de Tracy<\/a><\/strong>)<\/span><\/p>\n<p style=\"text-align: justify;\"><span style=\"color: #0000ff;\"><strong><span style=\"font-size: 16px;\">Voyez ci-dessous la suite des seigneurs connus de Tracy, \u00e0 partir du XV\u00e8 si\u00e8cle, et aidez-nous \u00e0 la compl\u00e9ter&#8230;<\/span><\/strong><\/span><\/p>\n<p style=\"text-align: center;\"><span style=\"font-size: 22px;\"><strong><em><a href=\"http:\/\/www.terres-et-seigneurs-en-donziais.fr\/wp-content\/uploads\/2015\/04\/Tracy.pdf\" target=\"_blank\" rel=\"noopener noreferrer\">Tracy<\/a>\u00a0<\/em><\/strong><\/span><span style=\"font-size: 16px;\"><em>(V5 am\u00e9lior\u00e9e le 13\/5\/19)<\/em><\/span><\/p>\n<p style=\"text-align: justify;\"><a href=\"http:\/\/www.terres-et-seigneurs-en-donziais.fr\/wp-content\/uploads\/2015\/09\/D-enlumin\u00e9-e1443770692908.jpeg\"><img decoding=\"async\" loading=\"lazy\" class=\"alignnone size-full wp-image-1748\" src=\"http:\/\/www.terres-et-seigneurs-en-donziais.fr\/wp-content\/uploads\/2015\/09\/D-enlumin\u00e9-e1443770692908.jpeg\" alt=\"D enlumin\u00e9\" width=\"80\" height=\"80\" \/><\/a><\/p>\n<p>&nbsp;<\/p>\n","protected":false},"excerpt":{"rendered":"<p>(Illustration : ch\u00e2teau et vignoble de Tracy) Prolongeant vers le nord les coteaux du vignoble de Pouilly-sur-Loire, ceux de Tracy descendent vers le fleuve. Mais\u00a0du ch\u00e2teau f\u00e9odal qui, entre les tours de Cosne et celles de La Charit\u00e9, gardait les rives de la Loire, il ne reste que les souterrains. Le comportement de son seigneur &hellip; <a href=\"http:\/\/www.terres-et-seigneurs-en-donziais.fr\/?p=132\" class=\"more-link\">Continuer la lecture de <span class=\"screen-reader-text\">Tracy, au coeur du vignoble<\/span> <span class=\"meta-nav\">&rarr;<\/span><\/a><\/p>\n","protected":false},"author":1,"featured_media":989,"comment_status":"open","ping_status":"open","sticky":false,"template":"","format":"standard","meta":[],"categories":[38,44,5,41],"tags":[174,49,260,265,211,50,266,400,263,264,262],"_links":{"self":[{"href":"http:\/\/www.terres-et-seigneurs-en-donziais.fr\/index.php?rest_route=\/wp\/v2\/posts\/132"}],"collection":[{"href":"http:\/\/www.terres-et-seigneurs-en-donziais.fr\/index.php?rest_route=\/wp\/v2\/posts"}],"about":[{"href":"http:\/\/www.terres-et-seigneurs-en-donziais.fr\/index.php?rest_route=\/wp\/v2\/types\/post"}],"author":[{"embeddable":true,"href":"http:\/\/www.terres-et-seigneurs-en-donziais.fr\/index.php?rest_route=\/wp\/v2\/users\/1"}],"replies":[{"embeddable":true,"href":"http:\/\/www.terres-et-seigneurs-en-donziais.fr\/index.php?rest_route=%2Fwp%2Fv2%2Fcomments&post=132"}],"version-history":[{"count":38,"href":"http:\/\/www.terres-et-seigneurs-en-donziais.fr\/index.php?rest_route=\/wp\/v2\/posts\/132\/revisions"}],"predecessor-version":[{"id":9213,"href":"http:\/\/www.terres-et-seigneurs-en-donziais.fr\/index.php?rest_route=\/wp\/v2\/posts\/132\/revisions\/9213"}],"wp:featuredmedia":[{"embeddable":true,"href":"http:\/\/www.terres-et-seigneurs-en-donziais.fr\/index.php?rest_route=\/wp\/v2\/media\/989"}],"wp:attachment":[{"href":"http:\/\/www.terres-et-seigneurs-en-donziais.fr\/index.php?rest_route=%2Fwp%2Fv2%2Fmedia&parent=132"}],"wp:term":[{"taxonomy":"category","embeddable":true,"href":"http:\/\/www.terres-et-seigneurs-en-donziais.fr\/index.php?rest_route=%2Fwp%2Fv2%2Fcategories&post=132"},{"taxonomy":"post_tag","embeddable":true,"href":"http:\/\/www.terres-et-seigneurs-en-donziais.fr\/index.php?rest_route=%2Fwp%2Fv2%2Ftags&post=132"}],"curies":[{"name":"wp","href":"https:\/\/api.w.org\/{rel}","templated":true}]}}