{"id":116,"date":"2015-04-06T17:46:43","date_gmt":"2015-04-06T16:46:43","guid":{"rendered":"http:\/\/www.terres-et-seigneurs-en-donziais.fr\/?p=116"},"modified":"2024-09-13T09:29:08","modified_gmt":"2024-09-13T08:29:08","slug":"le-tremblay","status":"publish","type":"post","link":"http:\/\/www.terres-et-seigneurs-en-donziais.fr\/?p=116","title":{"rendered":"Le Tremblay &#8211; Le Deffand"},"content":{"rendered":"<p style=\"text-align: center;\"><span style=\"color: #0000ff;\"><span style=\"font-size: 14px;\"><em>(Illustration : ch\u00e2teau du Tremblay)<\/em><\/span><\/span><\/p>\n<p style=\"text-align: justify;\"><span style=\"font-size: 16px;\">C&rsquo;est en 1408 que l&rsquo;on trouve le premier document faisant \u00e9tat du <strong>fief du Tremblay, \u00e0 Fontenoy<\/strong>,\u00a0ch\u00e2tellenie de Saint-Sauveur. Cet acte ratifie l&rsquo;\u00e9change que fit Pierre du Deffand de sa succession contre le Tremblay, fief\u00a0d&rsquo;un certain\u00a0Hugues Trissonneau. Il sera conserv\u00e9 quatre si\u00e8cles par la m\u00eame famille,\u00a0jusqu&rsquo;\u00e0 l&rsquo;extinction du nom en 1813.\u00a0<\/span><\/p>\n<p style=\"text-align: justify;\"><span style=\"font-size: 16px;\">Le Deffand, \u00e0 Saints, fief d&rsquo;origine de la famille &#8211; aujourd&rsquo;hui une r\u00e9sidence de tourisme &#8211; n&rsquo;est pas bien loin<em>.<\/em><\/span><\/p>\n<p>Voyez aussi la notice g\u00e9n\u00e9alogique consacr\u00e9e \u00e0 cette famille : <span style=\"font-size: 14pt;\"><em><strong><a href=\"http:\/\/www.terres-et-seigneurs-en-donziais.fr\/wp-content\/uploads\/2020\/03\/du-Deffand.pdf\" target=\"_blank\" rel=\"noopener noreferrer\">Famille du Deffand<\/a><\/strong><\/em><\/span><\/p>\n<p style=\"text-align: justify;\"><span style=\"font-size: 16px;\">Les du Deffand du\u00a0Tremblay n&rsquo;occup\u00e8rent jamais des postes tr\u00e8s en vue. Leur nom est toutefois c\u00e9l\u00e8bre dans le monde des lettres gr\u00e2ce\u00a0\u00e0 l&rsquo;\u00e9pouse de l&rsquo;un d&rsquo;eux :\u00a0Marie de Vichy-Champrond,\u00a0femme de Jean Baptiste\u00a0du Deffand, \u00ab\u00a0<a href=\"https:\/\/fr.wikipedia.org\/wiki\/Madame_du_Deffand\" target=\"_blank\" rel=\"noopener noreferrer\"><strong>Madame du Deffand<\/strong><\/a>\u00ab\u00a0, une femme brillante et libre du Si\u00e8cle\u00a0des Lumi\u00e8res, amie de Voltaire notamment,\u00a0qui anima l&rsquo;un plus des c\u00e9l\u00e8bres salons litt\u00e9raires parisiens de son temps, et fut l&rsquo;auteur d&rsquo;une <strong><a href=\"http:\/\/gallica.bnf.fr\/ark:\/12148\/bpt6k2063902\" target=\"_blank\" rel=\"noopener noreferrer\">correspondance<\/a><\/strong> remarquable.<\/span><\/p>\n<p style=\"text-align: justify;\">\u00a0 \u00a0 \u00a0 \u00a0 \u00a0 \u00a0 \u00a0 \u00a0 \u00a0 \u00a0 \u00a0 \u00a0 \u00a0 \u00a0 \u00a0 \u00a0 \u00a0 \u00a0 \u00a0 \u00a0 \u00a0 \u00a0 \u00a0 \u00a0 \u00a0 \u00a0 \u00a0 \u00a0 \u00a0 \u00a0\u00a0<a href=\"http:\/\/www.terres-et-seigneurs-en-donziais.fr\/wp-content\/uploads\/2015\/04\/MarieduDeffand-transparent.png\"><img decoding=\"async\" loading=\"lazy\" class=\"alignnone size-full wp-image-1282\" src=\"http:\/\/www.terres-et-seigneurs-en-donziais.fr\/wp-content\/uploads\/2015\/04\/MarieduDeffand-transparent.png\" alt=\"MarieduDeffand-transparent\" width=\"220\" height=\"257\" \/><\/a><\/p>\n<p style=\"text-align: justify;\"><span style=\"font-size: 16px;\">Le Tremblay accueille aujourd&rsquo;hui le <a href=\"http:\/\/cracdutremblay.fr\" target=\"_blank\" rel=\"noopener noreferrer\"><strong>Centre\u00a0r\u00e9gional d&rsquo;art contemporain de Bourgogne<\/strong><\/a>.<\/span><\/p>\n<p style=\"text-align: justify;\"><span style=\"color: #0000ff;\"><strong><em><span style=\"font-size: 16px;\">V<\/span><\/em><span style=\"font-size: 16px;\">oyez ci-joint\u00a0la notice qui pr\u00e9sente la suite des seigneurs du Tremblay :<\/span><\/strong><\/span><\/p>\n<p style=\"text-align: center;\"><span style=\"font-size: 22px;\"><strong><em><a href=\"http:\/\/www.terres-et-seigneurs-en-donziais.fr\/wp-content\/uploads\/2015\/04\/Le-Tremblay-.pdf\" target=\"_blank\" rel=\"noopener\">Le Tremblay<\/a>\u00a0<\/em><\/strong><\/span><span style=\"font-size: 16px;\"><em>(V6 du 14\/9\/21)<\/em><\/span><\/p>\n<p style=\"text-align: justify;\"><a href=\"http:\/\/www.terres-et-seigneurs-en-donziais.fr\/wp-content\/uploads\/2015\/09\/D-enlumin\u00e9-e1443770692908.jpeg\"><img decoding=\"async\" loading=\"lazy\" class=\"alignnone size-full wp-image-1748\" src=\"http:\/\/www.terres-et-seigneurs-en-donziais.fr\/wp-content\/uploads\/2015\/09\/D-enlumin\u00e9-e1443770692908.jpeg\" alt=\"D enlumin\u00e9\" width=\"80\" height=\"80\" \/><\/a><\/p>\n<p style=\"text-align: justify;\">\n","protected":false},"excerpt":{"rendered":"<p>(Illustration : ch\u00e2teau du Tremblay) C&rsquo;est en 1408 que l&rsquo;on trouve le premier document faisant \u00e9tat du fief du Tremblay, \u00e0 Fontenoy,\u00a0ch\u00e2tellenie de Saint-Sauveur. Cet acte ratifie l&rsquo;\u00e9change que fit Pierre du Deffand de sa succession contre le Tremblay, fief\u00a0d&rsquo;un certain\u00a0Hugues Trissonneau. Il sera conserv\u00e9 quatre si\u00e8cles par la m\u00eame famille,\u00a0jusqu&rsquo;\u00e0 l&rsquo;extinction du nom en &hellip; <a href=\"http:\/\/www.terres-et-seigneurs-en-donziais.fr\/?p=116\" class=\"more-link\">Continuer la lecture de <span class=\"screen-reader-text\">Le Tremblay &#8211; Le Deffand<\/span> <span class=\"meta-nav\">&rarr;<\/span><\/a><\/p>\n","protected":false},"author":1,"featured_media":1072,"comment_status":"open","ping_status":"open","sticky":false,"template":"","format":"standard","meta":[],"categories":[20,326,45,6],"tags":[282,167,283,166,168],"_links":{"self":[{"href":"http:\/\/www.terres-et-seigneurs-en-donziais.fr\/index.php?rest_route=\/wp\/v2\/posts\/116"}],"collection":[{"href":"http:\/\/www.terres-et-seigneurs-en-donziais.fr\/index.php?rest_route=\/wp\/v2\/posts"}],"about":[{"href":"http:\/\/www.terres-et-seigneurs-en-donziais.fr\/index.php?rest_route=\/wp\/v2\/types\/post"}],"author":[{"embeddable":true,"href":"http:\/\/www.terres-et-seigneurs-en-donziais.fr\/index.php?rest_route=\/wp\/v2\/users\/1"}],"replies":[{"embeddable":true,"href":"http:\/\/www.terres-et-seigneurs-en-donziais.fr\/index.php?rest_route=%2Fwp%2Fv2%2Fcomments&post=116"}],"version-history":[{"count":39,"href":"http:\/\/www.terres-et-seigneurs-en-donziais.fr\/index.php?rest_route=\/wp\/v2\/posts\/116\/revisions"}],"predecessor-version":[{"id":9191,"href":"http:\/\/www.terres-et-seigneurs-en-donziais.fr\/index.php?rest_route=\/wp\/v2\/posts\/116\/revisions\/9191"}],"wp:featuredmedia":[{"embeddable":true,"href":"http:\/\/www.terres-et-seigneurs-en-donziais.fr\/index.php?rest_route=\/wp\/v2\/media\/1072"}],"wp:attachment":[{"href":"http:\/\/www.terres-et-seigneurs-en-donziais.fr\/index.php?rest_route=%2Fwp%2Fv2%2Fmedia&parent=116"}],"wp:term":[{"taxonomy":"category","embeddable":true,"href":"http:\/\/www.terres-et-seigneurs-en-donziais.fr\/index.php?rest_route=%2Fwp%2Fv2%2Fcategories&post=116"},{"taxonomy":"post_tag","embeddable":true,"href":"http:\/\/www.terres-et-seigneurs-en-donziais.fr\/index.php?rest_route=%2Fwp%2Fv2%2Ftags&post=116"}],"curies":[{"name":"wp","href":"https:\/\/api.w.org\/{rel}","templated":true}]}}