{"id":112,"date":"2015-04-06T17:44:46","date_gmt":"2015-04-06T16:44:46","guid":{"rendered":"http:\/\/www.terres-et-seigneurs-en-donziais.fr\/?p=112"},"modified":"2021-09-18T10:17:11","modified_gmt":"2021-09-18T09:17:11","slug":"le-colombier","status":"publish","type":"post","link":"http:\/\/www.terres-et-seigneurs-en-donziais.fr\/?p=112","title":{"rendered":"Le Colombier"},"content":{"rendered":"<p style=\"text-align: center;\"><span style=\"color: #0000ff;\"><span style=\"font-size: 14px;\"><em>(En illustration : armes de Mullot)<\/em><\/span><\/span><\/p>\n<p style=\"text-align: justify;\"><span style=\"font-size: 16px;\">Le petit ch\u00e2teau du <strong>Colombier<\/strong>, pr\u00e8s d&rsquo;Etais-la-Sauvin, a \u00e9t\u00e9 le si\u00e8ge d&rsquo;une seigneurie d\u00e9tenue par la\u00a0famille de Mullot,\u00a0depuis l&rsquo;origine\u00a0au d\u00e9but du\u00a0XVI\u00e8me si\u00e8cle.<\/span><\/p>\n<p style=\"text-align: justify;\"><span style=\"font-size: 16px;\">L&rsquo;\u00e9minent g\u00e9n\u00e9alogiste Adolphe de Villenaut, auteur du \u00ab\u00a0<em><strong><a href=\"http:\/\/gallica.bnf.fr\/ark:\/12148\/bpt6k55028292.r=mullot+de+villenaut.langFR\" target=\"_blank\" rel=\"noopener\">Nobiliaire du Nivernois<\/a><\/strong><\/em>\u00a0\u00bb\u00a0en \u00e9tait issu.<\/span><\/p>\n<p style=\"text-align: justify;\"><span style=\"color: #0000ff;\"><strong><span style=\"font-size: 16px;\">Voyez la notice qui pr\u00e9sente les diff\u00e9rentes g\u00e9n\u00e9rations titulaires du Colombier et leurs alliances, jusqu&rsquo;\u00e0 la R\u00e9volution :<\/span><\/strong><\/span><\/p>\n<p style=\"text-align: center;\"><span style=\"font-size: 18pt;\"><strong><em><a href=\"http:\/\/www.terres-et-seigneurs-en-donziais.fr\/wp-content\/uploads\/2015\/04\/Le-Colombier.pdf\" target=\"_blank\" rel=\"noopener\">Le Colombier <\/a><\/em><\/strong><span style=\"color: #000000;\"><em><a style=\"color: #000000;\" href=\"http:\/\/www.terres-et-seigneurs-en-donziais.fr\/wp-content\/uploads\/2015\/04\/Le-Colombier.pdf\" target=\"_blank\" rel=\"noopener\"><span style=\"font-size: 14pt;\">(V. compl\u00e9t\u00e9e du 17\/9\/21)<\/span><\/a><\/em><\/span><\/span><\/p>\n<p style=\"text-align: justify;\"><a href=\"http:\/\/www.terres-et-seigneurs-en-donziais.fr\/wp-content\/uploads\/2015\/09\/D-enlumin\u00e9-e1443770692908.jpeg\"><img decoding=\"async\" loading=\"lazy\" class=\"alignnone size-full wp-image-1748\" src=\"http:\/\/www.terres-et-seigneurs-en-donziais.fr\/wp-content\/uploads\/2015\/09\/D-enlumin\u00e9-e1443770692908.jpeg\" alt=\"D enlumin\u00e9\" width=\"80\" height=\"80\" \/><\/a><\/p>\n","protected":false},"excerpt":{"rendered":"<p>(En illustration : armes de Mullot) Le petit ch\u00e2teau du Colombier, pr\u00e8s d&rsquo;Etais-la-Sauvin, a \u00e9t\u00e9 le si\u00e8ge d&rsquo;une seigneurie d\u00e9tenue par la\u00a0famille de Mullot,\u00a0depuis l&rsquo;origine\u00a0au d\u00e9but du\u00a0XVI\u00e8me si\u00e8cle. L&rsquo;\u00e9minent g\u00e9n\u00e9alogiste Adolphe de Villenaut, auteur du \u00ab\u00a0Nobiliaire du Nivernois\u00a0\u00bb\u00a0en \u00e9tait issu. Voyez la notice qui pr\u00e9sente les diff\u00e9rentes g\u00e9n\u00e9rations titulaires du Colombier et leurs alliances, jusqu&rsquo;\u00e0 &hellip; <a href=\"http:\/\/www.terres-et-seigneurs-en-donziais.fr\/?p=112\" class=\"more-link\">Continuer la lecture de <span class=\"screen-reader-text\">Le Colombier<\/span> <span class=\"meta-nav\">&rarr;<\/span><\/a><\/p>\n","protected":false},"author":1,"featured_media":1196,"comment_status":"open","ping_status":"open","sticky":false,"template":"","format":"standard","meta":[],"categories":[11,32,5,4],"tags":[291,288,289,290],"_links":{"self":[{"href":"http:\/\/www.terres-et-seigneurs-en-donziais.fr\/index.php?rest_route=\/wp\/v2\/posts\/112"}],"collection":[{"href":"http:\/\/www.terres-et-seigneurs-en-donziais.fr\/index.php?rest_route=\/wp\/v2\/posts"}],"about":[{"href":"http:\/\/www.terres-et-seigneurs-en-donziais.fr\/index.php?rest_route=\/wp\/v2\/types\/post"}],"author":[{"embeddable":true,"href":"http:\/\/www.terres-et-seigneurs-en-donziais.fr\/index.php?rest_route=\/wp\/v2\/users\/1"}],"replies":[{"embeddable":true,"href":"http:\/\/www.terres-et-seigneurs-en-donziais.fr\/index.php?rest_route=%2Fwp%2Fv2%2Fcomments&post=112"}],"version-history":[{"count":19,"href":"http:\/\/www.terres-et-seigneurs-en-donziais.fr\/index.php?rest_route=\/wp\/v2\/posts\/112\/revisions"}],"predecessor-version":[{"id":7465,"href":"http:\/\/www.terres-et-seigneurs-en-donziais.fr\/index.php?rest_route=\/wp\/v2\/posts\/112\/revisions\/7465"}],"wp:featuredmedia":[{"embeddable":true,"href":"http:\/\/www.terres-et-seigneurs-en-donziais.fr\/index.php?rest_route=\/wp\/v2\/media\/1196"}],"wp:attachment":[{"href":"http:\/\/www.terres-et-seigneurs-en-donziais.fr\/index.php?rest_route=%2Fwp%2Fv2%2Fmedia&parent=112"}],"wp:term":[{"taxonomy":"category","embeddable":true,"href":"http:\/\/www.terres-et-seigneurs-en-donziais.fr\/index.php?rest_route=%2Fwp%2Fv2%2Fcategories&post=112"},{"taxonomy":"post_tag","embeddable":true,"href":"http:\/\/www.terres-et-seigneurs-en-donziais.fr\/index.php?rest_route=%2Fwp%2Fv2%2Ftags&post=112"}],"curies":[{"name":"wp","href":"https:\/\/api.w.org\/{rel}","templated":true}]}}